{"id":992,"date":"2021-03-10T06:51:47","date_gmt":"2021-03-10T06:51:47","guid":{"rendered":"https:\/\/cor.borbolycsaba.ro\/ro\/?p=992"},"modified":"2021-03-10T06:51:47","modified_gmt":"2021-03-10T06:51:47","slug":"o-mai-buna-legislatie-a-ue-cor-lanseaza-regional-hubs-2-0-centre-regionale-2-0-pentru-a-monitoriza-functionarea-politicilor-ue-pe-teren","status":"publish","type":"post","link":"https:\/\/cor.borbolycsaba.ro\/ro\/?p=992","title":{"rendered":"O mai bun\u0103 legisla\u021bie a UE: CoR lanseaz\u0103 Regional hubs 2.0 (Centre regionale 2.0), pentru a monitoriza func\u021bionarea politicilor UE pe teren"},"content":{"rendered":"<p><i><span style=\"font-weight: 400;\">\u00cen urma crizei provocate de pandemia de COVID-19, cet\u0103\u021benii se a\u0219teapt\u0103 ca UE s\u0103 ofere r\u0103spunsuri eficace: proiectul \u201eCentre regionale 2.0\u201d al Comitetului European al Regiunilor contribuie la evaluarea modului \u00een care UE \u00ee\u0219i \u00eendepline\u0219te obiectivele prin intermediul unei re\u021bele re\u00eennoite, care reune\u0219te 46 de membri, 10\u00a0observatori \u0219i un organism asociat<\/span><\/i><span style=\"font-weight: 400;\">\u00a0<\/span><\/p>\n<p><b>Ast\u0103zi, Comitetul European al Regiunilor a lansat o nou\u0103 genera\u021bie a <\/b><a href=\"https:\/\/cor.europa.eu\/ro\/news\/Pages\/new-reghub-2-0-members.aspx\"><b>centrelor regionale<\/b> <\/a><b>, pentru a monitoriza legisla\u021bia UE pe teren \u0219i a garanta c\u0103 opinia a sute de p\u0103r\u021bi interesate de la nivel regional \u0219i local este luat\u0103 \u00een considerare \u00een evaluarea politicii UE. <\/b><a href=\"https:\/\/cor.europa.eu\/en\/engage\/Documents\/RegHub\/new-reghub-2-0-members.pdf\"><b>Noile centre<\/b> <\/a><b>cuprind 46 de membri, 10 observatori \u0219i un organism asociat, \u0219i alc\u0103tuiesc un subgrup al <\/b><a href=\"https:\/\/ec.europa.eu\/info\/law\/law-making-process\/evaluating-and-improving-existing-laws\/refit-making-eu-law-simpler-less-costly-and-future-proof\/fit-future-platform-f4f_ro\"><b>platformei \u201ePreg\u0103ti\u021bi pentru viitor\u201d<\/b> <\/a><b>din cadrul Comisiei Europene. La lansare a participat \u0219i <\/b><a href=\"https:\/\/ec.europa.eu\/commission\/commissioners\/2019-2024\/sefcovic_en\"><b>Maro\u0161 \u0160ef\u010dovi\u010d<\/b> <\/a><b>, vicepre\u0219edintele Comisiei Europene pentru rela\u021bii interinstitu\u021bionale \u0219i prospectiv\u0103. Lansarea a avut loc dup\u0103 o etap\u0103-pilot, care a dovedit eficacitatea centrelor regionale \u00een monitorizarea punerii \u00een aplicare a legisla\u021biei \u00een cinci domenii de politici ale UE, \u0219i \u00een comunicarea rezultatelor prin intermediul CoR c\u0103tre Comisia European\u0103, Parlamentul European \u0219i Consiliu.<\/b><span style=\"font-weight: 400;\">\u00a0<\/span><\/p>\n<p><a href=\"https:\/\/cor.europa.eu\/ro\/about\/president\/Pages\/president.aspx\"><b>Apostolos Tzitzikostas<\/b> <\/a><span style=\"font-weight: 400;\">, pre\u0219edintele Comitetului European al Regiunilor, a declarat: \u201eSalut c\u0103lduros noua genera\u021bie de centre regionale. Punctele de contact ale centrelor regionale s-au dovedit a fi deosebit de eficiente \u00een reducerea decalajului \u00een materie de consultare dintre Bruxelles \u0219i regiunile noastre. Ele ob\u021bin feedback direct de la cei care observ\u0103 zi de zi impactul politicilor UE asupra vie\u021bii oamenilor \u0219i pot oferi Comisiei Europene informa\u021bii \u0219i contribu\u021bii valoroase privind sporirea eficacit\u0103\u021bii acestor politici. De exemplu, mul\u021bumit\u0103 punctelor noastre de contact, Comisia va putea s\u0103-\u0219i \u00eembun\u0103t\u0103\u021beasc\u0103 evaluarea Directivei privind asisten\u021ba medical\u0103 transfrontalier\u0103, pe baza informa\u021biilor despre experien\u021ba spitalelor regionale din estul Sloveniei p\u00e2n\u0103 \u00een Alentejo\u201d <\/span><i><span style=\"font-weight: 400;\">.<\/span><\/i><span style=\"font-weight: 400;\">\u00a0<\/span><\/p>\n<p><span style=\"font-weight: 400;\">\u00cen deschiderea evenimentului de lansare, <\/span><a href=\"https:\/\/ec.europa.eu\/commission\/commissioners\/2019-2024\/sefcovic_en\"><b>Maro\u0161 \u0160ef\u010dovi\u010d<\/b> <\/a><span style=\"font-weight: 400;\">, vicepre\u0219edintele Comisiei Europene pentru rela\u021bii interinstitu\u021bionale \u0219i prospectiv\u0103, a declarat: \u201eAm pl\u0103cerea de a ura bun venit <\/span><i><span style=\"font-weight: 400;\">RegHub 2.0<\/span><\/i><span style=\"font-weight: 400;\"> pe platforma \u00abPreg\u0103ti\u021bi pentru viitor\u00bb, creat\u0103 pentru simplificarea \u0219i modernizarea legilor UE, prin reducerea birocra\u021biei. Autorit\u0103\u021bile locale \u0219i regionale vor juca un rol esen\u021bial, av\u00e2nd \u00een vedere perspectiva lor unic\u0103 asupra celor mai afecta\u021bi \u00een mod direct. Contribu\u021biile lor cu privire la planificarea \u0219i autorizarea infrastructurii de secol XXI vor avea o importan\u021b\u0103 deosebit\u0103. \u00centruc\u00e2t dorim s\u0103 relans\u0103m economia Europei prin investi\u021bii \u00een infrastructur\u0103 ecologic\u0103, digital\u0103, dar \u0219i medical\u0103, acest lucru poate avea un impact real pe teren\u201d.\u00a0<\/span><\/p>\n<p><a href=\"https:\/\/cor.europa.eu\/RO\/members\/Pages\/Delegation.aspx?country=Ireland\"><b>Michael Murphy<\/b> <\/a><b>(IE-PPE)<\/b><span style=\"font-weight: 400;\"> , membru al Consiliului Comitatului Tipperary \u0219i pre\u0219edintele Comisiei pentru politica economic\u0103 (ECON) a CoR, a afirmat: \u201eDe la \u00eenfiin\u021barea sa \u00een urm\u0103 cu doi ani, <\/span><i><span style=\"font-weight: 400;\">RegHub<\/span><\/i><span style=\"font-weight: 400;\"> a fost gestionat de Comisia ECON, al c\u0103rei pre\u0219edinte sunt. Am deosebita pl\u0103cere de a asista la lansarea <\/span><i><span style=\"font-weight: 400;\">RegHub 2.0<\/span><\/i><span style=\"font-weight: 400;\"> \u0219i de a constata care au fost realiz\u0103rile re\u021belei p\u00e2n\u0103 acum. Dezbaterile de ast\u0103zi confirm\u0103 c\u0103 o mai bun\u0103 legiferare \u0219i elaborarea de politici bazate pe date concrete nu ar trebui s\u0103 fie doar ni\u0219te vorbe goale ale \u00abbulei de la Bruxelles\u00bb. Acestea ar trebui s\u0103 fie fundamentul reglement\u0103rilor europene \u0219i s\u0103 ia \u00een considerare experien\u021ba ora\u0219elor \u0219i regiunilor noastre. Sunt mul\u021bumit c\u0103 pot contribui la acest efort \u0219i a\u0219tept cu interes s\u0103 m\u0103 implic \u00een activit\u0103\u021bile din urm\u0103toarele luni, pentru a ajuta la realizarea acestui obiectiv\u201d.\u00a0<\/span><\/p>\n<p><a href=\"https:\/\/cor.europa.eu\/RO\/members\/Pages\/Delegation.aspx?country=Germany\"><b>Mark Speich<\/b> <\/a><b>(DE-PPE)<\/b><span style=\"font-weight: 400;\"> , secretar de stat pentru afaceri federale, europene \u0219i interna\u021bionale al Landului Renania de Nord-Westfalia \u2013 una dintre regiunile participante la re\u021beaua <\/span><i><span style=\"font-weight: 400;\">RegHub 2.0<\/span><\/i><span style=\"font-weight: 400;\"> \u2013 \u0219i pre\u0219edintele Comisiei pentru cet\u0103\u021benie, guvernan\u021b\u0103, afaceri externe \u0219i institu\u021bionale ( <\/span><a href=\"https:\/\/cor.europa.eu\/ro\/our-work\/Pages\/civex.aspx\"><b>CIVEX<\/b> <\/a><span style=\"font-weight: 400;\">) a CoR a declarat: \u201eConsult\u0103rile din cadrul re\u021belei <\/span><i><span style=\"font-weight: 400;\">RegHub<\/span><\/i><span style=\"font-weight: 400;\"> ofer\u0103 cet\u0103\u021benilor, \u00eentreprinderilor, \u00een special IMM-urilor \u0219i serviciilor publice, oportunitatea de a-\u0219i \u00eemp\u0103rt\u0103\u0219i experien\u021ba legat\u0103 de punerea \u00een aplicare a legisla\u021biei UE. Acest lucru \u00eenseamn\u0103 \u0219i c\u0103 re\u021beaua face mai bine auzit\u0103 vocea cet\u0103\u021benilor \u0219i a actorilor economici la nivelul UE. Ast\u0103zi, re\u021beaua <\/span><i><span style=\"font-weight: 400;\">RegHub<\/span><\/i><span style=\"font-weight: 400;\"> este recunoscut\u0103 oficial ca parte a platformei \u00abPreg\u0103ti\u021bi pentru viitor\u00bb din cadrul Comisiei Europene. \u00cen consecin\u021b\u0103, nu numai re\u021beaua <\/span><i><span style=\"font-weight: 400;\">RegHub<\/span><\/i><span style=\"font-weight: 400;\"> , ci \u0219i to\u021bi cet\u0103\u021benii \u0219i actorii economici vor avea mai mult\u0103 influen\u021b\u0103 direct\u0103 \u0219i vor exercita un mai mare impact asupra legisla\u021biei europene. \u00cen acela\u0219i timp, consult\u0103rile din cadrul <\/span><i><span style=\"font-weight: 400;\">RegHub<\/span><\/i><span style=\"font-weight: 400;\"> vor consolida \u0219i vor extinde baza de date a avizelor formulate pe platform\u0103\u201d.\u00a0<\/span><\/p>\n<p><span style=\"font-weight: 400;\">Programul de lucru al noii genera\u021bii <\/span><i><span style=\"font-weight: 400;\">RegHub 2.0<\/span><\/i><span style=\"font-weight: 400;\"> \u0219i domeniile de expertiz\u0103 vor fi definite dup\u0103 sesiunea plenar\u0103 a platformei \u201ePreg\u0103ti\u021bi pentru viitor\u201d, care va avea loc la 4 martie \u0219i va stabili care politici UE urmeaz\u0103 s\u0103 fie examinate.\u00a0<\/span><\/p>\n<p><b>Context:<\/b><span style=\"font-weight: 400;\">\u00a0<\/span><\/p>\n<p><b>\u2212<\/b> <a href=\"https:\/\/cor.europa.eu\/ro\/engage\/Pages\/network-regional-hubs-implementation-assessment.aspx\"><b>\u201eRe\u021beaua de centre regionale\u201d (<\/b> <b><i>RegHub<\/i><\/b> <b>)<\/b> <\/a><span style=\"font-weight: 400;\">: 70\u00a0% din legisla\u021bia UE este pus\u0103 \u00een aplicare la nivel local \u0219i regional. Prin urmare, autorit\u0103\u021bile locale \u0219i regionale de\u021bin o experien\u021b\u0103 direct\u0103 valoroas\u0103 \u00een aplicarea legisla\u021biei UE, fiind \u00een contact direct cu \u00eentreprinderile de la nivel local, cu partenerii sociali, societatea civil\u0103 \u0219i cet\u0103\u021benii. \u00cen avizele sale, CoR reflect\u0103 \u00een mod oficial pozi\u021bia autorit\u0103\u021bilor locale \u0219i regionale fa\u021b\u0103 de propunerile legislative ale Uniunii. Cu toate acestea, cuno\u0219tin\u021bele de\u021binute de aceste autorit\u0103\u021bi trebuie valorificate \u00eentr-un stadiu mai timpuriu al procesului legislativ al UE, pentru a se profita astfel de experien\u021ba lor \u00een punerea \u00een aplicare a legisla\u021biei europene. <\/span><i><span style=\"font-weight: 400;\">RegHub<\/span><\/i><span style=\"font-weight: 400;\"> r\u0103spunde acestei necesit\u0103\u021bi prin colectarea unor astfel de cuno\u0219tin\u021be tehnice \u201ede pe teren\u201d \u0219i prin transmiterea acestora c\u0103tre Comisia European\u0103 \u0219i c\u0103tre cei doi legiuitori, pentru a contribui la analize, evalu\u0103ri \u0219i verific\u0103ri ale adecv\u0103rii. \u00cen calitatea sa de reprezentant institu\u021bional al regiunilor \u0219i ora\u0219elor din UE, CoR de\u021bine o pozi\u021bie privilegiat\u0103 \u00een ceea ce prive\u0219te colectarea contribu\u021biilor tuturor autorit\u0103\u021bilor locale \u0219i regionale \u00een scopul men\u021bionat. Din acest motiv, CoR a lansat, \u00een 2019, un proiect-pilot const\u00e2nd \u00eentr-o re\u021bea regional\u0103 pentru revizuirea punerii \u00een aplicare a politicilor UE. Ini\u021biativa a plecat de la una dintre recomand\u0103rile <\/span><a href=\"http:\/\/portal.cor.europa.eu\/subsidiarity\/TaskForce\/Pages\/welcome.aspx\"><b>Grupului operativ privind subsidiaritatea<\/b> <\/a><span style=\"font-weight: 400;\">, creat de pre\u0219edintele Comisiei Europene \u00een cursul primului semestru al anului 2018. Re\u021beaua const\u0103 din \u201epuncte de contact\u201d specifice care sunt membri ai personalului unei administra\u021bii locale sau regionale ce colecteaz\u0103 feedback tehnic de la p\u0103r\u021bile interesate cu privire la experien\u021ba lor de punere \u00een aplicare \u201epe teren\u201d a politicilor UE existente. Astfel, re\u021beaua adaug\u0103 perspectiva local\u0103 \u0219i regional\u0103 la elaborarea politicilor UE, asigur\u00e2ndu-i o baz\u0103 de date concrete mai cuprinz\u0103toare.\u00a0<\/span><\/p>\n<p><span style=\"font-weight: 400;\">\u2212<\/span> <a href=\"https:\/\/ec.europa.eu\/info\/law\/law-making-process\/evaluating-and-improving-existing-laws\/refit-making-eu-law-simpler-less-costly-and-future-proof\/fit-future-platform-f4f_ro\"><b>Platforma \u201ePreg\u0103ti\u021bi pentru viitor\u201d<\/b> <\/a><span style=\"font-weight: 400;\">: Comisia European\u0103 va \u021bine seama de opiniile platformei, pentru a se asigura c\u0103 legisla\u021bia UE sprijin\u0103, \u0219i nu \u00eempiedic\u0103 activitatea cet\u0103\u021benilor \u0219i a \u00eentreprinderilor, \u00een special a \u00eentreprinderilor mici \u0219i mijlocii. Activitatea platformei se va concentra asupra temelor eviden\u021biate \u00eentr-un program de lucru anual. Pentru fiecare tem\u0103, platforma va colecta dovezi de la diferite p\u0103r\u021bi interesate publice \u0219i private cu privire la poten\u021bialul de simplificare \u0219i reducere a costurilor inutile ale anumitor acte legislative europene, f\u0103r\u0103 a submina \u00eendeplinirea obiectivelor acestora. Platforma va emite apoi avize care s\u0103 \u021bin\u0103 seama de posibilit\u0103\u021bile de digitalizare \u0219i de densitatea legislativ\u0103. Aceste eforturi se \u00eenscriu \u00een Agenda Comisiei Europene privind o mai bun\u0103 legiferare. Comitetul European al Regiunilor este prezent \u00een cadrul Grupului reprezentan\u021bilor guvernelor al platformei prin trei dintre cei \u0219ase pre\u0219edin\u021bi de comisii ai CoR, al\u0103turi de 27 de reprezentan\u021bi ai guvernelor din statele membre ale UE.\u00a0<\/span><\/p>\n<p>&nbsp;<\/p>\n","protected":false},"excerpt":{"rendered":"<p>\u00cen urma crizei provocate de pandemia de COVID-19, cet\u0103\u021benii se a\u0219teapt\u0103 ca UE s\u0103 ofere r\u0103spunsuri eficace: proiectul \u201eCentre regionale 2.0\u201d al Comitetului European al Regiunilor contribuie la evaluarea modului \u00een care UE \u00ee\u0219i \u00eendepline\u0219te obiectivele prin intermediul unei re\u021bele re\u00eennoite, care reune\u0219te 46 de membri, 10\u00a0observatori \u0219i un organism asociat\u00a0 Ast\u0103zi, Comitetul European al [&hellip;]<\/p>\n","protected":false},"author":1,"featured_media":993,"comment_status":"open","ping_status":"closed","sticky":false,"template":"","format":"standard","meta":{"_bbp_topic_count":0,"_bbp_reply_count":0,"_bbp_total_topic_count":0,"_bbp_total_reply_count":0,"_bbp_voice_count":0,"_bbp_anonymous_reply_count":0,"_bbp_topic_count_hidden":0,"_bbp_reply_count_hidden":0,"_bbp_forum_subforum_count":0,"footnotes":""},"categories":[84],"tags":[],"_links":{"self":[{"href":"https:\/\/cor.borbolycsaba.ro\/ro\/index.php?rest_route=\/wp\/v2\/posts\/992"}],"collection":[{"href":"https:\/\/cor.borbolycsaba.ro\/ro\/index.php?rest_route=\/wp\/v2\/posts"}],"about":[{"href":"https:\/\/cor.borbolycsaba.ro\/ro\/index.php?rest_route=\/wp\/v2\/types\/post"}],"author":[{"embeddable":true,"href":"https:\/\/cor.borbolycsaba.ro\/ro\/index.php?rest_route=\/wp\/v2\/users\/1"}],"replies":[{"embeddable":true,"href":"https:\/\/cor.borbolycsaba.ro\/ro\/index.php?rest_route=%2Fwp%2Fv2%2Fcomments&post=992"}],"version-history":[{"count":1,"href":"https:\/\/cor.borbolycsaba.ro\/ro\/index.php?rest_route=\/wp\/v2\/posts\/992\/revisions"}],"predecessor-version":[{"id":994,"href":"https:\/\/cor.borbolycsaba.ro\/ro\/index.php?rest_route=\/wp\/v2\/posts\/992\/revisions\/994"}],"wp:featuredmedia":[{"embeddable":true,"href":"https:\/\/cor.borbolycsaba.ro\/ro\/index.php?rest_route=\/wp\/v2\/media\/993"}],"wp:attachment":[{"href":"https:\/\/cor.borbolycsaba.ro\/ro\/index.php?rest_route=%2Fwp%2Fv2%2Fmedia&parent=992"}],"wp:term":[{"taxonomy":"category","embeddable":true,"href":"https:\/\/cor.borbolycsaba.ro\/ro\/index.php?rest_route=%2Fwp%2Fv2%2Fcategories&post=992"},{"taxonomy":"post_tag","embeddable":true,"href":"https:\/\/cor.borbolycsaba.ro\/ro\/index.php?rest_route=%2Fwp%2Fv2%2Ftags&post=992"}],"curies":[{"name":"wp","href":"https:\/\/api.w.org\/{rel}","templated":true}]}}