{"id":985,"date":"2021-02-15T12:34:08","date_gmt":"2021-02-15T12:34:08","guid":{"rendered":"https:\/\/cor.borbolycsaba.ro\/ro\/?p=985"},"modified":"2021-02-15T12:34:08","modified_gmt":"2021-02-15T12:34:08","slug":"finantarea-proiectelor-pilot-la-nivel-local-ar-sprijini-obiectivele-agendei-pentru-competente-in-europa","status":"publish","type":"post","link":"https:\/\/cor.borbolycsaba.ro\/ro\/?p=985","title":{"rendered":"Finan\u021barea proiectelor-pilot la nivel local ar sprijini obiectivele Agendei pentru competen\u021be \u00een Europa."},"content":{"rendered":"<p><b>Comitetul European al Regiunilor (CoR) sus\u021bine c\u0103 <\/b><a href=\"https:\/\/ec.europa.eu\/social\/main.jsp?catId=1223&amp;langId=en\"><b>Noua agend\u0103 pentru competen\u021be \u00een Europa<\/b> <\/a><b>ar trebui s\u0103 \u021bin\u0103 seama mai bine de rolul major pe care \u00eel joac\u0103 ora\u0219ele \u0219i regiunile \u00een sprijinirea \u0219i dezvoltarea politicilor \u0219i a infrastructurii legate de competen\u021be \u00een majoritatea statelor membre. Raportorul Csaba Borboly (RO-PPE), pre\u0219edintele Consiliului Jude\u021bean Harghita, a prezentat <\/b><a href=\"https:\/\/cor.europa.eu\/ro\/our-work\/Pages\/OpinionTimeline.aspx?opId=CDR-3878-2020\"><b>avizul CoR<\/b> <\/a><b>miercuri, \u00een sesiunea plenar\u0103.<\/b><span style=\"font-weight: 400;\">\u00a0<\/span><\/p>\n<p><span style=\"font-weight: 400;\">Comitetul consider\u0103 c\u0103 <\/span><a href=\"https:\/\/ec.europa.eu\/social\/main.jsp?catId=1517&amp;langId=ro\"><b>Pactul pentru competen\u021be<\/b> <\/a><span style=\"font-weight: 400;\">, lansat recent, poate juca un rol important \u00een sprijinirea unei redres\u0103ri echitabile \u0219i reziliente \u0219i \u00een orientarea eforturilor autorit\u0103\u021bilor locale \u0219i regionale (ALR) de a crea o for\u021b\u0103 de munc\u0103 calificat\u0103 pentru transformarea ecologic\u0103 \u0219i digital\u0103.\u00a0<\/span><\/p>\n<p><span style=\"font-weight: 400;\">\u201eInvesti\u021bia \u00een oameni este cea mai bun\u0103 investi\u021bie posibil\u0103. Pentru a \u00eendeplini priorit\u0103\u021bile \u0219i obiectivele UE legate de relansarea economiei \u00een perioada de dup\u0103 pandemie, \u00een era digital\u0103 \u0219i \u00een tranzi\u021bia c\u0103tre economia verde, trebuie s\u0103 depunem eforturi pentru a dezvolta competen\u021bele for\u021bei de munc\u0103 \u0219i rezilien\u021ba la tendin\u021bele \u00een continu\u0103 schimbare care afecteaz\u0103 toate regiunile. Prin urmare, avizul CoR privind Agenda pentru competen\u021be este dedicat comunit\u0103\u021bilor noastre, viitorului lor \u00een ceea ce prive\u0219te for\u021ba de munc\u0103 \u0219i viitorului economiei UE\u201d, afirm\u0103 raportorul, dl Borboly.\u00a0<\/span><\/p>\n<p><span style=\"font-weight: 400;\">Avizul CoR subliniaz\u0103 c\u0103 este necesar\u0103 colaborarea cu p\u0103r\u021bile interesate de la nivel local \u0219i regional, pentru a \u00een\u021belege mai bine nevoile \u0219i oportunit\u0103\u021bile legate de competen\u021be \u00een fiecare ora\u0219 sau regiune. Raportorul sugereaz\u0103 Comisiei Europene s\u0103 sprijine \u00een mod direct proiectele-pilot de la nivel local \u00een domeniul educa\u021biei \u0219i form\u0103rii.\u00a0<\/span><\/p>\n<p><span style=\"font-weight: 400;\">\u201eDac\u0103 Comisia European\u0103 ar face eforturi pentru a stabili leg\u0103turi directe cu autorit\u0103\u021bile locale \u0219i regionale interesate de accelerarea asigur\u0103rii fondurilor UE pentru proiecte-pilot, ac\u021biunile s-ar putea desf\u0103\u0219ura mult mai rapid \u0219i mai eficient. Parteneriatele locale \u0219i regionale dintre autorit\u0103\u021bile locale \u0219i regionale, grupurile de exper\u021bi, reprezentan\u021bii angajatorilor \u0219i furnizorii de educa\u021bie \u0219i formare reprezint\u0103 \u0219i cel mai rapid mod de a \u00een\u021belege cum se asigur\u0103 \u00een mod eficace dob\u00e2ndirea competen\u021belor la nivel regional. Astfel de parteneriate pot impulsiona schimb\u0103rile la nivel local \u0219i regional, prin consolidarea cuno\u0219tin\u021belor, a \u00een\u021belegerii \u0219i a \u00eencrederii \u0219i prin implicarea tuturor p\u0103r\u021bilor interesate\u201d, sugereaz\u0103 raportorul Csaba Borboly \u00eentr-un <\/span><a href=\"https:\/\/cor.europa.eu\/ro\/news\/Pages\/interview-Csaba-Borboly-.aspx\"><b>interviu<\/b> <\/a><span style=\"font-weight: 400;\">publicat s\u0103pt\u0103m\u00e2na aceasta pe site-ul CoR.\u00a0<\/span><\/p>\n<p><span style=\"font-weight: 400;\">Avizul dlui Borboly avertizeaz\u0103 c\u0103 disparit\u0103\u021bile regionale sunt generate de decalajul \u00een materie de competen\u021be, iar diferen\u021bele dintre ele risc\u0103 s\u0103 se amplifice la nivelul UE dac\u0103 politicile locale \u0219i regionale nu sunt bine concepute \u0219i nu sunt finan\u021bate \u00een mod corespunz\u0103tor. El subliniaz\u0103 c\u0103 orice interven\u021bie politic\u0103 trebuie adaptat\u0103 contextului regional, \u00eentruc\u00e2t o abordare universal valabil\u0103 nu func\u021bioneaz\u0103.\u00a0<\/span><\/p>\n<p><span style=\"font-weight: 400;\">Av\u00e2nd \u00een vedere criza COVID-19, avizul subliniaz\u0103 necesitatea de a \u00eembun\u0103t\u0103\u021bi solu\u021biile de formare digital\u0103 \u0219i \u00eenv\u0103\u021b\u0103m\u00e2ntul la distan\u021b\u0103, inclusiv \u00een educa\u021bia \u0219i formarea profesional\u0103 (EFP). De asemenea, el subliniaz\u0103 importan\u021ba competen\u021belor STIM (\u0219tiin\u021b\u0103, tehnologie, inginerie \u0219i matematic\u0103), care ar trebui s\u0103 fie accesibile \u00een toate regiunile \u0219i la toate nivelurile de educa\u021bie, respect\u00e2nd echilibrul de gen.\u00a0<\/span><\/p>\n<p><span style=\"font-weight: 400;\">\u201eEduca\u021bia digital\u0103 presupune mai mult dec\u00e2t finan\u021barea platformelor educative \u0219i a form\u0103rii \u00een domeniul competen\u021belor digitale \u0219i include infrastructuri precum accesul la banda larg\u0103, calculatoare \u0219i laptopuri\u201d, subliniaz\u0103 dl Borboly.\u00a0<\/span><\/p>\n<p><b>Informa\u021bii suplimentare:<\/b><span style=\"font-weight: 400;\">\u00a0<\/span><\/p>\n<p><span style=\"font-weight: 400;\">\u00cen iulie 2020, Comisia European\u0103 a prezentat <\/span><a href=\"https:\/\/ec.europa.eu\/social\/main.jsp?catId=1223&amp;langId=ro\"><b>Noua agend\u0103 pentru competen\u021be \u00een Europa<\/b> <\/a><span style=\"font-weight: 400;\">, care vizeaz\u0103 \u00eembun\u0103t\u0103\u021birea relevan\u021bei competen\u021belor \u00een UE pentru a consolida competitivitatea durabil\u0103, a asigura echitatea social\u0103 \u0219i a consolida rezilien\u021ba. Aceasta stabile\u0219te obiectivele ambi\u021bioase \u00een materie de perfec\u021bionare (\u00eembun\u0103t\u0103\u021birea competen\u021belor existente) \u0219i recalificare (formare pentru a dob\u00e2ndi noi competen\u021be), care urmeaz\u0103 s\u0103 fie realizate \u00een urm\u0103torii 5 ani. De exemplu, 50\u00a0% dintre adul\u021bii cu v\u00e2rste cuprinse \u00eentre 25 \u0219i 64 de ani ar trebui s\u0103 se \u00eenscrie la cursuri de formare \u00een fiecare an, iar 70\u00a0% dintre adul\u021bii cu v\u00e2rste cuprinse \u00eentre 16 \u0219i 74 de ani ar trebui s\u0103 dob\u00e2ndeasc\u0103 cel pu\u021bin competen\u021be digitale de baz\u0103 p\u00e2n\u0103 \u00een 2025.\u00a0<\/span><\/p>\n<p><a href=\"https:\/\/ec.europa.eu\/social\/main.jsp?catId=1517&amp;langId=ro\"><b>Pactul pentru competen\u021be<\/b> <\/a><span style=\"font-weight: 400;\">, lansat de Comisia European\u0103 \u00een noiembrie 2020, este un model comun de angajament pentru dezvoltarea competen\u021belor \u00een Europa, care implic\u0103 at\u00e2t sectorul public, c\u00e2t \u0219i pe cel privat. Semnatarii convin s\u0103 respecte \u0219i s\u0103 sus\u021bin\u0103 principiile-cheie ale Cartei: 1) promovarea unei culturi a \u00eenv\u0103\u021b\u0103rii pe tot parcursul vie\u021bii pentru to\u021bi, 2) construirea unor parteneriate puternice pentru competen\u021be, 3) monitorizarea ofertei\/cererii \u00een materie de competen\u021be \u0219i anticiparea nevoilor \u00een materie de competen\u021be \u0219i 4) combaterea discrimin\u0103rii \u0219i asigurarea egalit\u0103\u021bii de gen \u0219i de \u0219anse\u00a0<\/span><\/p>\n<p>&nbsp;<\/p>\n","protected":false},"excerpt":{"rendered":"<p>Comitetul European al Regiunilor (CoR) sus\u021bine c\u0103 Noua agend\u0103 pentru competen\u021be \u00een Europa ar trebui s\u0103 \u021bin\u0103 seama mai bine de rolul major pe care \u00eel joac\u0103 ora\u0219ele \u0219i regiunile \u00een sprijinirea \u0219i dezvoltarea politicilor \u0219i a infrastructurii legate de competen\u021be \u00een majoritatea statelor membre. Raportorul Csaba Borboly (RO-PPE), pre\u0219edintele Consiliului Jude\u021bean Harghita, a prezentat [&hellip;]<\/p>\n","protected":false},"author":1,"featured_media":867,"comment_status":"open","ping_status":"closed","sticky":false,"template":"","format":"standard","meta":{"_bbp_topic_count":0,"_bbp_reply_count":0,"_bbp_total_topic_count":0,"_bbp_total_reply_count":0,"_bbp_voice_count":0,"_bbp_anonymous_reply_count":0,"_bbp_topic_count_hidden":0,"_bbp_reply_count_hidden":0,"_bbp_forum_subforum_count":0,"footnotes":""},"categories":[84],"tags":[],"_links":{"self":[{"href":"https:\/\/cor.borbolycsaba.ro\/ro\/index.php?rest_route=\/wp\/v2\/posts\/985"}],"collection":[{"href":"https:\/\/cor.borbolycsaba.ro\/ro\/index.php?rest_route=\/wp\/v2\/posts"}],"about":[{"href":"https:\/\/cor.borbolycsaba.ro\/ro\/index.php?rest_route=\/wp\/v2\/types\/post"}],"author":[{"embeddable":true,"href":"https:\/\/cor.borbolycsaba.ro\/ro\/index.php?rest_route=\/wp\/v2\/users\/1"}],"replies":[{"embeddable":true,"href":"https:\/\/cor.borbolycsaba.ro\/ro\/index.php?rest_route=%2Fwp%2Fv2%2Fcomments&post=985"}],"version-history":[{"count":1,"href":"https:\/\/cor.borbolycsaba.ro\/ro\/index.php?rest_route=\/wp\/v2\/posts\/985\/revisions"}],"predecessor-version":[{"id":986,"href":"https:\/\/cor.borbolycsaba.ro\/ro\/index.php?rest_route=\/wp\/v2\/posts\/985\/revisions\/986"}],"wp:featuredmedia":[{"embeddable":true,"href":"https:\/\/cor.borbolycsaba.ro\/ro\/index.php?rest_route=\/wp\/v2\/media\/867"}],"wp:attachment":[{"href":"https:\/\/cor.borbolycsaba.ro\/ro\/index.php?rest_route=%2Fwp%2Fv2%2Fmedia&parent=985"}],"wp:term":[{"taxonomy":"category","embeddable":true,"href":"https:\/\/cor.borbolycsaba.ro\/ro\/index.php?rest_route=%2Fwp%2Fv2%2Fcategories&post=985"},{"taxonomy":"post_tag","embeddable":true,"href":"https:\/\/cor.borbolycsaba.ro\/ro\/index.php?rest_route=%2Fwp%2Fv2%2Ftags&post=985"}],"curies":[{"name":"wp","href":"https:\/\/api.w.org\/{rel}","templated":true}]}}