{"id":980,"date":"2021-01-12T08:39:44","date_gmt":"2021-01-12T08:39:44","guid":{"rendered":"https:\/\/cor.borbolycsaba.ro\/ro\/?p=980"},"modified":"2021-01-12T08:39:44","modified_gmt":"2021-01-12T08:39:44","slug":"borboly-csaba-uniunea-europeana-trebuie-sa-acorde-sprijin-financiar-fast-track-regiunilor","status":"publish","type":"post","link":"https:\/\/cor.borbolycsaba.ro\/ro\/?p=980","title":{"rendered":"Borboly Csaba: Uniunea European\u0103 trebuie s\u0103 acorde sprijin financiar fast track regiunilor!"},"content":{"rendered":"<p>\u00cen cadrul dezbaterii interna\u021bionale, ce a avut loc online \u00een data de 11 ianuarie, au fost prezentate opiniile pe tema dezvolt\u0103rii competen\u021belor durabile, educa\u021biei digitale \u0219i cre\u0219terii abilit\u0103\u021bilor de angajare, \u00een acest context , Borboly Csaba, subliniind:<\/p>\n<p>\u201ePrioritatea noastr\u0103 ca autoritate regional\u0103, este ca, \u00een contextul pandemic actual, s\u0103 depunem toate eforturile posibile pentru a sprijini economia local\u0103, a relansa turismul \u0219i agricultura, a avea o educa\u021bie de calitate, toate acestea \u00een vederea dezvolt\u0103rii competen\u021belor \u0219i unei mai u\u0219oare integr\u0103ri pe pia\u021ba for\u021bei de munc\u0103. \u00cen aceste momente avem nevoie de ac\u021biuni \u0219i nu doar de declara\u021bii. \u201d<\/p>\n<p>Reducerea \u0219omajului \u00een r\u00e2ndul tinerilor prin dezvoltarea competen\u021belor dob\u00e2ndite prin educa\u021bie, este o ax\u0103 prioritar\u0103 a activit\u0103\u021bii consiliului jude\u021bean, fiind subliniat\u0103 necesitatea adapt\u0103rii Planului european de ac\u021biune pentru educa\u021bia digital\u0103 2021-2027 \u0219i totodat\u0103 alocarea resurselor financiare fast track din partea Uniunii Europene la specificitatea regional\u0103, deoarece \u00een contextul educa\u021biei online au fost afecta\u021bi tinerii din regiunile mai pu\u021bin dezvoltate.<\/p>\n<p>Lipsa accesului la educa\u021bie adecvat\u0103 \u00een cele mai multe regiuni, imposibilitatea de a dob\u00e2ndi competen\u021be cheie \u0219i abilit\u0103\u021bi de baz\u0103, din cauza decalajului digital, impun ac\u021biuni specifice \u0219i accesul la fonduri din partea Uniunii Europene, care trebuie s\u0103 sus\u021bin\u0103 financiar demersurile autorit\u0103\u021bilor regionale de a \u00eenl\u0103tura diferen\u021bele actuale.<\/p>\n<p>\u201e Uniunea European\u0103 trebuie s\u0103 ia m\u0103suri \u00eendr\u0103zne\u021be pentru a sprijini statele membre, regiunile \u0219i ora\u0219ele \u00een adaptarea \u0219i modernizarea sistemelor de educa\u021bie \u0219i formare profesional\u0103. Trebuie s\u0103 dezvolt\u0103m un plan de ac\u021biune, o agend\u0103 actualizat\u0103 a competen\u021belor \u00een contextul pandemic actual. Rolul autorit\u0103\u021bilor regionale \u0219i locale este extrem de important \u00een dezvoltarea politicilor de dezvoltare a abilit\u0103\u021bilor prin educa\u021bie, astfel \u00eenc\u00e2t regiunile trebuie s\u0103 fie principalii beneficiari ai fondurilor europene \u201d, a subliniat , Borboly Csaba<\/p>\n<p><img loading=\"lazy\" decoding=\"async\" class=\"alignnone size-full wp-image-982\" src=\"https:\/\/cor.borbolycsaba.ro\/ro\/wp-content\/uploads\/2021\/01\/2.jpg\" alt=\"\" width=\"1600\" height=\"900\" srcset=\"https:\/\/cor.borbolycsaba.ro\/ro\/wp-content\/uploads\/2021\/01\/2.jpg 1600w, https:\/\/cor.borbolycsaba.ro\/ro\/wp-content\/uploads\/2021\/01\/2-300x169.jpg 300w, https:\/\/cor.borbolycsaba.ro\/ro\/wp-content\/uploads\/2021\/01\/2-1024x576.jpg 1024w, https:\/\/cor.borbolycsaba.ro\/ro\/wp-content\/uploads\/2021\/01\/2-768x432.jpg 768w, https:\/\/cor.borbolycsaba.ro\/ro\/wp-content\/uploads\/2021\/01\/2-1536x864.jpg 1536w\" sizes=\"(max-width: 1600px) 100vw, 1600px\" \/>Au fost primite mai multe r\u0103spunsuri din partea Departamentului de \u0218tiin\u021b\u0103 \u0219i Cercetare din Austria de Jos \u2013 Sec\u021biunea Educa\u021bie, Institutul Economic German, Regiunea Carintia (Austria) \u0219i provincia Utrecht (Olanda) cu privire la consultarea online a p\u0103r\u021bilor interesate, Agenda european\u0103 pentru competitivitate durabil\u0103, echitate social\u0103 \u0219i rezilien\u021b\u0103, toate concentr\u00e2ndu-se \u00een principal pe adaptarea la specificul regional, cu prioritate acordat\u0103 form\u0103rii profesorilor, dezvolt\u0103rii unui sistem european de educa\u021bie, digitaliz\u0103rii \u0219i consecin\u021belor negative ale educa\u021biei online pe termen lung.<\/p>\n<p>Excluderea diferen\u021belor dintre regiuni \u0219i dezvoltarea competen\u021belor digitale, formarea profesional\u0103 \u0219i reconversia profesional\u0103 trebuie s\u0103 fie sus\u021binute prin investi\u021bii\u00a0 directe.<\/p>\n<p>Tinerii trebuie s\u0103 aib\u0103 acces egal la mijloace de educa\u021bie \u0219i formare, rolul autorit\u0103\u021bilor regionale fiind extrem de important, a mai ad\u0103ugat Borboly Csaba.<\/p>\n<p>Borboly Csaba, pre\u0219edintele Consiliului Jude\u021bean Harghita, este membru permanent al Comitetului Regiunilor din octombrie 2012, fiind la al \u0219aptelea mandat \u00een cadrul Comisiei pentru politici sociale, educa\u021bie, ocuparea for\u021bei de munc\u0103, cercetare \u0219i cultur\u0103 (SEDEC).<\/p>\n<p>Site-ul oficial al Comitetului European al Regiunilor (CoR): <a href=\"https:\/\/cor.europa.eu\/en\">https:\/\/cor.europa.eu\/en<\/a><\/p>\n<p>&nbsp;<\/p>\n<p>Pute\u021bi citi mai multe despre activitatea lui Borboly Csaba \u00een cadrul Comitetului Regiunilor \u00een urm\u0103torul link:<\/p>\n<p><a href=\"https:\/\/www.borbolycsaba.ro\/ro\/activitati\/comitetul-regiunilor\/\">https:\/\/www.borbolycsaba.ro\/ro\/activitati\/comitetul-regiunilor\/<\/a><\/p>\n<p>&nbsp;<\/p>\n<p>&nbsp;<\/p>\n<p>Miercurea Ciuc, 11 ianuarie 2021<\/p>\n","protected":false},"excerpt":{"rendered":"<p>\u00cen cadrul dezbaterii interna\u021bionale, ce a avut loc online \u00een data de 11 ianuarie, au fost prezentate opiniile pe tema dezvolt\u0103rii competen\u021belor durabile, educa\u021biei digitale \u0219i cre\u0219terii abilit\u0103\u021bilor de angajare, \u00een acest context , Borboly Csaba, subliniind: \u201ePrioritatea noastr\u0103 ca autoritate regional\u0103, este ca, \u00een contextul pandemic actual, s\u0103 depunem toate eforturile posibile pentru a [&hellip;]<\/p>\n","protected":false},"author":1,"featured_media":981,"comment_status":"open","ping_status":"closed","sticky":false,"template":"","format":"standard","meta":{"_bbp_topic_count":0,"_bbp_reply_count":0,"_bbp_total_topic_count":0,"_bbp_total_reply_count":0,"_bbp_voice_count":0,"_bbp_anonymous_reply_count":0,"_bbp_topic_count_hidden":0,"_bbp_reply_count_hidden":0,"_bbp_forum_subforum_count":0,"footnotes":""},"categories":[84],"tags":[],"_links":{"self":[{"href":"https:\/\/cor.borbolycsaba.ro\/ro\/index.php?rest_route=\/wp\/v2\/posts\/980"}],"collection":[{"href":"https:\/\/cor.borbolycsaba.ro\/ro\/index.php?rest_route=\/wp\/v2\/posts"}],"about":[{"href":"https:\/\/cor.borbolycsaba.ro\/ro\/index.php?rest_route=\/wp\/v2\/types\/post"}],"author":[{"embeddable":true,"href":"https:\/\/cor.borbolycsaba.ro\/ro\/index.php?rest_route=\/wp\/v2\/users\/1"}],"replies":[{"embeddable":true,"href":"https:\/\/cor.borbolycsaba.ro\/ro\/index.php?rest_route=%2Fwp%2Fv2%2Fcomments&post=980"}],"version-history":[{"count":1,"href":"https:\/\/cor.borbolycsaba.ro\/ro\/index.php?rest_route=\/wp\/v2\/posts\/980\/revisions"}],"predecessor-version":[{"id":983,"href":"https:\/\/cor.borbolycsaba.ro\/ro\/index.php?rest_route=\/wp\/v2\/posts\/980\/revisions\/983"}],"wp:featuredmedia":[{"embeddable":true,"href":"https:\/\/cor.borbolycsaba.ro\/ro\/index.php?rest_route=\/wp\/v2\/media\/981"}],"wp:attachment":[{"href":"https:\/\/cor.borbolycsaba.ro\/ro\/index.php?rest_route=%2Fwp%2Fv2%2Fmedia&parent=980"}],"wp:term":[{"taxonomy":"category","embeddable":true,"href":"https:\/\/cor.borbolycsaba.ro\/ro\/index.php?rest_route=%2Fwp%2Fv2%2Fcategories&post=980"},{"taxonomy":"post_tag","embeddable":true,"href":"https:\/\/cor.borbolycsaba.ro\/ro\/index.php?rest_route=%2Fwp%2Fv2%2Ftags&post=980"}],"curies":[{"name":"wp","href":"https:\/\/api.w.org\/{rel}","templated":true}]}}