{"id":976,"date":"2020-12-18T07:45:42","date_gmt":"2020-12-18T07:45:42","guid":{"rendered":"https:\/\/cor.borbolycsaba.ro\/ro\/?p=976"},"modified":"2020-12-21T07:46:33","modified_gmt":"2020-12-21T07:46:33","slug":"liderii-locali-statele-membre-trebuie-sa-convina-asupra-unor-obiective-mai-ambitioase-in-domeniul-climei-si-sa-reduca-cu-cel-putin-55-emisiile-de-dioxid-de-carbon-pana-in-2030","status":"publish","type":"post","link":"https:\/\/cor.borbolycsaba.ro\/ro\/?p=976","title":{"rendered":"Liderii locali: Statele membre trebuie s\u0103 convin\u0103 asupra unor obiective mai ambi\u021bioase \u00een domeniul climei \u0219i s\u0103 reduc\u0103 cu cel pu\u021bin 55 % emisiile de dioxid de carbon p\u00e2n\u0103 \u00een 2030\u00a0\u00a0"},"content":{"rendered":"<p><span style=\"font-weight: 400;\">CoR \u0219i ministrul german al mediului discut\u0103 despre modalit\u0103\u021bile unei redres\u0103ri verzi, reziliente \u0219i echitabile<\/span><\/p>\n<p><span style=\"font-weight: 400;\">Liderii locali \u0219i regionali au subliniat ast\u0103zi c\u0103 Europa trebuie s\u0103 trag\u0103 \u00eenv\u0103\u021b\u0103mintele cuvenite din criza provocat\u0103 de pandemia de COVID-19 \u0219i s\u0103 preg\u0103teasc\u0103 terenul pentru o redresare verde prin capacitarea ora\u0219elor \u0219i regiunilor sale, astfel \u00eenc\u00e2t ele s\u0103 c\u0103l\u0103uzeasc\u0103\/\u00eendrume\/ghideze combaterea schimb\u0103rilor climatice. Acest mesaj a reie\u0219it din discu\u021bia membrilor Comitetului European al Regiunilor cu Svenja Schulze, ministra federal\u0103 a mediului, conserv\u0103rii naturii \u0219i siguran\u021bei nucleare din Germania. Comitetul European al Regiunilor le-a cerut, de asemenea, tuturor \u0219efilor de stat \u0219i de guvern din UE-27 s\u0103 convin\u0103 s\u0103pt\u0103m\u00e2na aceasta asupra unui obiectiv mai ambi\u021bios de reducere a emisiilor cu cel pu\u021bin 55 % p\u00e2n\u0103 \u00een 2030.<\/span><\/p>\n<p><span style=\"font-weight: 400;\">\u00cen cadrul reuniunii Consiliului European de s\u0103pt\u0103m\u00e2na aceasta, liderii celor 27 de state membre ale UE vor \u00eencerca s\u0103 ajung\u0103 la un acord cu privire la un nou obiectiv al UE de reducere a emisiilor p\u00e2n\u0103 \u00een 2030. Comisia European\u0103 propune reducerea emisiilor de gaze cu efect de ser\u0103, p\u00e2n\u0103 \u00een 2030, cu cel pu\u021bin 55 % fa\u021b\u0103 de nivelul din 1990, pozi\u021bie sus\u021binut\u0103 de Comitetul European al Regiunilor. \u00cen cursul dezbaterilor din cadrul sesiunii plenare online a Comitetului, liderii regiunilor, ora\u0219elor \u0219i satelor din UE au subliniat c\u0103 criza provocat\u0103 de pandemia de COVID-19 nu ar trebui s\u0103 submineze angajamentul UE de a aborda crizele din domeniile climei \u0219i biodiversit\u0103\u021bii prin stabilirea unui nou obiectiv mai ambi\u021bios pentru 2030. Punerea \u00een aplicare cu succes a Pactului verde european \u2013 noua strategie de cre\u0219tere a UE \u2013 trebuie transformat\u0103 \u00een proiecte concrete la nivel local \u0219i trebuie s\u0103 se bazeze pe o abordare descentralizat\u0103.<\/span><\/p>\n<p><span style=\"font-weight: 400;\">Apostolos Tzitzikostas , pre\u0219edintele Comitetului European al Regiunilor \u0219i guvernatorul regiunii Macedonia Central\u0103 din Grecia, a declarat : \u201eEconomia \u0219i clima se afl\u0103 la un punct de cotitur\u0103: avem nevoie de o redresare european\u0103 echilibrat\u0103, just\u0103 \u0219i ecologic\u0103 pentru fiecare regiune, ora\u0219 \u0219i sat. Statele membre ale UE trebuie s\u0103 convin\u0103 asupra reducerii emisiilor de dioxid de carbon cu cel pu\u021bin 55 % p\u00e2n\u0103 \u00een 2030 \u0219i s\u0103 aprobe f\u0103r\u0103 \u00eent\u00e2rziere bugetul pe termen lung al UE \u0219i planurile de redresare. Acest lucru este esen\u021bial pentru a deschide calea c\u0103tre o Europ\u0103 neutr\u0103 din punctul de vedere al emisiilor de dioxid de carbon p\u00e2n\u0103 \u00een 2050 \u0219i pentru a garanta o tranzi\u021bie rapid\u0103 c\u0103tre economii mai durabile, protej\u00e2nd locurile de munc\u0103 \u0219i cre\u00e2nd noi oportunit\u0103\u021bi.\u201d<\/span><\/p>\n<p><span style=\"font-weight: 400;\">Lu\u00e2nd cuv\u00e2ntul \u00een cadrul sesiunii plenare a CoR din 8 decembrie, ministra federal\u0103 Svenja Schulze a declarat: \u201eLa fel ca \u00een lupta \u00eempotriva COVID-19, cunoa\u0219tem un factor-cheie de succes \u00een politica din domeniul mediului \u0219i al climei: o bun\u0103 cooperare \u00eentre toate nivelurile politice &#8211; european, na\u021bional, regional \u0219i local. Pactul verde este strategia pentru relansarea economic\u0103 a Europei, menit\u0103 s\u0103 o fac\u0103 mai rezilient\u0103, mai competitiv\u0103 \u0219i mai viabil\u0103. Este esen\u021bial ca statele membre s\u0103 ajung\u0103 \u00een cur\u00e2nd la un acord cu privire la cadrul financiar multianual \u0219i la Mecanismul de redresare \u0219i rezilien\u021b\u0103, care prevede sume uria\u0219e pentru protec\u021bia climei \u0219i biodiversitate.\u201d<\/span><\/p>\n<p><span style=\"font-weight: 400;\">Primarul ora\u0219ului Sevilla, Juan Espadas (ES-PSE) , pre\u0219edintele Comisiei ENVE \u0219i al Grupului de lucru privind Pactul verde la nivel local din cadrul CoR, a declarat: \u201eRedresarea \u00een urma crizei provocate de pandemia de COVID &#8211; 19 reprezint\u0103 o oportunitate de a reconstrui Europa \u00eentr-un mod durabil \u0219i de a accelera tranzi\u021bia ecologic\u0103 at\u00e2t de necesar\u0103. Nu avem timp de pierdut, nici pentru a ne salva economiile cu un buget european puternic, nici pentru a lua m\u0103suri \u00eendr\u0103zne\u021be \u00een domeniul climei. Planul privind obiectivele climatice pentru 2030 poate deveni, \u00een cursul acestei s\u0103pt\u0103m\u00e2ni, una dintre realiz\u0103rile majore ale actualei Pre\u0219edin\u021bii. Ora\u0219ele \u0219i regiunile sunt preg\u0103tite s\u0103 ac\u021bioneze.\u201d<\/span><\/p>\n<p><span style=\"font-weight: 400;\">Evoc\u00e2nd angajamentul guvernului german fa\u021b\u0103 de o implicare puternic\u0103 a autorit\u0103\u021bilor locale \u0219i regionale \u00een politica privind clima, actuala Pre\u0219edin\u021bie a Consiliului \u2013 care \u00ee\u0219i va \u00eencheia mandatul de \u0219ase luni la 31 decembrie \u2013 a solicitat CoR dou\u0103 avize. Primul evalueaz\u0103 oportunit\u0103\u021bile de adaptare preventiv\u0103 la schimb\u0103rile climatice \u0219i \u00eendeamn\u0103 Comisia s\u0103 elaboreze noua Strategie a UE de adaptare, \u00eenso\u021bit\u0103 de obiective \u0219i indicatori clari, \u00een conformitate cu principiile subsidiarit\u0103\u021bii active \u0219i propor\u021bionalit\u0103\u021bii.<\/span><\/p>\n<p><span style=\"font-weight: 400;\">Raportorul Markku Markkula (FI-PPE) , pre\u0219edintele Consiliului Local al ora\u0219ului Espoo \u0219i fost pre\u0219edinte al CoR (2015-2017), a declarat: \u201eConducerea politic\u0103 ar trebui s\u0103 considere schimb\u0103rile climatice o urgen\u021b\u0103 care trebuie abordat\u0103 \u00een mod colectiv prin m\u0103suri inovatoare de eliminare a compartiment\u0103rilor \u0219i barierelor \u0219i prin integrarea politicilor de atenuare \u0219i adaptare. Acest lucru \u00eenseamn\u0103 cre\u0219terea ambi\u021biilor \u00een materie de clim\u0103 mult peste nivelul dezb\u0103tut ast\u0103zi de UE \u0219i dotarea ora\u0219elor \u0219i regiunilor cu instrumentele necesare pentru a dezvolta solu\u021bii cu caracter local. Nicio politic\u0103 de adaptare nu va func\u021biona dec\u00e2t dac\u0103 ia \u00een considerare nevoile, opiniile \u0219i expertiza regiunilor \u0219i ora\u0219elor.\u201d<\/span><\/p>\n<p><span style=\"font-weight: 400;\">Al doilea aviz , care se axeaz\u0103 pe impactul schimb\u0103rilor climatice \u00een regiuni \u0219i ofer\u0103 o prim\u0103 evaluare a Pactului verde, va fi prezentat miercuri de c\u0103tre raportorul Andries Gryffroy (BE-AE ). Dl Gryffroy, deputat \u00een Parlamentul flamand, a declarat: \u201ePactul verde va avea succes numai dac\u0103 va sprijini o abordare ascendent\u0103. Solicit\u0103m o cooperare mai str\u00e2ns\u0103 cu Comisia European\u0103, pentru a garanta c\u0103 regiunile \u0219i ora\u0219ele ocup\u0103 un rol central. Mai multe regiuni \u0219i ora\u0219e au adoptat planuri de tranzi\u021bie energetic\u0103 sau acorduri ecologice la nivel local. Totu\u0219i, acestea se reflect\u0103 rareori \u00een planurile \u0219i strategiile na\u021bionale. Propunem ca administra\u021biile subna\u021bionale s\u0103 fie pe deplin implicate \u00een definirea \u0219i punerea \u00een aplicare a planurilor na\u021bionale de redresare \u0219i s\u0103 beneficieze de un acces sporit \u0219i mai u\u0219or la fonduri. Suntem preg\u0103ti\u021bi s\u0103 colabor\u0103m cu Comisia \u0219i cu Centrul Comun de Cercetare al acesteia, pentru a elabora un tablou de bord regional european, a monitoriza \u0219i urm\u0103ri progresele \u00eenregistrate \u00een punerea \u00een aplicare la nivel regional a legisla\u021biei, politicilor \u0219i finan\u021b\u0103rii legate de clim\u0103 \u0219i de Pactul verde.\u201d<\/span><\/p>\n<p><b>Context<\/b><\/p>\n<p><span style=\"font-weight: 400;\">\u00cen cadrul reuniunii Consiliului European din aceast\u0103 s\u0103pt\u0103m\u00e2n\u0103 (10-11 decembrie), liderii celor 27 de state membre ale UE vor \u00eencerca s\u0103 ajung\u0103 la un acord cu privire la un nou obiectiv al UE de reducere a emisiilor p\u00e2n\u0103 \u00een 2030. Acest lucru va permite UE s\u0103 \u00ee\u0219i prezinte contribu\u021bia actualizat\u0103 stabilit\u0103 la nivel na\u021bional \u00een cadrul Conven\u021biei-cadru a Na\u021biunilor Unite asupra schimb\u0103rilor climatice, \u00eenainte de sf\u00e2r\u0219itul anului 2020. Planul privind obiectivele climatice pentru 2030 al Comisiei Europene propune reducerea emisiilor de gaze cu efect de ser\u0103 cu cel pu\u021bin 55 % fa\u021b\u0103 de nivelul din 1990, pozi\u021bie sus\u021binut\u0103 de Comitetul European al Regiunilor.<\/span><\/p>\n<p>&nbsp;<\/p>\n<p><span style=\"font-weight: 400;\">12 Decembrie 2020<\/span><\/p>\n","protected":false},"excerpt":{"rendered":"<p>CoR \u0219i ministrul german al mediului discut\u0103 despre modalit\u0103\u021bile unei redres\u0103ri verzi, reziliente \u0219i echitabile Liderii locali \u0219i regionali au subliniat ast\u0103zi c\u0103 Europa trebuie s\u0103 trag\u0103 \u00eenv\u0103\u021b\u0103mintele cuvenite din criza provocat\u0103 de pandemia de COVID-19 \u0219i s\u0103 preg\u0103teasc\u0103 terenul pentru o redresare verde prin capacitarea ora\u0219elor \u0219i regiunilor sale, astfel \u00eenc\u00e2t ele s\u0103 c\u0103l\u0103uzeasc\u0103\/\u00eendrume\/ghideze [&hellip;]<\/p>\n","protected":false},"author":1,"featured_media":977,"comment_status":"open","ping_status":"closed","sticky":false,"template":"","format":"standard","meta":{"_bbp_topic_count":0,"_bbp_reply_count":0,"_bbp_total_topic_count":0,"_bbp_total_reply_count":0,"_bbp_voice_count":0,"_bbp_anonymous_reply_count":0,"_bbp_topic_count_hidden":0,"_bbp_reply_count_hidden":0,"_bbp_forum_subforum_count":0,"footnotes":""},"categories":[84],"tags":[],"_links":{"self":[{"href":"https:\/\/cor.borbolycsaba.ro\/ro\/index.php?rest_route=\/wp\/v2\/posts\/976"}],"collection":[{"href":"https:\/\/cor.borbolycsaba.ro\/ro\/index.php?rest_route=\/wp\/v2\/posts"}],"about":[{"href":"https:\/\/cor.borbolycsaba.ro\/ro\/index.php?rest_route=\/wp\/v2\/types\/post"}],"author":[{"embeddable":true,"href":"https:\/\/cor.borbolycsaba.ro\/ro\/index.php?rest_route=\/wp\/v2\/users\/1"}],"replies":[{"embeddable":true,"href":"https:\/\/cor.borbolycsaba.ro\/ro\/index.php?rest_route=%2Fwp%2Fv2%2Fcomments&post=976"}],"version-history":[{"count":1,"href":"https:\/\/cor.borbolycsaba.ro\/ro\/index.php?rest_route=\/wp\/v2\/posts\/976\/revisions"}],"predecessor-version":[{"id":978,"href":"https:\/\/cor.borbolycsaba.ro\/ro\/index.php?rest_route=\/wp\/v2\/posts\/976\/revisions\/978"}],"wp:featuredmedia":[{"embeddable":true,"href":"https:\/\/cor.borbolycsaba.ro\/ro\/index.php?rest_route=\/wp\/v2\/media\/977"}],"wp:attachment":[{"href":"https:\/\/cor.borbolycsaba.ro\/ro\/index.php?rest_route=%2Fwp%2Fv2%2Fmedia&parent=976"}],"wp:term":[{"taxonomy":"category","embeddable":true,"href":"https:\/\/cor.borbolycsaba.ro\/ro\/index.php?rest_route=%2Fwp%2Fv2%2Fcategories&post=976"},{"taxonomy":"post_tag","embeddable":true,"href":"https:\/\/cor.borbolycsaba.ro\/ro\/index.php?rest_route=%2Fwp%2Fv2%2Ftags&post=976"}],"curies":[{"name":"wp","href":"https:\/\/api.w.org\/{rel}","templated":true}]}}