{"id":973,"date":"2020-12-17T07:42:39","date_gmt":"2020-12-17T07:42:39","guid":{"rendered":"https:\/\/cor.borbolycsaba.ro\/ro\/?p=973"},"modified":"2020-12-21T07:44:46","modified_gmt":"2020-12-21T07:44:46","slug":"prioritati-politice-2020-2025","status":"publish","type":"post","link":"https:\/\/cor.borbolycsaba.ro\/ro\/?p=973","title":{"rendered":"Priorit\u0103\u021bi politice 2020-2025"},"content":{"rendered":"<p><span style=\"font-weight: 400;\">Autorit\u0103\u021bile locale \u0219i regionale, reprezentate \u00een UE de Comitetul European al Regiunilor, au constituit \u00eentotdeauna coloana vertebral\u0103 a democra\u021biei europene. \u00cen recenta pandemie de COVID &#8211; 19, liderii\u00a0locali \u0219i regionali au ar\u0103tat c\u0103 sunt for\u021ba motrice a comunit\u0103\u021bilor locale, lu\u00e2nd m\u0103suri pentru a r\u0103spunde situa\u021biei de urgen\u021b\u0103 \u0219i deschiz\u00e2nd calea c\u0103tre redresarea UE. Prin urmare, apropierea Europei de cet\u0103\u021beni din perspectiva satelor, ora\u0219elor \u0219i regiunilor sale va constitui principala misiune a Comitetului nostru, pe care o va realiza stabilindu-\u0219i trei mari priorit\u0103\u021bi.\u00a0<\/span><\/p>\n<p><span style=\"font-weight: 400;\">Toate deciziile trebuie s\u0103 fie luate c\u00e2t mai aproape de cet\u0103\u021beni, \u00een conformitate cu principiul subsidiarit\u0103\u021bii. Aceasta implic\u0103 scoaterea \u00een eviden\u021b\u0103 \u0219i consolidarea rolului autorit\u0103\u021bilor locale \u0219i regionale \u00een UE.\u00a0<\/span><\/p>\n<p><span style=\"font-weight: 400;\">Conferin\u021ba privind viitorul Europei este o ocazie de a \u00eembun\u0103t\u0103\u021bi modul de func\u021bionare a UE, prin\u00a0\u00eemp\u0103rt\u0103\u0219irea \u0219i extinderea practicilor eficace de participare a societ\u0103\u021bii civile, dezvoltate de membrii no\u0219tri \u00een circumscrip\u021biile lor, \u0219i prin reforma procesului decizional al UE. De asemenea, vom\u00a0continua s\u0103 ne asigur\u0103m c\u0103 noua legisla\u021bie a UE reduce sarcina administrativ\u0103 \u0219i costurile de punere \u00een aplicare pentru regiunile noastre.\u00a0<\/span><\/p>\n<p><span style=\"font-weight: 400;\">Toate deciziile europene ar trebui luate \u021bin\u00e2nd seama de angajamentul nostru de a face fa\u021b\u0103 transform\u0103rilor majore de la nivelul societ\u0103\u021bii cu care se confrunt\u0103 satele, ora\u0219ele \u0219i regiunile noastre. Printre acestea se num\u0103r\u0103 pandemii mondiale, tranzi\u021bia verde \u0219i cea digital\u0103, provoc\u0103rile demografice \u0219i fluxurile de migra\u021bie. Ie\u0219ind din astfel de tranzi\u021bii uni\u021bi \u0219i, mai puternici, vom demonstra capacitatea noastr\u0103 de a influen\u021ba viitorul nostru \u0219i de a consolida rezilien\u021ba comunit\u0103\u021bilor locale.\u00a0<\/span><\/p>\n<p><span style=\"font-weight: 400;\">Vom \u00eencuraja coeziunea ca valoare fundamental\u0103 \u00een toate politicile \u0219i programele UE.\u00a0<\/span><\/p>\n<p><span style=\"font-weight: 400;\">Promovarea coeziunii \u00een Europa implic\u0103 un buget ambi\u021bios al UE pe termen lung, care s\u0103 ofere suficiente fonduri structurale \u0219i de coeziune \u0219i investi\u021bii agricole pentru toate regiunile \u0219i ora\u0219ele.\u00a0<\/span><\/p>\n<p><span style=\"font-weight: 400;\">Dar coeziunea nu se limiteaz\u0103 la bani: ea reprezint\u0103 o valoare care stimuleaz\u0103 cre\u0219terea economic\u0103 durabil\u0103, creeaz\u0103 oportunit\u0103\u021bi de ocupare a for\u021bei de munc\u0103 pe termen lung pentru to\u021bi \u0219i duce la politici adaptate la realit\u0103\u021bile teritoriale, care r\u0103spund nevoilor cet\u0103\u021benilor.\u00a0<\/span><\/p>\n<p><b>Prioritatea 1<\/b><span style=\"font-weight: 400;\">\u00a0<\/span><\/p>\n<p><b>Apropierea Europei de cet\u0103\u021beni: democra\u021bia \u0219i viitorul UE<\/b><span style=\"font-weight: 400;\">\u00a0<\/span><\/p>\n<p><b>Reg\u00e2ndirea modului \u00een care func\u021bioneaz\u0103 democra\u021bia \u00een prezent<\/b><span style=\"font-weight: 400;\"> \u0219i a modului \u00een care aceasta trebuie modernizat\u0103 \u00een viitor, pentru ca Uniunea European\u0103 s\u0103 r\u0103spund\u0103 mai eficient nevoilor cet\u0103\u021benilor\u00a0<\/span><\/p>\n<p><span style=\"font-weight: 400;\">Principala noastr\u0103 prioritate este de a aduce Europa mai aproape de cet\u0103\u021benii s\u0103i \u0219i de a consolida democra\u021bia european\u0103 la toate nivelurile de guvernare. Scopul s\u0103u este de a \u00eembun\u0103t\u0103\u021bi modul \u00een care func\u021bioneaz\u0103 UE, asigur\u00e2nd faptul c\u0103 politicile \u0219i programele sale r\u0103spund nevoilor reale ale cet\u0103\u021benilor.\u00a0<\/span><\/p>\n<p><b>Prioritatea 2<\/b><span style=\"font-weight: 400;\">\u00a0<\/span><\/p>\n<p><b>Gestionarea transform\u0103rilor fundamentale ale societ\u0103\u021bii:<\/b> <b>construirea unor comunit\u0103\u021bi locale \u0219i regionale reziliente<\/b><span style=\"font-weight: 400;\">\u00a0<\/span><\/p>\n<p><b>Oferirea unui r\u0103spuns la transform\u0103rile majore cu care se confrunt\u0103 \u00een prezent regiunile, municipiile \u0219i ora\u0219ele noastre<\/b><span style=\"font-weight: 400;\"> printr-o abordare european\u0103 coerent\u0103, integrat\u0103 \u0219i local\u0103\u00a0<\/span><\/p>\n<p><span style=\"font-weight: 400;\">Pandemiile mondiale, tranzi\u021bia climatic\u0103, cea digital\u0103 \u0219i cea demografic\u0103, precum \u0219i fluxurile de migra\u021bie au un impact profund asupra fiec\u0103rei regiuni, a fiec\u0103rui municipiu, ora\u0219 \u0219i sat din Europa. Pe\u00a0baza obiectivelor de dezvoltare durabil\u0103 ale ONU, vom identifica solu\u021bii cu scopul de a ne asigura c\u0103 UE sprijin\u0103 suficient autorit\u0103\u021bile locale \u0219i regionale pentru a oferi un r\u0103spuns eventualelor situa\u021bii de urgen\u021b\u0103 viitoare \u0219i pentru a aborda transform\u0103rile de la nivelul societ\u0103\u021bii care au loc \u00een comunit\u0103\u021bile lor.\u00a0<\/span><\/p>\n<p><b>Prioritatea 3<\/b><span style=\"font-weight: 400;\">\u00a0<\/span><\/p>\n<p><b>Coeziunea, valoarea noastr\u0103 fundamental\u0103:<\/b> <b>politici ale UE adaptate la realit\u0103\u021bile teritoriale<\/b><span style=\"font-weight: 400;\">\u00a0<\/span><\/p>\n<p><b>Plasarea Uniunii Europene \u00een serviciul cet\u0103\u021benilor s\u0103i \u0219i al locurilor \u00een care ace\u0219tia tr\u0103iesc<\/b><span style=\"font-weight: 400;\">\u00a0<\/span><\/p>\n<p><span style=\"font-weight: 400;\">Coeziunea nu se limiteaz\u0103 la bani, ci este valoarea noastr\u0103 fundamental\u0103, \u00een UE.\u00a0<\/span><\/p>\n<p><span style=\"font-weight: 400;\">Cea de-a treia prioritate a noastr\u0103 va fi s\u0103 ne asigur\u0103m c\u0103 coeziunea economic\u0103, social\u0103 \u0219i teritorial\u0103 este \u00eencurajat\u0103 \u0219i respectat\u0103 \u00een toate politicile UE care au un impact asupra cet\u0103\u021benilor \u0219i locurilor \u00een care ace\u0219tia tr\u0103iesc (politici adaptate la realit\u0103\u021bile teritoriale). Aceasta va scoate \u00een eviden\u021b\u0103 valoarea ad\u0103ugat\u0103 a coeziunii nu numai ca politic\u0103, ci \u0219i ca valoare fundamental\u0103 care trebuie s\u0103 stea la baza tuturor politicilor UE.\u00a0<\/span><\/p>\n<p>&nbsp;<\/p>\n","protected":false},"excerpt":{"rendered":"<p>Autorit\u0103\u021bile locale \u0219i regionale, reprezentate \u00een UE de Comitetul European al Regiunilor, au constituit \u00eentotdeauna coloana vertebral\u0103 a democra\u021biei europene. \u00cen recenta pandemie de COVID &#8211; 19, liderii\u00a0locali \u0219i regionali au ar\u0103tat c\u0103 sunt for\u021ba motrice a comunit\u0103\u021bilor locale, lu\u00e2nd m\u0103suri pentru a r\u0103spunde situa\u021biei de urgen\u021b\u0103 \u0219i deschiz\u00e2nd calea c\u0103tre redresarea UE. Prin urmare, [&hellip;]<\/p>\n","protected":false},"author":1,"featured_media":974,"comment_status":"open","ping_status":"closed","sticky":false,"template":"","format":"standard","meta":{"_bbp_topic_count":0,"_bbp_reply_count":0,"_bbp_total_topic_count":0,"_bbp_total_reply_count":0,"_bbp_voice_count":0,"_bbp_anonymous_reply_count":0,"_bbp_topic_count_hidden":0,"_bbp_reply_count_hidden":0,"_bbp_forum_subforum_count":0,"footnotes":""},"categories":[84],"tags":[],"_links":{"self":[{"href":"https:\/\/cor.borbolycsaba.ro\/ro\/index.php?rest_route=\/wp\/v2\/posts\/973"}],"collection":[{"href":"https:\/\/cor.borbolycsaba.ro\/ro\/index.php?rest_route=\/wp\/v2\/posts"}],"about":[{"href":"https:\/\/cor.borbolycsaba.ro\/ro\/index.php?rest_route=\/wp\/v2\/types\/post"}],"author":[{"embeddable":true,"href":"https:\/\/cor.borbolycsaba.ro\/ro\/index.php?rest_route=\/wp\/v2\/users\/1"}],"replies":[{"embeddable":true,"href":"https:\/\/cor.borbolycsaba.ro\/ro\/index.php?rest_route=%2Fwp%2Fv2%2Fcomments&post=973"}],"version-history":[{"count":1,"href":"https:\/\/cor.borbolycsaba.ro\/ro\/index.php?rest_route=\/wp\/v2\/posts\/973\/revisions"}],"predecessor-version":[{"id":975,"href":"https:\/\/cor.borbolycsaba.ro\/ro\/index.php?rest_route=\/wp\/v2\/posts\/973\/revisions\/975"}],"wp:featuredmedia":[{"embeddable":true,"href":"https:\/\/cor.borbolycsaba.ro\/ro\/index.php?rest_route=\/wp\/v2\/media\/974"}],"wp:attachment":[{"href":"https:\/\/cor.borbolycsaba.ro\/ro\/index.php?rest_route=%2Fwp%2Fv2%2Fmedia&parent=973"}],"wp:term":[{"taxonomy":"category","embeddable":true,"href":"https:\/\/cor.borbolycsaba.ro\/ro\/index.php?rest_route=%2Fwp%2Fv2%2Fcategories&post=973"},{"taxonomy":"post_tag","embeddable":true,"href":"https:\/\/cor.borbolycsaba.ro\/ro\/index.php?rest_route=%2Fwp%2Fv2%2Ftags&post=973"}],"curies":[{"name":"wp","href":"https:\/\/api.w.org\/{rel}","templated":true}]}}