{"id":970,"date":"2020-12-03T06:10:23","date_gmt":"2020-12-03T06:10:23","guid":{"rendered":"https:\/\/cor.borbolycsaba.ro\/ro\/?p=970"},"modified":"2020-12-03T06:10:23","modified_gmt":"2020-12-03T06:10:23","slug":"cor-si-comisia-europeana-isi-unesc-fortele-pentru-a-stimula-cercetarea-si-inovarea-la-nivel-local-si-regional","status":"publish","type":"post","link":"https:\/\/cor.borbolycsaba.ro\/ro\/?p=970","title":{"rendered":"CoR \u0219i Comisia European\u0103 \u00ee\u0219i unesc for\u021bele pentru a stimula cercetarea \u0219i inovarea la nivel local \u0219i regional"},"content":{"rendered":"<p><em>Planul de ac\u021biune semnat cu serviciile comisarului Gabriel (DG EAC, DG RTD \u0219i CCR) va aborda, de asemenea, exodul creierelor \u0219i inegalit\u0103\u021bile educa\u021bionale<\/em><\/p>\n<p><strong>Pentru a consolida baza de cuno\u0219tin\u021be a Europei la nivel local \u0219i regional \u0219i pentru a sprijini refacerea din criza Covid-19, Comitetul European al Regiunilor (CoR) \u00ee\u0219i va intensifica cooperarea cu serviciile Comisiei Europene \u00een domeniul cercet\u0103rii \u0219i inov\u0103rii, educa\u021biei \u0219i culturii. Un nou plan de ac\u021biune semnat \u00eentre cele dou\u0103 institu\u021bii \u00ee\u0219i propune s\u0103 ofere regiunilor \u0219i ora\u0219elor cele mai recente date \u0219i cuno\u0219tin\u021be \u0219i s\u0103 le ajute s\u0103 combat\u0103 diviziunea inova\u021biei \u0219i exodul de creiere, s\u0103 abordeze inegalit\u0103\u021bile educa\u021bionale \u0219i s\u0103 realizeze priorit\u0103\u021bile politice ale UE, precum Pactul Ecologic European<\/strong>.<\/p>\n<p>\u00cen cadrul reuniunii Comisiei SEDEC a CoR din 25 noiembrie, Mariya Gabriel, comisarul pentru inovare, cercetare, cultur\u0103, educa\u021bie \u0219i tineret, a declarat: \u201eRegiunile \u0219i ora\u0219ele joac\u0103 un rol esen\u021bial \u00een realizarea tranzi\u021biilor noastre verzi \u0219i digitale. Planul comun de ac\u021biune \u0219i planul de lucru relansat al Platformei de schimb de cuno\u0219tin\u021be pe care Comitetul Regiunilor \u0219i Comisia \u00eel adopt\u0103 ast\u0103zi reprezint\u0103 elementele de baz\u0103 ale strategiei noastre europene de cunoa\u0219tere \u0219i se concentreaz\u0103 pe solu\u021bii concrete pentru \u00eembun\u0103t\u0103\u021birea vie\u021bii cet\u0103\u021benilor. &#8221;<\/p>\n<p>Apostolos Tzitzikostas, pre\u0219edintele Comitetului European al Regiunilor, a declarat: \u201eApropierea Europei de oameni, construirea de comunit\u0103\u021bi regionale \u0219i locale durabile, rezistente, inovatoare \u0219i lupta pentru valorile noastre, prin educa\u021bie \u0219i cultur\u0103: acestea sunt principalele noastre priorit\u0103\u021bi. Planul de ac\u021biune dintre noi \u0219i comisarul Gabriel va sprijini munca noastr\u0103 \u00een atingerea acestor obiective. &#8221;<\/p>\n<p>Anne Karjalainen (FI \/ PES), pre\u0219edinta Comisiei SEDEC a CoR, a declarat: \u201eAncorarea ferm\u0103 a ac\u021biunilor la nivel local \u0219i regional \u00een domeniul educa\u021biei, cercet\u0103rii, inov\u0103rii \u0219i culturii este esen\u021bial\u0103 pentru coeziunea Europei, recuperarea durabil\u0103 \u0219i tranzi\u021bia lin\u0103 c\u0103tre o economia neutr\u0103 din punct de vedere al emisiilor de carbon. Planul de ac\u021biune comun reflect\u0103 pe deplin voin\u021ba politic\u0103 de a continua ac\u021biunile comune, \u00eencuraj\u00e2nd sinergii puternice \u00eentre politici \u0219i instrumente, astfel \u00eenc\u00e2t nici o persoan\u0103 \u0219i niciun loc s\u0103 nu r\u0103m\u00e2n\u0103 \u00een urm\u0103. &#8221;<\/p>\n<p>Pandemia Covid-19 a pus \u00een prim plan eforturile de cercetare \u0219i solu\u021biile inovatoare \u00een domeniul s\u0103n\u0103t\u0103\u021bii, precum \u0219i \u00een alte sectoare ale societ\u0103\u021bii. Pentru a stimula \u00een continuare dezvoltarea ecosistemelor regionale de inovare, aprofundarea ini\u021biativei de succes a Platformei de schimb de cuno\u0219tin\u021be (KEP) a CoR \u0219i a Comisiei Europene este o parte esen\u021bial\u0103 a planului de ac\u021biune. Acesta va fi actualizat la nivel strategic \u0219i complet aliniat cu priorit\u0103\u021bile Spa\u021biului European de Cercetare (ERA), a\u0219a cum a anun\u021bat Comisia \u00een recenta sa comunicare privind noul ERA.<\/p>\n<p>KEP 2.0 \u00ee\u0219i propune s\u0103 ajute ora\u0219ele \u0219i regiunile s\u0103 devin\u0103 factori activi de schimbare \u0219i lideri \u00een inovare, s\u0103 valorifice noile cuno\u0219tin\u021be create prin Orizont Europa \u0219i s\u0103 \u00eenmul\u021beasc\u0103 extinderea ERA \u0219i s\u0103 aduc\u0103 conceptele \u0219i mesajele sale principale mai aproape de cet\u0103\u021beni. CoR va participa la identificarea ecosistemelor cunoa\u0219terii \u00een \u00eentreaga UE pentru a forma hub-urile ERA &#8211; structuri care reunesc p\u0103r\u021bile interesate regionale.<\/p>\n<p>\u201eHub-urile ERA pot fi o oportunitate de a acorda recunoa\u0219tere institu\u021bional\u0103 deplin\u0103 ecosistemelor regionale \u0219i hub-urilor de inovare. Cu toate acestea, acestea nu trebuie s\u0103 fie doar un instrument pentru reducerea decalajului de inovare; un cadru excelent pentru a stimula apari\u021bia proiectelor colective de cercetare \u0219i inovare, combin\u00e2nd mai multe ecosisteme regionale \u0219i centre de inovare \u00eentr-o abordare de jos \u00een sus &#8222;, a subliniat raportorul CoR, Christophe Clergeau (FR \/ PSE), membru al Pays-de-la-Loire Consiliul regional. Proiectul s\u0103u de aviz cu privire la noua comunicare ERA a fost discutat \u00een cadrul \u0219edin\u021bei SEDEC.<\/p>\n<p>Planul de ac\u021biune prevede, de asemenea, un rol important al CoR \u00een sprijinul celor cinci misiuni Orizont Europa, de exemplu, prin stabilirea de parteneriate \u0219i re\u021bele \u00eentre regiuni \u0219i ora\u0219e. \u00cen plus, subliniaz\u0103 c\u0103 regiunile \u0219i ora\u0219ele pot ac\u021biona ca catalizatori pentru a promova sinergiile \u00eentre Orizont Europa \u0219i finan\u021barea politicii de coeziune.<\/p>\n<p>De asemenea, proiectul pilot Science Meets Regions va fi extins pentru a sprijini elaborarea de politici bazate pe \u0219tiin\u021b\u0103 la nivel regional \u0219i local, precum \u0219i cooperarea \u0219i schimbul de bune practici \u00eentre regiuni. Centrul comun de cercetare al Comisiei Europene va sprijini regiunile \u0219i ora\u0219ele, oferindu-le mai multe date subna\u021bionale.<\/p>\n<p>\u00cen domeniul educa\u021biei \u0219i culturii, cele dou\u0103 institu\u021bii se angajeaz\u0103 s\u0103 mapeze inegalit\u0103\u021bile educa\u021bionale, \u00een special \u00een ceea ce prive\u0219te accesul la e-learning. Planul prevede o implicare puternic\u0103 pentru ora\u0219e \u0219i regiuni \u00een Coali\u021bia Educa\u021bie pentru Clim\u0103, care are ca obiectiv promovarea educa\u021biei pentru sustenabilitatea mediului \u0219i \u00een implementarea Planului de ac\u021biune educa\u021bional digital actualizat. De asemenea, are \u00een vedere promovarea valorilor, identit\u0103\u021bilor \u0219i cet\u0103\u021beniei europene prin educa\u021bie \u0219i cultur\u0103 la nivel regional \u0219i local.<\/p>\n<p>SEDEC este Comisia CoR pentru politici sociale, ocuparea for\u021bei de munc\u0103, educa\u021bie, cercetare \u0219i cultur\u0103. Reuniunea din 25 noiembrie a fost organizat online din cauza situa\u021biei de s\u0103n\u0103tate din Europa. Trei proiecte de aviz au fost prezentate spre adoptare:<\/p>\n<p><em>Agenda European\u0103 a Competen\u021belor pentru competitivitate durabil\u0103, echitate social\u0103 \u0219i rezilien\u021b\u0103<\/em><\/p>\n<p>Raportorul Csaba Borboly (RO \/ PPE), pre\u0219edintele Consiliului Jude\u021bean Harghita, a declarat: &#8222;Autorit\u0103\u021bile locale \u0219i regionale joac\u0103 un rol semnificativ \u00een sus\u021binerea educa\u021biei, integr\u0103rii for\u021bei de munc\u0103 \u0219i ini\u021biativelor legate de competen\u021be la nivel local. Dar trebuie recunoscut faptul c\u0103 abordarea \u201epotrivit\u0103 tuturor\u201d nu este durabil\u0103, din cauza decalajelor digitale \u0219i economice dintre regiuni. Prin urmare, trebuie s\u0103 cooper\u0103m \u00eendeaproape cu institu\u021biile UE, IMM-urile \u0219i toate p\u0103r\u021bile interesate \u0219i avem nevoie de fonduri care s\u0103 fie rapid urm\u0103rite de autorit\u0103\u021bile locale \u0219i de autorit\u0103\u021bi locale.&#8221;<\/p>\n<p><em>Sprijinul pentru ocuparea for\u021bei de munc\u0103 pentru tineri: o punte c\u0103tre locurile de munc\u0103 pentru genera\u021bia urm\u0103toare, consolid\u00e2nd garan\u021bia pentru tineri<\/em><\/p>\n<p>Raportorul Romy Karier (LU \/ PPE), membru al consiliului municipal Clervaux, a declarat: \u201ePropunerea privind consolidarea garan\u021biei pentru tineri este deosebit de semnificativ\u0103 \u00een contextul crizei Covid-19, care are un efect dispropor\u021bionat asupra tinerilor. Autorit\u0103\u021bile regionale pot ac\u021biona ca o punte \u00eentre diferite p\u0103r\u021bi interesate, cum ar fi institu\u021biile de \u00eenv\u0103\u021b\u0103m\u00e2nt, organiza\u021biile de tineret \u0219i serviciile publice de ocupare a for\u021bei de munc\u0103 pentru a sprijini punerea \u00een aplicare eficient\u0103 a Garan\u021biei pentru tineret, care ar trebui s\u0103 conduc\u0103 la locuri de munc\u0103 stabile \u0219i durabile. &#8221;<\/p>\n<p><em>Repornirea sectoarelor culturale \u0219i creative<\/em><\/p>\n<p>Raportorul Giuseppe Varacalli (IT \/ Renew E.), membru al Consiliului municipal Gerace, a declarat: \u201eSectoarele culturale \u0219i creative reprezint\u0103 doar 4,2% din PIB-ul european, iar cu activit\u0103\u021bile conexe acest procent cre\u0219te cu mult peste 5%. \u00cen ciuda utiliz\u0103rii a noilor tehnologii, marea majoritate a activit\u0103\u021bilor lor se bazeaz\u0103 pe prezen\u021ba fizic\u0103, astfel \u00eenc\u00e2t mul\u021bi dintre ei nu au reu\u0219it s\u0103-\u0219i continue activit\u0103\u021bile \u00een timpul crizei Covid-19. Avizul solicit\u0103 Europei s\u0103 ac\u021bioneze ca o p\u00e2rghie pentru ca statele membre s\u0103 foloseasc\u0103 toate finan\u021barea disponibil\u0103 \u0219i m\u0103surile de sprijinire a culturii, c\u0103ut\u00e2nd s\u0103 nu lase pe nimeni \u00een urm\u0103. &#8221;<\/p>\n<p>Toate cele patru avize vor fi discutate \u0219i adoptate \u00een sesiunea plenar\u0103 a CoR din februarie 2021.<\/p>\n<p>Pentru a deschide calea c\u0103tre o redresare echitabil\u0103 \u0219i favorabil\u0103 incluziunii din criza Covid-19, regiunile \u0219i ora\u0219ele \u00ee\u0219i consolideaz\u0103, de asemenea, cooperarea cu Direc\u021bia General\u0103 pentru Ocuparea For\u021bei de Munc\u0103, Afaceri Sociale \u0219i Incluziune (DG EMPL) a Comisiei Europene. \u00cen urma unei dezbateri cu directorul general al DG EMPL, Joost Korte, membrii SEDEC au adoptat un plan care identific\u0103 domeniile specifice de cooperare consolidat\u0103 \u00een jurul Summitului social de la Porto (mai 2021), planul de ac\u021biune pentru punerea \u00een aplicare a Pilonului european al drepturilor sociale \u0219i a competen\u021belor europene. CoR poate facilita schimbul de informa\u021bii \u0219i cele mai bune practici, atunci c\u00e2nd vine vorba de finan\u021barea din partea REACT-UE \u0219i Fondul social european Plus, oferite \u00een sprijinul m\u0103surilor de ocupare a for\u021bei de munc\u0103 \u00een r\u00e2ndul tinerilor, \u0219i poate promova dialogul \u00eentre autorit\u0103\u021bile locale \u0219i regionale \u00een elaborarea conceptelor de combatere a \u0219omajului \u00een r\u00e2ndul tinerilor \u00een str\u00e2ns\u0103 colaborare cu partenerii sociali.<\/p>\n<p>&nbsp;<\/p>\n<p>&nbsp;<\/p>\n","protected":false},"excerpt":{"rendered":"<p>Planul de ac\u021biune semnat cu serviciile comisarului Gabriel (DG EAC, DG RTD \u0219i CCR) va aborda, de asemenea, exodul creierelor \u0219i inegalit\u0103\u021bile educa\u021bionale Pentru a consolida baza de cuno\u0219tin\u021be a Europei la nivel local \u0219i regional \u0219i pentru a sprijini refacerea din criza Covid-19, Comitetul European al Regiunilor (CoR) \u00ee\u0219i va intensifica cooperarea cu serviciile [&hellip;]<\/p>\n","protected":false},"author":1,"featured_media":857,"comment_status":"open","ping_status":"closed","sticky":false,"template":"","format":"standard","meta":{"_bbp_topic_count":0,"_bbp_reply_count":0,"_bbp_total_topic_count":0,"_bbp_total_reply_count":0,"_bbp_voice_count":0,"_bbp_anonymous_reply_count":0,"_bbp_topic_count_hidden":0,"_bbp_reply_count_hidden":0,"_bbp_forum_subforum_count":0,"footnotes":""},"categories":[84],"tags":[],"_links":{"self":[{"href":"https:\/\/cor.borbolycsaba.ro\/ro\/index.php?rest_route=\/wp\/v2\/posts\/970"}],"collection":[{"href":"https:\/\/cor.borbolycsaba.ro\/ro\/index.php?rest_route=\/wp\/v2\/posts"}],"about":[{"href":"https:\/\/cor.borbolycsaba.ro\/ro\/index.php?rest_route=\/wp\/v2\/types\/post"}],"author":[{"embeddable":true,"href":"https:\/\/cor.borbolycsaba.ro\/ro\/index.php?rest_route=\/wp\/v2\/users\/1"}],"replies":[{"embeddable":true,"href":"https:\/\/cor.borbolycsaba.ro\/ro\/index.php?rest_route=%2Fwp%2Fv2%2Fcomments&post=970"}],"version-history":[{"count":1,"href":"https:\/\/cor.borbolycsaba.ro\/ro\/index.php?rest_route=\/wp\/v2\/posts\/970\/revisions"}],"predecessor-version":[{"id":971,"href":"https:\/\/cor.borbolycsaba.ro\/ro\/index.php?rest_route=\/wp\/v2\/posts\/970\/revisions\/971"}],"wp:featuredmedia":[{"embeddable":true,"href":"https:\/\/cor.borbolycsaba.ro\/ro\/index.php?rest_route=\/wp\/v2\/media\/857"}],"wp:attachment":[{"href":"https:\/\/cor.borbolycsaba.ro\/ro\/index.php?rest_route=%2Fwp%2Fv2%2Fmedia&parent=970"}],"wp:term":[{"taxonomy":"category","embeddable":true,"href":"https:\/\/cor.borbolycsaba.ro\/ro\/index.php?rest_route=%2Fwp%2Fv2%2Fcategories&post=970"},{"taxonomy":"post_tag","embeddable":true,"href":"https:\/\/cor.borbolycsaba.ro\/ro\/index.php?rest_route=%2Fwp%2Fv2%2Ftags&post=970"}],"curies":[{"name":"wp","href":"https:\/\/api.w.org\/{rel}","templated":true}]}}