{"id":958,"date":"2020-11-04T11:58:35","date_gmt":"2020-11-04T11:58:35","guid":{"rendered":"https:\/\/cor.borbolycsaba.ro\/ro\/?p=958"},"modified":"2020-11-04T11:58:35","modified_gmt":"2020-11-04T11:58:35","slug":"tranzitia-catre-o-economie-justa-nu-trebuie-sa-lase-pe-nimeni-in-urma","status":"publish","type":"post","link":"https:\/\/cor.borbolycsaba.ro\/ro\/?p=958","title":{"rendered":"Tranzi\u021bia c\u0103tre o economie just\u0103 nu trebuie s\u0103 lase pe nimeni \u00een urm\u0103"},"content":{"rendered":"<p><span style=\"font-weight: 400;\">\u201cTrecerea de la o economie gri la o una verde\u201d a fost subiectul dezb\u0103tut \u00een cadrul evenimentului organizat de pre\u0219edintele Consiliului Jude\u021bean Harghita, membru PPE-CoR, dl. Csaba Borboly, \u00een cadrul S\u0103pt\u0103m\u00e2nii regiunilor \u0219i ora\u0219elor europene. Principalele probleme discutate au fost nevoia investirii \u00een formarea for\u021bei de munc\u0103 \u0219i de a veni \u00een ajutorul comunit\u0103\u021bilor vulnerabile prin aceast\u0103 tranzi\u021bie. Evenimentul a fost moderat de dl. Gyula Winkler (RO\/PPE), membru al Parlamentului European \u0219i vicepre\u0219edinte al Comisiei pentru comer\u021b interna\u021bional.<\/span><\/p>\n<p><span style=\"font-weight: 400;\">Csaba Borboly a vorbit despre necesitatea de a analiza diferitele aspecte ale tranzi\u021biei, totodat\u0103 impactul acestora asupra vie\u021bii de zi cu zi a cet\u0103\u021benilor. \u201e\u00cen timp ce \u00een Rom\u00e2nia iernile sunt la fel de reci ca \u00een sudul Finlandei, noi \u00eenc\u0103 \u00eenc\u0103lzim casele folosind lemne. Acest lucru are un impact mare asupra schimb\u0103rilor climatice. Avem nevoie de un proiect inovator pentru a implementa o solu\u021bie sustenabil\u0103 de \u00eenc\u0103lzire a caselor.\u201d El a vorbit \u0219i despre necesitatea de a investi \u00een formare \u0219i crearea de noi locuri de munc\u0103, pentru a se asigura c\u0103 ora\u0219ele \u0219i regiunile nu vor experimenta \u0219ocuri demografice. \u201eVorbesc acum, venind dintr-un\u00a0 ora\u0219 care \u0219i-a pierdut jum\u0103tate din popula\u021bie din cauza \u00eenchiderii minei de cupru. Trebuie s\u0103 cre\u0103m locuri de munc\u0103, dac\u0103 vrem ca acei muncitori s\u0103 r\u0103m\u00e2n\u0103 acas\u0103 \u0219i s\u0103 nu se produc\u0103 o schimbare demografic\u0103 \u00een acest domeniu.\u201d<\/span><\/p>\n<p><span style=\"font-weight: 400;\">Olgierd Geblewicz, pre\u0219edintele Grupului PPE-CoR, a descris satele, ora\u0219ele \u0219i regiunile ca motoare ale schimb\u0103rii, care construiesc societ\u0103\u021bi mai durabile \u0219i sustenabile. El a spus c\u0103 regiunile, ora\u0219ele \u0219i comunele implementeaz\u0103 o serie de proiecte, prin urmare,\u00a0 ei trebuie s\u0103 fie pe deplin implica\u021bi \u00een atingerea obiectivelelor acordului tranzi\u021biei c\u0103tre o economie mai verde. \u201eSuntem convin\u0219i c\u0103,\u00a0 lucr\u00e2nd \u00eempreun\u0103, \u00een acord cu principiile unei guvern\u0103ri pe mai multe nivele, totodat\u0103 cu cele ale subsidiarit\u0103\u021bii, este singura cale de urmat, dac\u0103 vrem s\u0103 transpunem obiectivele Green Deal \u00een proiecte locale durabile, \u00een scopul de a transforma societ\u0103\u021bile noastre \u0219i de a le face mai rezistente\u201d, a spus el.<\/span><\/p>\n<p><span style=\"font-weight: 400;\">Geblewicz a subliniat c\u0103 aceast\u0103 tranzi\u021bie nu trebuie s\u0103 lase pe nimeni \u00een urm\u0103. \u201eTrecerea la economia verde trebuie f\u0103cut\u0103 pentru \u0219i \u00eempreun\u0103 cu oamenii, \u0219i \u00eentr-un mod just \u0219i corect.\u00a0 El a ad\u0103ugat c\u0103 cele mai vulnerabile comunit\u0103\u021bi au nevoie de sprijin financiar adecvat, acces la cuno\u0219tin\u021be \u0219i sprijin \u00een accesul la tehnologiile inovatoare. Totodat\u0103, el a subliniat apelul lui Borboly referitor la punerea oamenilor \u00een centrul tranzi\u021biei. \u00cen aceast\u0103 privin\u021b\u0103, Geblewicz a spus c\u0103 este important s\u0103 se \u00eenfiin\u021beze programe de formare profesional\u0103 regionale, s\u0103 se asigure consolidarea capacit\u0103\u021bilor de formare profesional\u0103, \u00een vederea reutiliz\u0103rii \u00een regiunile afectate a abilit\u0103\u021bilor de munc\u0103 c\u0103tre industrii mai durabile.\u00a0<\/span><\/p>\n<p><span style=\"font-weight: 400;\">Printre numeroasele propuneri\u00a0 \u0219i apeluri f\u0103cute, Geblewicz a f\u0103cut apel pentru investi\u021bii \u00een proiecte verzi \u0219i albastre. \u00cen plus, el a subliniat solicitarea PPE-CoR pentru ca Comisia s\u0103 ofere acces direct la fondurile UE pentru guvernele locale \u0219i regionale, argument\u00e2nd c\u0103 autorit\u0103\u021bile locale \u0219i regionale \u0219tiu cel mai bine care sunt nevoile locale. \u00cen observa\u021biile sale finale, pre\u0219edintele Grupului PPE-CoR a spus c\u0103 tranzi\u021bia trebuie f\u0103cut\u0103 \u00een spiritul solidarit\u0103\u021bii. \u201eCu circumstan\u021bele extraordinare \u00een care ne afl\u0103m, ca urmare a unei pandemii, nu putem l\u0103sa niciun cet\u0103\u021bean \u00een urm\u0103\u201d.<\/span><\/p>\n<p>&nbsp;<\/p>\n","protected":false},"excerpt":{"rendered":"<p>\u201cTrecerea de la o economie gri la o una verde\u201d a fost subiectul dezb\u0103tut \u00een cadrul evenimentului organizat de pre\u0219edintele Consiliului Jude\u021bean Harghita, membru PPE-CoR, dl. Csaba Borboly, \u00een cadrul S\u0103pt\u0103m\u00e2nii regiunilor \u0219i ora\u0219elor europene. Principalele probleme discutate au fost nevoia investirii \u00een formarea for\u021bei de munc\u0103 \u0219i de a veni \u00een ajutorul comunit\u0103\u021bilor vulnerabile [&hellip;]<\/p>\n","protected":false},"author":1,"featured_media":959,"comment_status":"open","ping_status":"closed","sticky":false,"template":"","format":"standard","meta":{"_bbp_topic_count":0,"_bbp_reply_count":0,"_bbp_total_topic_count":0,"_bbp_total_reply_count":0,"_bbp_voice_count":0,"_bbp_anonymous_reply_count":0,"_bbp_topic_count_hidden":0,"_bbp_reply_count_hidden":0,"_bbp_forum_subforum_count":0,"footnotes":""},"categories":[84],"tags":[],"_links":{"self":[{"href":"https:\/\/cor.borbolycsaba.ro\/ro\/index.php?rest_route=\/wp\/v2\/posts\/958"}],"collection":[{"href":"https:\/\/cor.borbolycsaba.ro\/ro\/index.php?rest_route=\/wp\/v2\/posts"}],"about":[{"href":"https:\/\/cor.borbolycsaba.ro\/ro\/index.php?rest_route=\/wp\/v2\/types\/post"}],"author":[{"embeddable":true,"href":"https:\/\/cor.borbolycsaba.ro\/ro\/index.php?rest_route=\/wp\/v2\/users\/1"}],"replies":[{"embeddable":true,"href":"https:\/\/cor.borbolycsaba.ro\/ro\/index.php?rest_route=%2Fwp%2Fv2%2Fcomments&post=958"}],"version-history":[{"count":1,"href":"https:\/\/cor.borbolycsaba.ro\/ro\/index.php?rest_route=\/wp\/v2\/posts\/958\/revisions"}],"predecessor-version":[{"id":960,"href":"https:\/\/cor.borbolycsaba.ro\/ro\/index.php?rest_route=\/wp\/v2\/posts\/958\/revisions\/960"}],"wp:featuredmedia":[{"embeddable":true,"href":"https:\/\/cor.borbolycsaba.ro\/ro\/index.php?rest_route=\/wp\/v2\/media\/959"}],"wp:attachment":[{"href":"https:\/\/cor.borbolycsaba.ro\/ro\/index.php?rest_route=%2Fwp%2Fv2%2Fmedia&parent=958"}],"wp:term":[{"taxonomy":"category","embeddable":true,"href":"https:\/\/cor.borbolycsaba.ro\/ro\/index.php?rest_route=%2Fwp%2Fv2%2Fcategories&post=958"},{"taxonomy":"post_tag","embeddable":true,"href":"https:\/\/cor.borbolycsaba.ro\/ro\/index.php?rest_route=%2Fwp%2Fv2%2Ftags&post=958"}],"curies":[{"name":"wp","href":"https:\/\/api.w.org\/{rel}","templated":true}]}}