{"id":952,"date":"2020-10-16T10:55:57","date_gmt":"2020-10-16T10:55:57","guid":{"rendered":"https:\/\/cor.borbolycsaba.ro\/ro\/?p=952"},"modified":"2020-10-19T10:57:48","modified_gmt":"2020-10-19T10:57:48","slug":"mesajul-regiunilor-si-oraselor-ue-catre-angela-merkel-suntem-hotarati-sa-conlucram-pentru-o-europa-mai-rezilienta-mai-democratica-mai-durabila-si-mai-umana","status":"publish","type":"post","link":"https:\/\/cor.borbolycsaba.ro\/ro\/?p=952","title":{"rendered":"Mesajul regiunilor \u0219i ora\u0219elor UE c\u0103tre Angela Merkel: suntem hot\u0103r\u00e2\u021bi s\u0103 conlucr\u0103m pentru o Europ\u0103 mai rezilient\u0103, mai democratic\u0103, mai durabil\u0103 \u0219i mai uman\u0103."},"content":{"rendered":"<p style=\"font-weight: 400;\"><em>\u00cen cadrul sesiunii plenare din octombrie, cancelara Germaniei, Angela\u00a0Merkel, a discutat cu membrii Comitetului European al Regiunilor despre impactul crizei cauzate de pandemia de COVID-19 \u0219i despre viitorul Europei.<\/em><\/p>\n<p style=\"font-weight: 400;\"><strong>Pre\u0219edintele Comitetului European al Regiunilor, Apostolos Tzitzikostas, a \u00eent\u00e2mpinat-o pe Angela Merkel, cancelara Republicii Federale Germania, la\u00a0<\/strong><a href=\"https:\/\/cor.europa.eu\/ro\/events\/Pages\/140th-cor-plenary-session--.aspx\" data-saferedirecturl=\"https:\/\/www.google.com\/url?q=https:\/\/cor.europa.eu\/ro\/events\/Pages\/140th-cor-plenary-session--.aspx&amp;source=gmail&amp;ust=1603191253875000&amp;usg=AFQjCNF1jhvWNeuwaDAZ-VySy3Kjg3uGdw\"><strong>sesiunea plenar\u0103 a Comitetului European al Regiunilor<\/strong>\u00a0<\/a><strong>(#CoRplenary) din 13 octombrie. Cancelara german\u0103 a prezentat priorit\u0103\u021bile Pre\u0219edin\u021biei germane a UE, a discutat rolul autorit\u0103\u021bilor locale \u0219i regionale \u00een redresarea Europei \u0219i a avut un schimb de opinii cu membrii CoR cu privire la viitorul Europei (viziona\u021bi\u00a0<\/strong><a href=\"https:\/\/audiovisual.ec.europa.eu\/en\/ebs\/1\/20201013\" data-saferedirecturl=\"https:\/\/www.google.com\/url?q=https:\/\/audiovisual.ec.europa.eu\/en\/ebs\/1\/20201013&amp;source=gmail&amp;ust=1603191253875000&amp;usg=AFQjCNFhNFf90PB11XIHrB9h6i30vwYWXw\"><strong>aici<\/strong>\u00a0<\/a><strong>dezbaterea pe aceast\u0103 tem\u0103)<\/strong>\u00a0.<\/p>\n<p style=\"font-weight: 400;\">Abord\u00e2nd principalele a\u0219tept\u0103ri ale regiunilor \u0219i ora\u0219elor de la Pre\u0219edin\u021bia german\u0103,\u00a0<strong>Apostolos\u00a0Tzitzikostas<\/strong>\u00a0a declarat:\u00a0<em>\u201eCele 300 de regiuni \u0219i 90\u00a0000 de localit\u0103\u021bi sunt temelia construc\u021biei democratice a UE \u0219i plasa sa de siguran\u021b\u0103. Ca lideri locali \u0219i regionali, ne afl\u0103m \u00een prima linie \u00een combaterea pandemiei. Lucr\u0103m neobosit pentru a stopa r\u0103sp\u00e2ndirea virusului, pentru a-i ajuta pe cei mai vulnerabili, a ne ap\u0103ra comunit\u0103\u021bile \u0219i a proteja \u00eentreprinderile \u0219i locurile de munc\u0103. Cet\u0103\u021benii no\u0219tri consider\u0103 c\u0103 suntem nivelul de guvernan\u021b\u0103 cel mai demn de \u00eencredere \u0219i cel mai eficace. Dac\u0103 Europa dore\u0219te\u00a0<strong>s\u0103 stabileasc\u0103 o leg\u0103tur\u0103 mai str\u00e2ns\u0103 cu oamenii la nivel teritorial<\/strong><\/em>\u00a0<em>\u0219i s\u0103 g\u0103seasc\u0103 solu\u021bii concrete la nevoile acestora, liderii locali \u0219i regionali trebuie s\u0103 capete un rol mai important \u00een procesul de luare a deciziilor de la nivelul UE.\u201d<\/em><\/p>\n<p style=\"font-weight: 400;\"><em>\u201ePandemia a demonstrat limitele actualei Europe bidimensionale, bazate doar pe statele membre \u0219i pe Bruxelles\u201d<\/em>\u00a0,\u00a0<strong>a continuat pre\u0219edintele Tzitzikostas.<\/strong>\u00a0<em>\u201eAvem nevoie de o Cas\u0103 european\u0103 a democra\u021biei cu trei dimensiuni, \u00een cadrul c\u0103reia toate nivelurile de guvernare \u2013 UE, na\u021bional \u0219i regional\/local \u2013 s\u0103 conlucreze \u00een serviciul cet\u0103\u021benilor \u0219i mai aproape de cet\u0103\u021beni. Credem \u00een motto-ul Pre\u0219edin\u021biei germane: \u00abGemeinsam\u00bb (\u00ab\u00cempreun\u0103\u00bb). \u00cempreun\u0103 putem construi o Europ\u0103 mai rezilient\u0103, mai democratic\u0103, mai durabil\u0103 \u0219i mai uman\u0103.\u201d<\/em><\/p>\n<p style=\"font-weight: 400;\"><strong>CONTEXT:<\/strong><\/p>\n<p style=\"font-weight: 400;\">Ora\u0219ele \u0219i regiunile Europei se afl\u0103 \u00een continuare \u00een prima linie \u00een lupta \u00eempotriva pandemiei de COVID-19. Autorit\u0103\u021bile locale \u0219i regionale au fost nevoite s\u0103 reac\u021bioneze rapid pentru a oferi sprijin celor mai vulnerabili cet\u0103\u021beni \u0219i \u00eentreprinderilor locale. Criza cauzat\u0103 de pandemia de COVID-19 a avut un impact asupra fiec\u0103rei regiuni, fiec\u0103rui ora\u0219 \u0219i fiec\u0103rei comunit\u0103\u021bi locale din Europa, \u00een fiecare dintre ele \u00een mod diferit, fapt demonstrat \u0219i de datele oferite de\u00a0<a href=\"https:\/\/cor.europa.eu\/ro\/our-work\/Pages\/EURegionalBarometer-2020.aspx\" data-saferedirecturl=\"https:\/\/www.google.com\/url?q=https:\/\/cor.europa.eu\/ro\/our-work\/Pages\/EURegionalBarometer-2020.aspx&amp;source=gmail&amp;ust=1603191253875000&amp;usg=AFQjCNFvMhsZz4B-JfNkTwPInH1mw1UKeQ\"><strong>Barometrul regional \u0219i local anual<\/strong>\u00a0<\/a>, prezentat de CoR la \u00eenceputul acestei s\u0103pt\u0103m\u00e2ni. Sub deviza \u201e\u00a0<a href=\"https:\/\/www.eu2020.de\/eu2020-en\" data-saferedirecturl=\"https:\/\/www.google.com\/url?q=https:\/\/www.eu2020.de\/eu2020-en&amp;source=gmail&amp;ust=1603191253875000&amp;usg=AFQjCNElpFA2rioGYO0b1YxdQgB2Iqpcgg\"><strong>\u00cempreun\u0103 pentru redresarea Europei<\/strong>\u00a0<\/a>\u201d, Pre\u0219edin\u021bia german\u0103 a Consiliului UE se va axa \u00een mod direct pe dep\u0103\u0219irea pandemiei de COVID\u00a0&#8211;\u00a019: combaterea r\u0103sp\u00e2ndirii virusului, sprijinirea redres\u0103rii economiei europene \u0219i consolidarea coeziunii sociale \u00een Europa. \u00cen timpul crizei, autorit\u0103\u021bile locale \u0219i regionale s-au aflat al\u0103turi de cet\u0103\u021beni, ceea ce a demonstrat c\u0103 ele trebuie s\u0103 ocupe o pozi\u021bie central\u0103 \u00een procesul decizional, pentru a se asigura o redresare economic\u0103 echitabil\u0103 \u0219i de succes.<\/p>\n<p style=\"font-weight: 400;\">\u00cen contextul Conferin\u021bei privind viitorul Europei, pandemia a accentuat, de asemenea, necesitatea urgent\u0103 de a acorda autorit\u0103\u021bilor locale \u0219i regionale un loc central, astfel \u00eenc\u00e2t UE s\u0103 devin\u0103 mai democratic\u0103, mai transparent\u0103, mai apropiat\u0103 \u0219i mai apt\u0103 s\u0103 r\u0103spund\u0103 nevoilor cet\u0103\u021benilor s\u0103i. Un sondaj recent (pe care \u00eel pute\u021bi consulta\u00a0<a href=\"https:\/\/cor.europa.eu\/ro\/our-work\/Pages\/EURegionalBarometer-2020.aspx\" data-saferedirecturl=\"https:\/\/www.google.com\/url?q=https:\/\/cor.europa.eu\/ro\/our-work\/Pages\/EURegionalBarometer-2020.aspx&amp;source=gmail&amp;ust=1603191253875000&amp;usg=AFQjCNFvMhsZz4B-JfNkTwPInH1mw1UKeQ\"><strong>aici<\/strong>\u00a0<\/a>), realizat de Kantar, arat\u0103 c\u0103 o larg\u0103 majoritate de cet\u0103\u021beni din fiecare \u021bar\u0103 consider\u0103 c\u0103 influen\u021ba autorit\u0103\u021bilor locale \u0219i regionale la nivelul UE este prea mic\u0103, iar o majoritate absolut\u0103 consider\u0103 c\u0103 cre\u0219terea acestei influen\u021be ar avea un impact pozitiv asupra capacit\u0103\u021bii UE de a rezolva problemele.<\/p>\n<p style=\"font-weight: 400;\">Mai multe informa\u021bii:\u00a0<a href=\"https:\/\/cor.europa.eu\/ro\/news\" data-saferedirecturl=\"https:\/\/www.google.com\/url?q=https:\/\/cor.europa.eu\/ro\/news&amp;source=gmail&amp;ust=1603191253875000&amp;usg=AFQjCNE9wzXFEZlGd1L7vaHxhiYxVnsqew\">https:\/\/cor.europa.eu\/ro\/news<\/a><\/p>\n","protected":false},"excerpt":{"rendered":"<p>\u00cen cadrul sesiunii plenare din octombrie, cancelara Germaniei, Angela\u00a0Merkel, a discutat cu membrii Comitetului European al Regiunilor despre impactul crizei cauzate de pandemia de COVID-19 \u0219i despre viitorul Europei. Pre\u0219edintele Comitetului European al Regiunilor, Apostolos Tzitzikostas, a \u00eent\u00e2mpinat-o pe Angela Merkel, cancelara Republicii Federale Germania, la\u00a0sesiunea plenar\u0103 a Comitetului European al Regiunilor\u00a0(#CoRplenary) din 13 octombrie. [&hellip;]<\/p>\n","protected":false},"author":1,"featured_media":953,"comment_status":"open","ping_status":"closed","sticky":false,"template":"","format":"standard","meta":{"_bbp_topic_count":0,"_bbp_reply_count":0,"_bbp_total_topic_count":0,"_bbp_total_reply_count":0,"_bbp_voice_count":0,"_bbp_anonymous_reply_count":0,"_bbp_topic_count_hidden":0,"_bbp_reply_count_hidden":0,"_bbp_forum_subforum_count":0,"footnotes":""},"categories":[84],"tags":[],"_links":{"self":[{"href":"https:\/\/cor.borbolycsaba.ro\/ro\/index.php?rest_route=\/wp\/v2\/posts\/952"}],"collection":[{"href":"https:\/\/cor.borbolycsaba.ro\/ro\/index.php?rest_route=\/wp\/v2\/posts"}],"about":[{"href":"https:\/\/cor.borbolycsaba.ro\/ro\/index.php?rest_route=\/wp\/v2\/types\/post"}],"author":[{"embeddable":true,"href":"https:\/\/cor.borbolycsaba.ro\/ro\/index.php?rest_route=\/wp\/v2\/users\/1"}],"replies":[{"embeddable":true,"href":"https:\/\/cor.borbolycsaba.ro\/ro\/index.php?rest_route=%2Fwp%2Fv2%2Fcomments&post=952"}],"version-history":[{"count":1,"href":"https:\/\/cor.borbolycsaba.ro\/ro\/index.php?rest_route=\/wp\/v2\/posts\/952\/revisions"}],"predecessor-version":[{"id":954,"href":"https:\/\/cor.borbolycsaba.ro\/ro\/index.php?rest_route=\/wp\/v2\/posts\/952\/revisions\/954"}],"wp:featuredmedia":[{"embeddable":true,"href":"https:\/\/cor.borbolycsaba.ro\/ro\/index.php?rest_route=\/wp\/v2\/media\/953"}],"wp:attachment":[{"href":"https:\/\/cor.borbolycsaba.ro\/ro\/index.php?rest_route=%2Fwp%2Fv2%2Fmedia&parent=952"}],"wp:term":[{"taxonomy":"category","embeddable":true,"href":"https:\/\/cor.borbolycsaba.ro\/ro\/index.php?rest_route=%2Fwp%2Fv2%2Fcategories&post=952"},{"taxonomy":"post_tag","embeddable":true,"href":"https:\/\/cor.borbolycsaba.ro\/ro\/index.php?rest_route=%2Fwp%2Fv2%2Ftags&post=952"}],"curies":[{"name":"wp","href":"https:\/\/api.w.org\/{rel}","templated":true}]}}