{"id":946,"date":"2020-10-14T06:17:32","date_gmt":"2020-10-14T06:17:32","guid":{"rendered":"https:\/\/cor.borbolycsaba.ro\/ro\/?p=946"},"modified":"2020-10-19T06:18:28","modified_gmt":"2020-10-19T06:18:28","slug":"cancelarul-german-angela-merkel-si-presedinta-comisiei-europene-ursula-von-der-leyen-vor-discuta-despre-raspunsul-uniunii-europene-la-pandemia-de-coronavirus-pe-12-si-13-octombrie-la-comitetul-europ","status":"publish","type":"post","link":"https:\/\/cor.borbolycsaba.ro\/ro\/?p=946","title":{"rendered":"Cancelarul german Angela Merkel \u0219i pre\u0219edinta Comisiei Europene, Ursula von der Leyen, vor discuta despre r\u0103spunsul Uniunii Europene la pandemia de coronavirus pe 12 \u0219i 13 octombrie la Comitetul European al Regiunilor.\u00a0"},"content":{"rendered":"<p style=\"font-weight: 400;\"><strong>Adunarea UE a reprezentan\u021bilor politici locali \u0219i regionali va organiza, de asemenea, dezbateri cu pre\u0219edintele \u0219i vicepre\u0219edinta B\u0103ncii Europene de Investi\u021bii, Werner Hoyer \u0219i<\/strong>\u00a0<a href=\"https:\/\/www.eib.org\/en\/infocentre\/phototheque\/personalia\/lilyana-pavlova\/index.htm\" data-saferedirecturl=\"https:\/\/www.google.com\/url?q=https:\/\/www.eib.org\/en\/infocentre\/phototheque\/personalia\/lilyana-pavlova\/index.htm&amp;source=gmail&amp;ust=1603173282653000&amp;usg=AFQjCNHsG3Rz5BNwpsnMeEVHdB7czrcXsg\"><strong>Lilyana Pavlova<\/strong>\u00a0<\/a>.\u00a0<strong>Vor avea loc dezbateri \u0219i cu patru comisari \u2013 Frans Timmermans, vicepre\u0219edinte executiv \u0219i comisarul pentru Pactul verde european,<\/strong>\u00a0<strong>Elisa Ferreira, comisara pentru coeziune \u0219i reforme, Paolo Gentiloni, comisarul pentru economie \u0219i Nicolas Schmit,<\/strong>\u00a0<strong>comisarul pentru locuri de munc\u0103 \u0219i drepturi sociale.<\/strong><\/p>\n<p style=\"font-weight: 400;\">Sesiunea plenar\u0103 va oferi membrilor Comitetului European al Regiunilor (CoR) ocazia de a evalua contribu\u021bia poten\u021bial\u0103 a UE la eforturile de redresare la nivel local \u0219i regional \u0219i de a discuta despre pachetul de redresare \u0219i bugetul pe termen lung al UE.<\/p>\n<p style=\"font-weight: 400;\">Dezbaterile se sprijin\u0103 pe informa\u021bii dintr-un amplu sondaj al CoR cu privire la impactul pandemiei asupra sectorului s\u0103n\u0103t\u0103\u021bii, asupra economiilor \u0219i comunit\u0103\u021bilor din regiunile \u0219i ora\u0219ele UE.\u00a0Sondajul reprezint\u0103 primul\u00a0<strong>Barometru anual regional \u0219i local<\/strong>\u00a0\u0219i se bazeaz\u0103 pe feedback-ul ob\u021binut prin intermediul mecanismelor gestionate de CoR, pe un sondaj privind finan\u021bele de la nivel subna\u021bional, desf\u0103\u0219urat \u00een comun cu OCDE \u0219i pe studii realizate de agen\u021biile UE.\u00a0Include, de asemenea, primul sondaj de opinie de la \u00eenceputul pandemiei privind \u00eencrederea publicului \u00een guvernele locale, regionale \u0219i na\u021bionale din \u00eentreaga UE, precum \u0219i \u00eencrederea \u00een UE.\u00a0Cele 26\u00a0000 de persoane chestionate de Kantar au fost \u00eentrebate \u0219i dac\u0103 ora\u0219ele \u0219i regiunile au suficient\u0103 influen\u021b\u0103 asupra deciziilor luate la nivelul UE \u0219i dac\u0103 nu, \u00een ce aspecte ale vie\u021bii ar dori ca autorit\u0103\u021bile locale \u0219i regionale s\u0103 aib\u0103 o influen\u021b\u0103 mai mare.<\/p>\n<p style=\"font-weight: 400;\"><a href=\"https:\/\/cor.europa.eu\/ro\/about\/president\" data-saferedirecturl=\"https:\/\/www.google.com\/url?q=https:\/\/cor.europa.eu\/ro\/about\/president&amp;source=gmail&amp;ust=1603173282653000&amp;usg=AFQjCNECHe94foYfzV0YXmdFWRQgVuEmog\"><strong>Apostolos Tzitzikostas<\/strong>\u00a0<\/a>(EL-PPE), pre\u0219edintele Comitetului European al Regiunilor \u0219i pre\u0219edintele regiunii Macedonia Central\u0103 a spus: \u201ePrimul Barometru anual regional \u0219i local indic\u0103 unele dintre domeniile \u00een care UE ar trebui s\u0103-\u0219i concentreze sprijinul la nivelul regiunilor, ora\u0219elor \u0219i satelor. El scoate \u00een eviden\u021b\u0103 modul \u00een care pandemia ad\u00e2nce\u0219te decalajele socioeconomice regionale \u0219i exercit\u0103 presiuni considerabile asupra finan\u021belor administra\u021biilor locale \u0219i regionale. Sondajul de opinie realizat \u00een mod special \u00een acest context demonstreaz\u0103 c\u0103, pentru cet\u0103\u021benii no\u0219tri, cea mai bun\u0103 modalitate de a aduce UE mai aproape de ei \u0219i de a le consolida \u00eencrederea \u00een politicienii europeni este ca toate nivelurile de guvernare \u2013 local, regional, na\u021bional \u0219i european \u2013 s\u0103 coopereze mai bine.\u201d<\/p>\n<p style=\"font-weight: 400;\">Barometrul anual regional \u0219i local (#EURegionalBarometer) a fost programat s\u0103 coincid\u0103 cu\u00a0<a href=\"https:\/\/europa.eu\/regions-and-cities\/\" data-saferedirecturl=\"https:\/\/www.google.com\/url?q=https:\/\/europa.eu\/regions-and-cities\/&amp;source=gmail&amp;ust=1603173282653000&amp;usg=AFQjCNH1Xn_PSMxbTICsYktWNq7VqbL3mg\"><strong>S\u0103pt\u0103m\u00e2na european\u0103 a regiunilor \u0219i ora\u0219elor<\/strong>\u00a0<\/a>(#EURegionsWeek), o manifestare organizat\u0103 \u00een comun de CoR \u0219i Comisia European\u0103. Cea de\u00a0&#8211;\u00a0a 18-a edi\u021bie a manifest\u0103rii #EURegionsWeek va fi lansat\u0103 oficial de\u00a0<a href=\"https:\/\/ec.europa.eu\/commission\/commissioners\/2019-2024\/ferreira_en\" data-saferedirecturl=\"https:\/\/www.google.com\/url?q=https:\/\/ec.europa.eu\/commission\/commissioners\/2019-2024\/ferreira_en&amp;source=gmail&amp;ust=1603173282653000&amp;usg=AFQjCNHU3bBVFoc1dwGf_I0aVAN6jkYI-g\"><strong>comisara Elisa Ferreira<\/strong>\u00a0<\/a>\u0219i pre\u0219edintele Tzitzikostas la 12\u00a0octombrie. La 13\u00a0octombrie, comisara Ferreira va participa, de asemenea, la un dialog cet\u0103\u021benesc.<\/p>\n<p style=\"font-weight: 400;\">Anul acesta manifestarea #EURegionsWeek se desf\u0103\u0219oar\u0103 de-a lungul a trei s\u0103pt\u0103m\u00e2ni \u0219i evenimentele sale vor avea loc preponderent\u00a0<a href=\"https:\/\/euregionsweek2020-video.eu\/\" data-saferedirecturl=\"https:\/\/www.google.com\/url?q=https:\/\/euregionsweek2020-video.eu\/&amp;source=gmail&amp;ust=1603173282653000&amp;usg=AFQjCNF7ITnF8Yb62sEXSvWoN0WAYKPKoA\"><strong>online<\/strong>\u00a0<\/a>. Ea continu\u0103 s\u0103 fie cel mai amplu eveniment organizat de UE, cu participarea a 800 de parteneri \u0219i peste 9\u00a0000 de participan\u021bi \u00eenregistra\u021bi. O serie de proiecte finan\u021bate de UE, care dau dovad\u0103 de un nivel de excelen\u021b\u0103 deosebit \u0219i implic\u0103 abord\u0103ri noi \u00een scopul dezvolt\u0103rii regionale, vor fi premiate \u00een cadrul ceremoniei\u00a0<a href=\"https:\/\/regiostarsawards.eu\/\" data-saferedirecturl=\"https:\/\/www.google.com\/url?q=https:\/\/regiostarsawards.eu\/&amp;source=gmail&amp;ust=1603173282653000&amp;usg=AFQjCNFmtFJagIG6FOzeLvIai7Aht60cIQ\"><strong>RegioStars<\/strong>\u00a0<\/a>la 14\u00a0octombrie, cu cinci laurea\u021bi selecta\u021bi de pe o list\u0103 scurt\u0103 de 25.<\/p>\n<p style=\"font-weight: 400;\">De-a lungul celor trei zile (12-14 octombrie) ale sesiunii plenare a CoR, membrii CoR vor dezbate \u0219i vor adopta\u00a0<a href=\"https:\/\/memportal.cor.europa.eu\/Public\/Documents\/MeetingDocuments?meetingId=2164084&amp;meetingSessionId=2203853\" data-saferedirecturl=\"https:\/\/www.google.com\/url?q=https:\/\/memportal.cor.europa.eu\/Public\/Documents\/MeetingDocuments?meetingId%3D2164084%26meetingSessionId%3D2203853&amp;source=gmail&amp;ust=1603173282653000&amp;usg=AFQjCNFgH8pfG3qjQjZw01qOz849VTEjUA\"><strong>recomand\u0103ri<\/strong>\u00a0<\/a>privind 26 de acte legislative ale UE, fiecare dintre acestea av\u00e2nd poten\u021bialul de a contribui la eforturile de redresare ale UE.<\/p>\n<p style=\"font-weight: 400;\">Mai multe informa\u021bii:\u00a0<a href=\"https:\/\/cor.europa.eu\/ro\/news\" data-saferedirecturl=\"https:\/\/www.google.com\/url?q=https:\/\/cor.europa.eu\/ro\/news&amp;source=gmail&amp;ust=1603173282653000&amp;usg=AFQjCNGEoEAgp3skPX_UGC4bAuXQQr2ekQ\">https:\/\/cor.europa.eu\/ro\/news<\/a><\/p>\n","protected":false},"excerpt":{"rendered":"<p>Adunarea UE a reprezentan\u021bilor politici locali \u0219i regionali va organiza, de asemenea, dezbateri cu pre\u0219edintele \u0219i vicepre\u0219edinta B\u0103ncii Europene de Investi\u021bii, Werner Hoyer \u0219i\u00a0Lilyana Pavlova\u00a0.\u00a0Vor avea loc dezbateri \u0219i cu patru comisari \u2013 Frans Timmermans, vicepre\u0219edinte executiv \u0219i comisarul pentru Pactul verde european,\u00a0Elisa Ferreira, comisara pentru coeziune \u0219i reforme, Paolo Gentiloni, comisarul pentru economie \u0219i [&hellip;]<\/p>\n","protected":false},"author":1,"featured_media":947,"comment_status":"open","ping_status":"closed","sticky":false,"template":"","format":"standard","meta":{"_bbp_topic_count":0,"_bbp_reply_count":0,"_bbp_total_topic_count":0,"_bbp_total_reply_count":0,"_bbp_voice_count":0,"_bbp_anonymous_reply_count":0,"_bbp_topic_count_hidden":0,"_bbp_reply_count_hidden":0,"_bbp_forum_subforum_count":0,"footnotes":""},"categories":[84],"tags":[],"_links":{"self":[{"href":"https:\/\/cor.borbolycsaba.ro\/ro\/index.php?rest_route=\/wp\/v2\/posts\/946"}],"collection":[{"href":"https:\/\/cor.borbolycsaba.ro\/ro\/index.php?rest_route=\/wp\/v2\/posts"}],"about":[{"href":"https:\/\/cor.borbolycsaba.ro\/ro\/index.php?rest_route=\/wp\/v2\/types\/post"}],"author":[{"embeddable":true,"href":"https:\/\/cor.borbolycsaba.ro\/ro\/index.php?rest_route=\/wp\/v2\/users\/1"}],"replies":[{"embeddable":true,"href":"https:\/\/cor.borbolycsaba.ro\/ro\/index.php?rest_route=%2Fwp%2Fv2%2Fcomments&post=946"}],"version-history":[{"count":1,"href":"https:\/\/cor.borbolycsaba.ro\/ro\/index.php?rest_route=\/wp\/v2\/posts\/946\/revisions"}],"predecessor-version":[{"id":948,"href":"https:\/\/cor.borbolycsaba.ro\/ro\/index.php?rest_route=\/wp\/v2\/posts\/946\/revisions\/948"}],"wp:featuredmedia":[{"embeddable":true,"href":"https:\/\/cor.borbolycsaba.ro\/ro\/index.php?rest_route=\/wp\/v2\/media\/947"}],"wp:attachment":[{"href":"https:\/\/cor.borbolycsaba.ro\/ro\/index.php?rest_route=%2Fwp%2Fv2%2Fmedia&parent=946"}],"wp:term":[{"taxonomy":"category","embeddable":true,"href":"https:\/\/cor.borbolycsaba.ro\/ro\/index.php?rest_route=%2Fwp%2Fv2%2Fcategories&post=946"},{"taxonomy":"post_tag","embeddable":true,"href":"https:\/\/cor.borbolycsaba.ro\/ro\/index.php?rest_route=%2Fwp%2Fv2%2Ftags&post=946"}],"curies":[{"name":"wp","href":"https:\/\/api.w.org\/{rel}","templated":true}]}}