{"id":929,"date":"2020-09-29T12:56:27","date_gmt":"2020-09-29T12:56:27","guid":{"rendered":"https:\/\/cor.borbolycsaba.ro\/ro\/?p=929"},"modified":"2020-10-06T12:57:54","modified_gmt":"2020-10-06T12:57:54","slug":"dezvoltarea-competentelor-formarea-profesionala-si-exodul-creierelor-subiecte-abordate-de-borboly-csaba-in-cadrul-seminarului-web-organizat-de-uniunea-europeana","status":"publish","type":"post","link":"https:\/\/cor.borbolycsaba.ro\/ro\/?p=929","title":{"rendered":"Dezvoltarea Competen\u021belor, Formarea Profesional\u0103 \u0218i Exodul Creierelor \u2013 Subiecte Abordate De Borboly Csaba \u00cen Cadrul Seminarului Web Organizat De Uniunea European\u0103"},"content":{"rendered":"<p>Comitetul European al Regiunilor (CoR)\u00a0\u0219i\u00a0Comisia European\u0103 \u2014 Alian\u021ba european\u0103 pentru ucenicii (EAfA), cu sprijinul\u00a0Pre\u0219edin\u021biei germane a Consiliului \u0219i asociate cu re\u021beaua EARLALL \u0219i cu Guvernul basc au organizat \u00een data de 29 septembrie\u00a0<a href=\"https:\/\/cor.europa.eu\/ro\/events\/Pages\/sedec-covid19-apprenticeships.aspx\" data-saferedirecturl=\"https:\/\/www.google.com\/url?q=https:\/\/cor.europa.eu\/ro\/events\/Pages\/sedec-covid19-apprenticeships.aspx&amp;source=gmail&amp;ust=1601555443964000&amp;usg=AFQjCNEdx8ErHPqTfxwNPgrJmPWdbJw-3w\">seminarul web<\/a>\u00a0\u00een cadrul c\u0103ruia s-au dezb\u0103tut aspecte referitoare la modul \u00een care COVID-19 afecteaz\u0103 programele de ucenicie, modul \u00een care europenii se confrunt\u0103 cu criza actual\u0103, precum \u0219i r\u0103spunsurile politice ale regiunilor \u0219i ora\u0219elor la pandemie.<\/p>\n<p>\u00cen calitate de invitat la acest eveniment, Borboly Csaba, pre\u0219edintele Consiliului Jude\u021bean Harghita a f\u0103cut o prezentare intitulat\u0103\u00a0<em>Program de dezvoltare a competen\u021belor \u00een scopul competitivit\u0103\u021bii durabile<\/em>. Borboly Csaba este membru al Comitetului European al Regiunilor din anul 2012 \u0219i a elaborat de-a lungul timpului rapoarte referitoare la tineret \u0219i educa\u021bie.<\/p>\n<p>\u201e\u00cen aceste vremuri grele este de datoria noastr\u0103 ca \u00een calitate de autoritate regional\u0103 s\u0103 facem tot ce este posibil pentru sus\u021binerea economiei locale, p\u0103strarea locurilor de munc\u0103, relansarea turismului \u0219i agriculturii, crearea de noi locuri de munc\u0103 \u0219i asigurarea accesului la educa\u021bia de calitate\u201d, a spus Borboly Csaba, raportor \u00een cadrul \u00a0Comitetului Regiunilor. \u00cen prezentarea sa, acesta a eviden\u021biat \u0219i faptul c\u0103 \u00een jude\u021bul Harghita una dintre priorit\u0103\u021bile de v\u00e2rf este reducerea \u0219omajului \u00een r\u00e2ndul tinerilor prin dezvoltarea educa\u021biei. Conform celor declarate de c\u0103tre raportor, un demers important este diminuarea migra\u021biei for\u021bei de munc\u0103 \u00een r\u00e2ndul tinerilor \u0219i a personalului calificat.<\/p>\n<p><a href=\"https:\/\/www.borbolycsaba.ro\/ro\/wp-content\/uploads\/2020\/09\/Webinar2.jpg\" rel=\"prettyPhoto\"><img loading=\"lazy\" decoding=\"async\" class=\"alignnone size-large wp-image-5401 b-loaded\" src=\"https:\/\/www.borbolycsaba.ro\/ro\/wp-content\/uploads\/2020\/09\/Webinar2-1024x576.jpg\" sizes=\"(max-width: 1024px) 100vw, 1024px\" srcset=\"https:\/\/www.borbolycsaba.ro\/ro\/wp-content\/uploads\/2020\/09\/Webinar2-1024x576.jpg 1024w, https:\/\/www.borbolycsaba.ro\/ro\/wp-content\/uploads\/2020\/09\/Webinar2-300x169.jpg 300w, https:\/\/www.borbolycsaba.ro\/ro\/wp-content\/uploads\/2020\/09\/Webinar2-768x432.jpg 768w, https:\/\/www.borbolycsaba.ro\/ro\/wp-content\/uploads\/2020\/09\/Webinar2-1536x864.jpg 1536w, https:\/\/www.borbolycsaba.ro\/ro\/wp-content\/uploads\/2020\/09\/Webinar2.jpg 1600w\" alt=\"\" width=\"1024\" height=\"576\" \/><\/a><\/p>\n<p>\u201e\u00cen procesul de elaborare al unei strategii educa\u021bionale \u0219i de ocuparea a for\u021bei de munc\u0103 durabile trebuie luat\u0103 \u00een considerare nu numai diferen\u021ba dintre statele membre, ci \u0219i cea dintre regiuni\u201d, a declarat Borboly Csaba, care \u00een momentul de fa\u021b\u0103 lucreaz\u0103\u00a0 la elaborarea unei Skills Agenda (Agend\u0103 de competen\u021be).<\/p>\n<p>Borboly Csaba, \u00een calitate de raportor \u00een cadrul Comitetului Regiunilor a demarat\u00a0<a href=\"https:\/\/ec.europa.eu\/eusurvey\/runner\/SkillsAgendaEuropeanCommitteeOfRegions2020?surveylanguage=RO\" data-saferedirecturl=\"https:\/\/www.google.com\/url?q=https:\/\/ec.europa.eu\/eusurvey\/runner\/SkillsAgendaEuropeanCommitteeOfRegions2020?surveylanguage%3DRO&amp;source=gmail&amp;ust=1601555443964000&amp;usg=AFQjCNHlnBQmmGg9otrFcnqiBNZH4zFNKg\">consultarea<\/a>\u00a0privind Agenda european\u0103 a competen\u021belor a c\u0103rei rezultate vor fi incluse \u00een raportul final.<\/p>\n<p>Ca r\u0103spuns la \u00eentrebarea formulat\u0103 de moderatorul seminarului, Sandra Parthie, Borboly Csaba a men\u021bionat c\u0103 reprezint\u0103 \u00eentr-adev\u0103r o real\u0103 provocare recalificarea \u0219i formarea profesional\u0103 la nivelul Europei, date fiind condi\u021biile actuale.\u00a0 Aten\u021bia trebuie s\u0103 ne-o \u00eendrept\u0103m spre identificarea solu\u021biilor care au \u00een vedere protejarea economiilor locale \u0219i regionale \u0219i cre\u0219terea rezisten\u021bei acestora.<\/p>\n<p>Printre participan\u021bi la seminar s-a num\u0103rat \u0219i Virginia Elena Raggi, avocat \u0219i politician italian, cea care din 2016 este prima femeie care ocup\u0103 func\u021bia de primar al Romei. \u00cen prezentarea sa aceasta a men\u021bionat c\u0103 investi\u021biile \u00een educa\u021bie au un rol cheie \u00een redresarea economic\u0103. Digitalizarea \u0219i reabilitarea \u0219colilor pot contribui pentru ca \u0219colile noastre s\u0103 devin\u0103 mai verzi, func\u021bionale din punct de vedere al digitaliz\u0103rii, autonome \u0219i primitoare.<\/p>\n<p><a href=\"https:\/\/www.borbolycsaba.ro\/ro\/wp-content\/uploads\/2020\/09\/Webinar4.jpg\" rel=\"prettyPhoto\"><img loading=\"lazy\" decoding=\"async\" class=\"alignnone size-large wp-image-5402 b-loaded\" src=\"https:\/\/www.borbolycsaba.ro\/ro\/wp-content\/uploads\/2020\/09\/Webinar4-1024x576.jpg\" sizes=\"(max-width: 1024px) 100vw, 1024px\" srcset=\"https:\/\/www.borbolycsaba.ro\/ro\/wp-content\/uploads\/2020\/09\/Webinar4-1024x576.jpg 1024w, https:\/\/www.borbolycsaba.ro\/ro\/wp-content\/uploads\/2020\/09\/Webinar4-300x169.jpg 300w, https:\/\/www.borbolycsaba.ro\/ro\/wp-content\/uploads\/2020\/09\/Webinar4-768x432.jpg 768w, https:\/\/www.borbolycsaba.ro\/ro\/wp-content\/uploads\/2020\/09\/Webinar4-1536x864.jpg 1536w, https:\/\/www.borbolycsaba.ro\/ro\/wp-content\/uploads\/2020\/09\/Webinar4.jpg 1600w\" alt=\"\" width=\"1024\" height=\"576\" \/><\/a><\/p>\n<p>Mai multe informa\u021bii despre programul de dezvoltare al competen\u021belor la nivel european pute\u021bi afla mai multe acces\u00e2nd link-ul:\u00a0<a href=\"https:\/\/ec.europa.eu\/social\/main.jsp?catId=1223\" data-saferedirecturl=\"https:\/\/www.google.com\/url?q=https:\/\/ec.europa.eu\/social\/main.jsp?catId%3D1223&amp;source=gmail&amp;ust=1601555443964000&amp;usg=AFQjCNFLiXWJ3xKdNFiGDQOpitTl8d01PQ\">https:\/\/ec.europa.eu\/social\/main.jsp?catId=1223<\/a><\/p>\n<p>Despre activitatea lui Borboly Csaba \u00een cadrul Comitetului Regiunilor afla\u021bi mai multe acces\u00e2nd link-ul:\u00a0<a href=\"https:\/\/cor.borbolycsaba.ro\/\" data-saferedirecturl=\"https:\/\/www.google.com\/url?q=https:\/\/cor.borbolycsaba.ro\/&amp;source=gmail&amp;ust=1601555443964000&amp;usg=AFQjCNGP8tDge6nyLxRF1x3wG66gGtbR6A\">https:\/\/cor.borbolycsaba.ro\/<\/a><\/p>\n<p>Miercurea Ciuc, 29 septembrie 2020<\/p>\n","protected":false},"excerpt":{"rendered":"<p>Comitetul European al Regiunilor (CoR)\u00a0\u0219i\u00a0Comisia European\u0103 \u2014 Alian\u021ba european\u0103 pentru ucenicii (EAfA), cu sprijinul\u00a0Pre\u0219edin\u021biei germane a Consiliului \u0219i asociate cu re\u021beaua EARLALL \u0219i cu Guvernul basc au organizat \u00een data de 29 septembrie\u00a0seminarul web\u00a0\u00een cadrul c\u0103ruia s-au dezb\u0103tut aspecte referitoare la modul \u00een care COVID-19 afecteaz\u0103 programele de ucenicie, modul \u00een care europenii se confrunt\u0103 [&hellip;]<\/p>\n","protected":false},"author":1,"featured_media":930,"comment_status":"open","ping_status":"closed","sticky":false,"template":"","format":"standard","meta":{"_bbp_topic_count":0,"_bbp_reply_count":0,"_bbp_total_topic_count":0,"_bbp_total_reply_count":0,"_bbp_voice_count":0,"_bbp_anonymous_reply_count":0,"_bbp_topic_count_hidden":0,"_bbp_reply_count_hidden":0,"_bbp_forum_subforum_count":0,"footnotes":""},"categories":[84],"tags":[],"_links":{"self":[{"href":"https:\/\/cor.borbolycsaba.ro\/ro\/index.php?rest_route=\/wp\/v2\/posts\/929"}],"collection":[{"href":"https:\/\/cor.borbolycsaba.ro\/ro\/index.php?rest_route=\/wp\/v2\/posts"}],"about":[{"href":"https:\/\/cor.borbolycsaba.ro\/ro\/index.php?rest_route=\/wp\/v2\/types\/post"}],"author":[{"embeddable":true,"href":"https:\/\/cor.borbolycsaba.ro\/ro\/index.php?rest_route=\/wp\/v2\/users\/1"}],"replies":[{"embeddable":true,"href":"https:\/\/cor.borbolycsaba.ro\/ro\/index.php?rest_route=%2Fwp%2Fv2%2Fcomments&post=929"}],"version-history":[{"count":1,"href":"https:\/\/cor.borbolycsaba.ro\/ro\/index.php?rest_route=\/wp\/v2\/posts\/929\/revisions"}],"predecessor-version":[{"id":931,"href":"https:\/\/cor.borbolycsaba.ro\/ro\/index.php?rest_route=\/wp\/v2\/posts\/929\/revisions\/931"}],"wp:featuredmedia":[{"embeddable":true,"href":"https:\/\/cor.borbolycsaba.ro\/ro\/index.php?rest_route=\/wp\/v2\/media\/930"}],"wp:attachment":[{"href":"https:\/\/cor.borbolycsaba.ro\/ro\/index.php?rest_route=%2Fwp%2Fv2%2Fmedia&parent=929"}],"wp:term":[{"taxonomy":"category","embeddable":true,"href":"https:\/\/cor.borbolycsaba.ro\/ro\/index.php?rest_route=%2Fwp%2Fv2%2Fcategories&post=929"},{"taxonomy":"post_tag","embeddable":true,"href":"https:\/\/cor.borbolycsaba.ro\/ro\/index.php?rest_route=%2Fwp%2Fv2%2Ftags&post=929"}],"curies":[{"name":"wp","href":"https:\/\/api.w.org\/{rel}","templated":true}]}}