{"id":926,"date":"2020-07-09T12:54:04","date_gmt":"2020-07-09T12:54:04","guid":{"rendered":"https:\/\/cor.borbolycsaba.ro\/ro\/?p=926"},"modified":"2020-10-06T12:55:29","modified_gmt":"2020-10-06T12:55:29","slug":"comisia-pentru-educatie-a-comitetului-regiunilor-sedec-l-a-ales-pe-borboly-csaba-raportor","status":"publish","type":"post","link":"https:\/\/cor.borbolycsaba.ro\/ro\/?p=926","title":{"rendered":"Comisia Pentru Educa\u021bie A Comitetului Regiunilor (SEDEC) L-A Ales Pe Borboly Csaba Raportor."},"content":{"rendered":"<p><b><i>\u00cen prim plan se afl\u0103 stimularea ocup\u0103rii for\u021bei de munc\u0103 \u00een r\u00e2ndul tinerilor\u00a0<\/i><\/b><\/p>\n<p>\u00cen cadrul reuniunii din 9 iulie, Borboly Csaba, pre\u0219edintele Consiliului Jude\u021bean Harghita,\u00a0 a fost ales raportor de c\u0103tre Comisia pentru educa\u021bie din cadrul Comitetului Regiunilor (SEDEC) pentru un raport privind educa\u021bia.<\/p>\n<p>\u00cen urma pandemiei Covid-19, strategia de recuperare a Comisiei include, de asemenea, propunerea unui program, adoptat \u00een cadrul reuniunii din 9 iulie, care va asigura c\u0103 trecerea digital\u0103 a UE este un element cheie pentru politicile de ocupare a tinerilor. Propunerea adoptat\u0103 a Comisiei\u00a0<i>\u2013 O agend\u0103 european\u0103 pentru abilit\u0103\u021bi privind competitivitate durabil\u0103, echitate social\u0103 \u0219i rezilien\u021b\u0103<\/i>\u00a0\u2013 va contribui la stimularea ocup\u0103rii tinerilor prin stabilirea unor obiective ambi\u021bioase \u0219i cuantificabile pentru formarea ulterioar\u0103 (dezvoltarea competen\u021belor existente) \u0219i perfec\u021bionarea profesional\u0103 (dob\u00e2ndirea de noi abilit\u0103\u021bi), urm\u00e2nd s\u0103 fie implementat\u0103 \u00een urm\u0103torii cinci ani.<\/p>\n<p>Prin cele 12 ac\u021biuni ale programului, comitetul se va concentra pe abilit\u0103\u021bile necesare pentru ocuparea for\u021bei de munc\u0103, lucr\u00e2nd ca un aliat cu statele membre, companii \u0219i partenerii sociali la reform\u0103. Programul \u00ee\u0219i propune s\u0103 asigure c\u0103 dreptul la educa\u021bie \u0219i \u00eenv\u0103\u021bare pe tot parcursul vie\u021bii, consacrat \u00een Pilonul European al Drepturilor Sociale, se aplic\u0103 \u00een \u00eentreaga Europ\u0103, de la ora\u0219e la zone \u00eendep\u0103rtate, rurale, \u00een beneficiul tuturor.<\/p>\n<p>Scopul raportului lui Borboly Csaba este de a formula propuneri \u00een domeniul educa\u021biei \u0219i recalific\u0103rii adul\u021bilor, ceea ce va contribui foarte mult la redresarea economiei \u00een statele membre dup\u0103 perioada pandemiei, lu\u00e2nd \u00een considerare faptul c\u0103 m\u0103surile de austeritate din ultimele luni au dus la concedieri \u00een mai multe sectoare. Raportul va include propuneri de promovare a ocup\u0103rii tinerilor pe pia\u021ba muncii, toate prin oportunit\u0103\u021bi de formare \u0219i recalificare a adul\u021bilor.<\/p>\n<p>\u201eComisia European\u0103 trebuie s\u0103 ia m\u0103suri pentru a sprijini statele membre, regiunile \u0219i ora\u0219ele \u00een sistemele lor de educa\u021bie \u0219i formare. \u00cen aceast\u0103 perioad\u0103, adaptarea, restaurarea \u0219i modernizarea sistemelor de \u00eenv\u0103\u021b\u0103m\u00e2nt sunt esen\u021biale. Prin urmare, este important s\u0103 solicit\u0103m Comisiei Europene s\u0103 includ\u0103 educa\u021bia digital\u0103, achizi\u021bia echipamentului necesar \u0219i preg\u0103tirea cadrelor didactice pentru astfel de situa\u021bii \u00een programele de sprijin post-criz\u0103 \u201d, a subliniat Borboly Csaba.<\/p>\n<p>Pre\u0219edintele Consiliului Jude\u021bean Harghita a explicat c\u0103 \u00een regiune, vor face toate demersurile posibile\u00a0 pentru a sprijini diferitele sectoare care au fost influen\u021bate de aceast\u0103 criz\u0103.<\/p>\n<p>\u201eCa \u0219i guvern regional, vom face toate eforturile pentru a sprijini economia, turismul, agricultura, pentru a salva locuri de munc\u0103, pentru crearea de noi oportunit\u0103\u021bi de angajare \u0219i nu \u00een ultimul r\u00e2nd, consider\u0103m c\u0103 este important s\u0103 oferim educa\u021bie de calitate\u201d, a spus pre\u0219edintele jude\u021bului.<\/p>\n<p>El a ad\u0103ugat c\u0103 acest lucru necesit\u0103 sprijinul \u0219i aten\u021bia UE: \u201ePolitica UE trebuie s\u0103 pun\u0103 mai mult accent pe disparit\u0103\u021bile regionale, \u00een special \u00een regiunile mai pu\u021bin dezvoltate. Este important s\u0103 reform\u0103m planul de ac\u021biune pentru educa\u021bia digital\u0103, promov\u00e2nd astfel performan\u021ba educa\u021bional\u0103 a studen\u021bilor \u0219i tinerilor din regiunile mai pu\u021bin dezvoltate, deoarece multe familii din regiune se confrunt\u0103 cu lipsa echipamentelor adecvate\u201d.<\/p>\n<p>Propunerea de program adoptat\u0103 va contribui la accelerarea tranzi\u021biei digitale, aflat\u0103 deja \u00een \u00eent\u00e2rziere, recunosc\u00e2nd oportunit\u0103\u021bile \u0219i incertitudinile inerente procesului. \u00cen acest scop, evalueaz\u0103 \u0219i dezvolt\u0103 abilit\u0103\u021bile \u0219i competen\u021bele esen\u021biale pentru ocuparea for\u021bei de munc\u0103 pe o pia\u021b\u0103 a muncii \u00een continu\u0103 schimbare. Toate acestea pot fi stimulate \u00een continuare prin programul men\u021bionat mai sus.<\/p>\n<p>&nbsp;<\/p>\n<p>Miercurea Ciuc, 9 iulie 2020<\/p>\n","protected":false},"excerpt":{"rendered":"<p>\u00cen prim plan se afl\u0103 stimularea ocup\u0103rii for\u021bei de munc\u0103 \u00een r\u00e2ndul tinerilor\u00a0 \u00cen cadrul reuniunii din 9 iulie, Borboly Csaba, pre\u0219edintele Consiliului Jude\u021bean Harghita,\u00a0 a fost ales raportor de c\u0103tre Comisia pentru educa\u021bie din cadrul Comitetului Regiunilor (SEDEC) pentru un raport privind educa\u021bia. \u00cen urma pandemiei Covid-19, strategia de recuperare a Comisiei include, de [&hellip;]<\/p>\n","protected":false},"author":1,"featured_media":927,"comment_status":"open","ping_status":"closed","sticky":false,"template":"","format":"standard","meta":{"_bbp_topic_count":0,"_bbp_reply_count":0,"_bbp_total_topic_count":0,"_bbp_total_reply_count":0,"_bbp_voice_count":0,"_bbp_anonymous_reply_count":0,"_bbp_topic_count_hidden":0,"_bbp_reply_count_hidden":0,"_bbp_forum_subforum_count":0,"footnotes":""},"categories":[84],"tags":[],"_links":{"self":[{"href":"https:\/\/cor.borbolycsaba.ro\/ro\/index.php?rest_route=\/wp\/v2\/posts\/926"}],"collection":[{"href":"https:\/\/cor.borbolycsaba.ro\/ro\/index.php?rest_route=\/wp\/v2\/posts"}],"about":[{"href":"https:\/\/cor.borbolycsaba.ro\/ro\/index.php?rest_route=\/wp\/v2\/types\/post"}],"author":[{"embeddable":true,"href":"https:\/\/cor.borbolycsaba.ro\/ro\/index.php?rest_route=\/wp\/v2\/users\/1"}],"replies":[{"embeddable":true,"href":"https:\/\/cor.borbolycsaba.ro\/ro\/index.php?rest_route=%2Fwp%2Fv2%2Fcomments&post=926"}],"version-history":[{"count":1,"href":"https:\/\/cor.borbolycsaba.ro\/ro\/index.php?rest_route=\/wp\/v2\/posts\/926\/revisions"}],"predecessor-version":[{"id":928,"href":"https:\/\/cor.borbolycsaba.ro\/ro\/index.php?rest_route=\/wp\/v2\/posts\/926\/revisions\/928"}],"wp:featuredmedia":[{"embeddable":true,"href":"https:\/\/cor.borbolycsaba.ro\/ro\/index.php?rest_route=\/wp\/v2\/media\/927"}],"wp:attachment":[{"href":"https:\/\/cor.borbolycsaba.ro\/ro\/index.php?rest_route=%2Fwp%2Fv2%2Fmedia&parent=926"}],"wp:term":[{"taxonomy":"category","embeddable":true,"href":"https:\/\/cor.borbolycsaba.ro\/ro\/index.php?rest_route=%2Fwp%2Fv2%2Fcategories&post=926"},{"taxonomy":"post_tag","embeddable":true,"href":"https:\/\/cor.borbolycsaba.ro\/ro\/index.php?rest_route=%2Fwp%2Fv2%2Ftags&post=926"}],"curies":[{"name":"wp","href":"https:\/\/api.w.org\/{rel}","templated":true}]}}