{"id":1435,"date":"2024-06-20T13:41:49","date_gmt":"2024-06-20T13:41:49","guid":{"rendered":"https:\/\/cor.borbolycsaba.ro\/ro\/?p=1435"},"modified":"2024-08-20T15:20:43","modified_gmt":"2024-08-20T15:20:43","slug":"integrarea-solutiilor-bazate-pe-natura-in-strategiile-de-dezvoltare-rurala-este-esentiala-pentru-sporirea-rezilientei-zonelor-rurale-si-conservarea-biodiversitatii","status":"publish","type":"post","link":"https:\/\/cor.borbolycsaba.ro\/ro\/?p=1435","title":{"rendered":"Integrarea solu\u021biilor bazate pe natur\u0103 \u00een strategiile de dezvoltare rural\u0103 este esen\u021bial\u0103 pentru sporirea rezilien\u021bei zonelor rurale \u0219i conservarea biodiversit\u0103\u021bii."},"content":{"rendered":"<p style=\"text-align: justify;\"><strong>Integrarea solu\u021biilor bazate pe natur\u0103 \u00een strategiile de dezvoltare rural\u0103 este esen\u021bial\u0103 pentru sporirea rezilien\u021bei zonelor rurale \u0219i conservarea biodiversit\u0103\u021bii.<\/strong><\/p>\n<p style=\"text-align: justify;\">Av\u00e2nd \u00een vedere fenomenele meteorologice extreme, inclusiv seceta \u0219i inunda\u021biile, sunt necesare politici \u021bint\u0103 pentru a aborda provoc\u0103rile unice cu care se confrunt\u0103 comunit\u0103\u021bile rurale.<\/p>\n<p style=\"text-align: justify;\">\u00cen acest sens, am exprimat punctul de vedere al <a href=\"https:\/\/www.facebook.com\/EPPGroupCoR?__cft__%5b0%5d=AZXH7Vgbs0NvqAQcCya4n6cgPJQDUqKmEKi7Py0HcKDJbybFm9iBLg6avuHRNZda2hwz1F0K820_2hDoejvZle66j0moNTLxaGM0vFe5bc6Q_h9_H27rffObn8kKFjcRP6ptX-w-D9k6qPhYol94HzsPd7uaJWIm4dEIYV_Mts8l86UlGn6aknk92pElU6QsjfzdOKAHdU8HanaQAEX6NXmL&amp;__tn__=-%5dK-R\">EPP Group in the European Committee of the Regions<\/a>, \u00een cadrul celei de-a 161-a Sesiuni plenare <a href=\"https:\/\/www.facebook.com\/European.Committee.of.the.Regions?__cft__%5b0%5d=AZXH7Vgbs0NvqAQcCya4n6cgPJQDUqKmEKi7Py0HcKDJbybFm9iBLg6avuHRNZda2hwz1F0K820_2hDoejvZle66j0moNTLxaGM0vFe5bc6Q_h9_H27rffObn8kKFjcRP6ptX-w-D9k6qPhYol94HzsPd7uaJWIm4dEIYV_Mts8l86UlGn6aknk92pElU6QsjfzdOKAHdU8HanaQAEX6NXmL&amp;__tn__=-%5dK-R\">a European Committee of the Regio<\/a>ns.<\/p>\n<p style=\"text-align: justify;\">Suntem de acord cu domnul Vanlouwe, raportor, c\u0103 un pas critic este recunoa\u0219terea apei ca prioritate strategic\u0103 \u00een viitorul Program Financiar Multianual 2028-2034.<\/p>\n<p style=\"text-align: justify;\">\u00cel felicit pentru munca sa excelent\u0103.<\/p>\n<p style=\"text-align: justify;\">Totodat\u0103, subliniez faptul c\u0103 autorit\u0103\u021bile locale \u0219i regionale lucreaz\u0103 activ pentru rezilien\u021ba apei, dar sprijinul financiar \u0219i structural sporit din partea Comisiei este esen\u021bial pentru implementarea eficient\u0103 a acestor ini\u021biative.<\/p>\n<p style=\"text-align: justify;\">Vulnerabilit\u0103\u021bile regiunilor montane, ultraperiferice \u0219i insulare la stresul hidric \u0219i provoc\u0103rile conexe trebuie luate \u00een considerare \u00een revizuirile legislative \u0219i noile dezvolt\u0103ri.<\/p>\n<p style=\"text-align: justify;\">Sus\u021binerea financiar\u0103 trebuie s\u0103 fie stabil\u0103 \u0219i pe termen lung, asigur\u00e2nd c\u0103 autorit\u0103\u021bile locale \u0219i regionale pot implementa \u0219i men\u021bine strategii eficiente de gestionare a apei \u0219i de atenuare a dezastrelor, deoarece acest sprijin ar permite comunit\u0103\u021bilor rurale s\u0103 investeasc\u0103 \u00een solu\u021bii bazate pe natur\u0103, cum ar fi restaurarea zonelor umede, re\u00eemp\u0103durirea \u0219i practicile agricole durabile, care sunt vitale pentru sporirea rezilien\u021bei la fenomenele extreme.<\/p>\n<p style=\"text-align: justify;\"><a href=\"https:\/\/www.facebook.com\/hashtag\/epp?__eep__=6&amp;__cft__%5b0%5d=AZXH7Vgbs0NvqAQcCya4n6cgPJQDUqKmEKi7Py0HcKDJbybFm9iBLg6avuHRNZda2hwz1F0K820_2hDoejvZle66j0moNTLxaGM0vFe5bc6Q_h9_H27rffObn8kKFjcRP6ptX-w-D9k6qPhYol94HzsPd7uaJWIm4dEIYV_Mts8l86UlGn6aknk92pElU6QsjfzdOKAHdU8HanaQAEX6NXmL&amp;__tn__=*NK-R\">#EPP<\/a> <a href=\"https:\/\/www.facebook.com\/hashtag\/cor?__eep__=6&amp;__cft__%5b0%5d=AZXH7Vgbs0NvqAQcCya4n6cgPJQDUqKmEKi7Py0HcKDJbybFm9iBLg6avuHRNZda2hwz1F0K820_2hDoejvZle66j0moNTLxaGM0vFe5bc6Q_h9_H27rffObn8kKFjcRP6ptX-w-D9k6qPhYol94HzsPd7uaJWIm4dEIYV_Mts8l86UlGn6aknk92pElU6QsjfzdOKAHdU8HanaQAEX6NXmL&amp;__tn__=*NK-R\">#Cor<\/a> <a href=\"https:\/\/www.facebook.com\/hashtag\/rezilien%C8%9B%C4%83?__eep__=6&amp;__cft__%5b0%5d=AZXH7Vgbs0NvqAQcCya4n6cgPJQDUqKmEKi7Py0HcKDJbybFm9iBLg6avuHRNZda2hwz1F0K820_2hDoejvZle66j0moNTLxaGM0vFe5bc6Q_h9_H27rffObn8kKFjcRP6ptX-w-D9k6qPhYol94HzsPd7uaJWIm4dEIYV_Mts8l86UlGn6aknk92pElU6QsjfzdOKAHdU8HanaQAEX6NXmL&amp;__tn__=*NK-R\">#rezilien\u021b\u0103<\/a> <a href=\"https:\/\/www.facebook.com\/hashtag\/biodiversitate?__eep__=6&amp;__cft__%5b0%5d=AZXH7Vgbs0NvqAQcCya4n6cgPJQDUqKmEKi7Py0HcKDJbybFm9iBLg6avuHRNZda2hwz1F0K820_2hDoejvZle66j0moNTLxaGM0vFe5bc6Q_h9_H27rffObn8kKFjcRP6ptX-w-D9k6qPhYol94HzsPd7uaJWIm4dEIYV_Mts8l86UlGn6aknk92pElU6QsjfzdOKAHdU8HanaQAEX6NXmL&amp;__tn__=*NK-R\">#biodiversitate<\/a> <a href=\"https:\/\/www.facebook.com\/hashtag\/finan%C8%9Bareadecvat%C4%83?__eep__=6&amp;__cft__%5b0%5d=AZXH7Vgbs0NvqAQcCya4n6cgPJQDUqKmEKi7Py0HcKDJbybFm9iBLg6avuHRNZda2hwz1F0K820_2hDoejvZle66j0moNTLxaGM0vFe5bc6Q_h9_H27rffObn8kKFjcRP6ptX-w-D9k6qPhYol94HzsPd7uaJWIm4dEIYV_Mts8l86UlGn6aknk92pElU6QsjfzdOKAHdU8HanaQAEX6NXmL&amp;__tn__=*NK-R\">#finan\u021bareadecvat\u0103<\/a><\/p>\n<p style=\"text-align: justify;\"><a href=\"https:\/\/www.facebook.com\/hashtag\/unompentrucomunitate?__eep__=6&amp;__cft__%5b0%5d=AZXH7Vgbs0NvqAQcCya4n6cgPJQDUqKmEKi7Py0HcKDJbybFm9iBLg6avuHRNZda2hwz1F0K820_2hDoejvZle66j0moNTLxaGM0vFe5bc6Q_h9_H27rffObn8kKFjcRP6ptX-w-D9k6qPhYol94HzsPd7uaJWIm4dEIYV_Mts8l86UlGn6aknk92pElU6QsjfzdOKAHdU8HanaQAEX6NXmL&amp;__tn__=*NK-R\">#UnOmPentruComunitate<\/a> <a href=\"https:\/\/www.facebook.com\/hashtag\/pecremereuv%C4%83pute%C8%9Bibaza?__eep__=6&amp;__cft__%5b0%5d=AZXH7Vgbs0NvqAQcCya4n6cgPJQDUqKmEKi7Py0HcKDJbybFm9iBLg6avuHRNZda2hwz1F0K820_2hDoejvZle66j0moNTLxaGM0vFe5bc6Q_h9_H27rffObn8kKFjcRP6ptX-w-D9k6qPhYol94HzsPd7uaJWIm4dEIYV_Mts8l86UlGn6aknk92pElU6QsjfzdOKAHdU8HanaQAEX6NXmL&amp;__tn__=*NK-R\">#PeCreMereuV\u0103Pute\u021biBaza<\/a><\/p>\n<p style=\"text-align: justify;\"><a href=\"https:\/\/fb.watch\/u43rMJUVU0\/\">https:\/\/fb.watch\/u43rMJUVU0\/<\/a><\/p>\n<p style=\"text-align: justify;\">\n","protected":false},"excerpt":{"rendered":"<p>Integrarea solu\u021biilor bazate pe natur\u0103 \u00een strategiile de dezvoltare rural\u0103 este esen\u021bial\u0103 pentru sporirea rezilien\u021bei zonelor rurale \u0219i conservarea biodiversit\u0103\u021bii. Av\u00e2nd \u00een vedere fenomenele meteorologice extreme, inclusiv seceta \u0219i inunda\u021biile, sunt necesare politici \u021bint\u0103 pentru a aborda provoc\u0103rile unice cu care se confrunt\u0103 comunit\u0103\u021bile rurale. \u00cen acest sens, am exprimat punctul de vedere al EPP [&hellip;]<\/p>\n","protected":false},"author":6,"featured_media":1436,"comment_status":"open","ping_status":"closed","sticky":false,"template":"","format":"standard","meta":{"_bbp_topic_count":0,"_bbp_reply_count":0,"_bbp_total_topic_count":0,"_bbp_total_reply_count":0,"_bbp_voice_count":0,"_bbp_anonymous_reply_count":0,"_bbp_topic_count_hidden":0,"_bbp_reply_count_hidden":0,"_bbp_forum_subforum_count":0,"footnotes":""},"categories":[84],"tags":[],"_links":{"self":[{"href":"https:\/\/cor.borbolycsaba.ro\/ro\/index.php?rest_route=\/wp\/v2\/posts\/1435"}],"collection":[{"href":"https:\/\/cor.borbolycsaba.ro\/ro\/index.php?rest_route=\/wp\/v2\/posts"}],"about":[{"href":"https:\/\/cor.borbolycsaba.ro\/ro\/index.php?rest_route=\/wp\/v2\/types\/post"}],"author":[{"embeddable":true,"href":"https:\/\/cor.borbolycsaba.ro\/ro\/index.php?rest_route=\/wp\/v2\/users\/6"}],"replies":[{"embeddable":true,"href":"https:\/\/cor.borbolycsaba.ro\/ro\/index.php?rest_route=%2Fwp%2Fv2%2Fcomments&post=1435"}],"version-history":[{"count":1,"href":"https:\/\/cor.borbolycsaba.ro\/ro\/index.php?rest_route=\/wp\/v2\/posts\/1435\/revisions"}],"predecessor-version":[{"id":1437,"href":"https:\/\/cor.borbolycsaba.ro\/ro\/index.php?rest_route=\/wp\/v2\/posts\/1435\/revisions\/1437"}],"wp:featuredmedia":[{"embeddable":true,"href":"https:\/\/cor.borbolycsaba.ro\/ro\/index.php?rest_route=\/wp\/v2\/media\/1436"}],"wp:attachment":[{"href":"https:\/\/cor.borbolycsaba.ro\/ro\/index.php?rest_route=%2Fwp%2Fv2%2Fmedia&parent=1435"}],"wp:term":[{"taxonomy":"category","embeddable":true,"href":"https:\/\/cor.borbolycsaba.ro\/ro\/index.php?rest_route=%2Fwp%2Fv2%2Fcategories&post=1435"},{"taxonomy":"post_tag","embeddable":true,"href":"https:\/\/cor.borbolycsaba.ro\/ro\/index.php?rest_route=%2Fwp%2Fv2%2Ftags&post=1435"}],"curies":[{"name":"wp","href":"https:\/\/api.w.org\/{rel}","templated":true}]}}