{"id":1432,"date":"2024-06-25T13:39:44","date_gmt":"2024-06-25T13:39:44","guid":{"rendered":"https:\/\/cor.borbolycsaba.ro\/ro\/?p=1432"},"modified":"2024-08-20T15:21:45","modified_gmt":"2024-08-20T15:21:45","slug":"avem-in-romania-parghiile-necesare-pentru-a-echilibra-coexistenta-dintre-om-si-carnivorele-mari","status":"publish","type":"post","link":"https:\/\/cor.borbolycsaba.ro\/ro\/?p=1432","title":{"rendered":"Avem \u00een Rom\u00e2nia p\u00e2rghiile necesare pentru a echilibra coexisten\u021ba dintre om \u0219i carnivorele mari!"},"content":{"rendered":"<p style=\"text-align: justify;\"><strong>Avem \u00een Rom\u00e2nia p\u00e2rghiile necesare pentru a echilibra coexisten\u021ba dintre om \u0219i carnivorele mari!<\/strong><\/p>\n<p style=\"text-align: justify;\">Deciden\u021bii de la Bucure\u0219ti trebuie s\u0103 stabileasc\u0103 ce este prioritar: via\u021ba omului \u0219i conservarea popula\u021biei de urs sau dezechilibrul provocat de lipsa unor m\u0103suri eficiente.<\/p>\n<p style=\"text-align: justify;\">P\u00e2n\u0103 c\u00e2nd nu se reu\u0219e\u0219te s\u0103 se fac\u0103 ordine \u00een ministerul de resort, prea multe schimb\u0103ri nu vor avea loc.<\/p>\n<p style=\"text-align: justify;\">Ceea ce trebuie evitat este ca ursul s\u0103 devin\u0103 inamicul nr.1 al omului.<\/p>\n<p style=\"text-align: justify;\">Pentru c\u0103 dac\u0103 se va ajunge la o astfel de situa\u021bie, vor fi afecta\u021bi oamenii dar se va ajunge \u0219i la dispari\u021bia ursului.<\/p>\n<p style=\"text-align: justify;\">Urm\u0103ri\u021bi \u00een materialul de mai jos interven\u021bia live \u00een cadrul emisiunii Prima News.: <a href=\"https:\/\/l.facebook.com\/l.php?u=https%3A%2F%2Fprimanews.ro%2Flive%2F%3Ffbclid%3DIwZXh0bgNhZW0CMTAAAR3fQPI2teCkJSrYuytoaJ0fgKo7X2-pDZnJdqbaLSpS_e74fxxUoigBLf0_aem_GrW56uBYpLQFLLk8kzq_1Q&amp;h=AT0FuhPGjBk43mf5P9Hk_PVwWU30GFG7-qvZdWe3DQ14SDxAD2RpGq7oLh0d55-OvDPWR81WWPEiytrcbN21vQjx7MGMPkLIBORmCB_QTawqYph2YZ_WJ_IPkD8W4FEDnqO4&amp;__tn__=-UK-R&amp;c%5b0%5d=AT2Iey5ee8TcjvmBG0Jo_YHfixnum3zNQiEG1x97cdexNvvUQrYDYNyhWhPq5lBzXscmhFYlc6HzYtxvoWBvqUwaj2CjgLZVxH303tzJWTzvMnsZbstsoZxlE6Fy74DpVvDaBxTUOxyL7gWI-aAZqstd-cK_UDPbCWWKXY-voD6w7tWX7dLWF16wxclkwY0v7t9oC-DUZ1v1dCuDPg2tEeWjWrMbsXAgzNq1_r5reKCJvYK3\">https:\/\/primanews.ro\/live\/<\/a><\/p>\n<p style=\"text-align: justify;\"><a href=\"https:\/\/www.facebook.com\/hashtag\/coexisten%C8%9Baomurs?__eep__=6&amp;__cft__%5b0%5d=AZVEEk7j-buKUiaZPpufGIFAE_4oUHkaUhUhBM55bsw7TAS4fWCP6rsIl5cGv8k3hu4gVNowwlQSaL_NPggKdUe6QnNIiX46QpmPC_HUWYXousGXNZ8C4mXKFieeLOVa2YNYKUCZhFkLZJeB5ap-Y8S9Uxcsa7B5YYo34dsqMPGORAC6-7qkzW0UgnMeoj2uSBDGFb--OmbDpjEVYaX74o5E&amp;__tn__=*NK-R\">#coexisten\u021baomurs<\/a> <a href=\"https:\/\/www.facebook.com\/hashtag\/decizii?__eep__=6&amp;__cft__%5b0%5d=AZVEEk7j-buKUiaZPpufGIFAE_4oUHkaUhUhBM55bsw7TAS4fWCP6rsIl5cGv8k3hu4gVNowwlQSaL_NPggKdUe6QnNIiX46QpmPC_HUWYXousGXNZ8C4mXKFieeLOVa2YNYKUCZhFkLZJeB5ap-Y8S9Uxcsa7B5YYo34dsqMPGORAC6-7qkzW0UgnMeoj2uSBDGFb--OmbDpjEVYaX74o5E&amp;__tn__=*NK-R\">#decizii<\/a> <a href=\"https:\/\/www.facebook.com\/hashtag\/solu%C8%9Biiviabile?__eep__=6&amp;__cft__%5b0%5d=AZVEEk7j-buKUiaZPpufGIFAE_4oUHkaUhUhBM55bsw7TAS4fWCP6rsIl5cGv8k3hu4gVNowwlQSaL_NPggKdUe6QnNIiX46QpmPC_HUWYXousGXNZ8C4mXKFieeLOVa2YNYKUCZhFkLZJeB5ap-Y8S9Uxcsa7B5YYo34dsqMPGORAC6-7qkzW0UgnMeoj2uSBDGFb--OmbDpjEVYaX74o5E&amp;__tn__=*NK-R\">#solu\u021biiviabile<\/a> <a href=\"https:\/\/www.facebook.com\/hashtag\/echilibru?__eep__=6&amp;__cft__%5b0%5d=AZVEEk7j-buKUiaZPpufGIFAE_4oUHkaUhUhBM55bsw7TAS4fWCP6rsIl5cGv8k3hu4gVNowwlQSaL_NPggKdUe6QnNIiX46QpmPC_HUWYXousGXNZ8C4mXKFieeLOVa2YNYKUCZhFkLZJeB5ap-Y8S9Uxcsa7B5YYo34dsqMPGORAC6-7qkzW0UgnMeoj2uSBDGFb--OmbDpjEVYaX74o5E&amp;__tn__=*NK-R\">#echilibru<\/a> <a href=\"https:\/\/www.facebook.com\/hashtag\/unompentrucomunitate?__eep__=6&amp;__cft__%5b0%5d=AZVEEk7j-buKUiaZPpufGIFAE_4oUHkaUhUhBM55bsw7TAS4fWCP6rsIl5cGv8k3hu4gVNowwlQSaL_NPggKdUe6QnNIiX46QpmPC_HUWYXousGXNZ8C4mXKFieeLOVa2YNYKUCZhFkLZJeB5ap-Y8S9Uxcsa7B5YYo34dsqMPGORAC6-7qkzW0UgnMeoj2uSBDGFb--OmbDpjEVYaX74o5E&amp;__tn__=*NK-R\">#UnOmPentruComunitate<\/a> <a href=\"https:\/\/www.facebook.com\/hashtag\/pecaremereuv%C4%83pute%C8%9Bibaza?__eep__=6&amp;__cft__%5b0%5d=AZVEEk7j-buKUiaZPpufGIFAE_4oUHkaUhUhBM55bsw7TAS4fWCP6rsIl5cGv8k3hu4gVNowwlQSaL_NPggKdUe6QnNIiX46QpmPC_HUWYXousGXNZ8C4mXKFieeLOVa2YNYKUCZhFkLZJeB5ap-Y8S9Uxcsa7B5YYo34dsqMPGORAC6-7qkzW0UgnMeoj2uSBDGFb--OmbDpjEVYaX74o5E&amp;__tn__=*NK-R\">#PeCareMereuV\u0103Pute\u021biBaza<\/a><\/p>\n<p style=\"text-align: justify;\"><a href=\"https:\/\/www.facebook.com\/groups\/3149941568384234\/?__cft__%5b0%5d=AZVEEk7j-buKUiaZPpufGIFAE_4oUHkaUhUhBM55bsw7TAS4fWCP6rsIl5cGv8k3hu4gVNowwlQSaL_NPggKdUe6QnNIiX46QpmPC_HUWYXousGXNZ8C4mXKFieeLOVa2YNYKUCZhFkLZJeB5ap-Y8S9Uxcsa7B5YYo34dsqMPGORAC6-7qkzW0UgnMeoj2uSBDGFb--OmbDpjEVYaX74o5E&amp;__tn__=-UK-R\">Prima News TV<\/a><\/p>\n<p style=\"text-align: justify;\"><a href=\"https:\/\/www.facebook.com\/borbolycsaba.ro\/videos\/488547817085761\">https:\/\/www.facebook.com\/borbolycsaba.ro\/videos\/488547817085761<\/a><\/p>\n<p style=\"text-align: justify;\">\u00cen Rom\u00e2nia, \u00een privin\u021ba coexisten\u021bei cu carnivorele mari, eficien\u021ba m\u0103surilor legale este anulat\u0103 de instan\u021be.<\/p>\n<p style=\"text-align: justify;\">Dar, este \u00eencurajator faptul c\u0103 la nivelul UE, at\u00e2t pre\u0219edin\u021bia belgian\u0103, c\u00e2t \u0219i Ungaria care urmeaz\u0103 s\u0103 preia pre\u0219edin\u021bia Consiliului Europei de la 1 iulie, prioritizeaz\u0103 aceast\u0103 problem\u0103 \u00een vederea formul\u0103rii unor politici eficiente .<\/p>\n<p style=\"text-align: justify;\">Azi, \u00een cadrul celei de-a 23-a reuniuni a ENVE am realizat o evaluare a celor prezentate \u00een 14 iunie la reuniunea Grupului de lucru al Consiliului UE, privind necesitatea modific\u0103rii Conven\u021biei de la Berna.<\/p>\n<p style=\"text-align: justify;\">\u00d8 Aceast\u0103 \u00eent\u00e2lnire a oferit o oportunitate semnificativ\u0103 de a promova opinia CoR privind protec\u021bia biodiversit\u0103\u021bii \u0219i coexisten\u021ba cu marile carnivore \u00een Europa.<\/p>\n<p style=\"text-align: justify;\">Puncte cheie ale pozi\u021biei <a href=\"https:\/\/www.facebook.com\/European.Committee.of.the.Regions?__cft__%5b0%5d=AZXEMhF7-P6bxg8xav42EUJKLj0qNS5Y1uh0c9ySPPs2wBNxUa8kRyrwvzMlTSmld0hIxBBHfnbSF8nfSRQ4gWiYWlKlAR-o_irTs1YOrx4IKdPPcEqj8rSp_VOPHGiF033YjPekT4L9DoOCa7Rv_zoPrZ3f5tZy3rJC0XLpaNiBm00anE_p45O4-fcmaiTU3U_1tT2eI5LJ9_gpvawjaupU&amp;__tn__=-%5dK-R\">European Committee of the Regions<\/a>:<\/p>\n<p style=\"text-align: justify;\">Statutul de protec\u021bie a speciilor \u00een conformitate cu Directiva Habitate necesit\u0103 reevalu\u0103ri periodice folosind criterii obiective bazate pe tendin\u021bele popula\u021biei \u0219i metodologii \u0219tiin\u021bifice .<\/p>\n<p style=\"text-align: justify;\">Ac\u021biunile locale, cum ar fi gardurile electrice \u0219i proiectele LIFE pe termen scurt, sunt inadecvate acum c\u0103 prezen\u021ba marilor carnivore \u00een zonele montane \u0219i \u00eemp\u0103durite ale Europei, nu sunt excep\u021bii .<\/p>\n<p style=\"text-align: justify;\">Eurostat ar trebui s\u0103 includ\u0103 date la nivel NUTS 3 despre marile carnivore \u0219i alte informa\u021bii relevante pentru a informa politicile de monitorizare eficient .<\/p>\n<p style=\"text-align: justify;\">Dac\u0103 se ia \u00een considerare o reducere a protec\u021biei \u00een cadrul Conven\u021biei de la Berna, aceasta ar trebui s\u0103 se aplice pe scar\u0103 larg\u0103, evit\u00e2nd restric\u021biile pe specii individuale pentru a men\u021bine echilibrul ecologic \u0219i a aduce beneficii cet\u0103\u021benilor \u0219i animalelor de ferm\u0103 .<\/p>\n<p style=\"text-align: justify;\">Necesitatea unui sistem de derogare flexibil \u0219i \u00een timp util este crucial pentru echilibrarea obiectivelor de conservare cu realit\u0103\u021bile practice de pe teren .<\/p>\n<p style=\"text-align: justify;\">Ca o concluzie, participarea la reuniunea Grupului de lucru al Consiliului UE a fost instrumental\u0103 \u00een promovarea unor politici coerente \u0219i durabile care s\u0103 echilibreze obiectivele de conservare cu nevoile societ\u0103\u021bii .<\/p>\n<p style=\"text-align: justify;\">. Continu\u0103m s\u0103 colabor\u0103m cu Platforma regional\u0103 a UE pentru marile carnivore, sus\u021bin\u00e2ndu-ne reciproc \u00een a face fa\u021b\u0103 provoc\u0103rilor coexisten\u021bei cu marile carnivore \u0219i \u00een 2024 At\u00e2t CoR, c\u00e2t \u0219i eu, ne angaj\u0103m s\u0103 continu\u0103m aceste discu\u021bii \u0219i s\u0103 colabor\u0103m pentru solu\u021bii semnificative \u00een protec\u021bia biodiversit\u0103\u021bii \u00een Europa .<\/p>\n<p style=\"text-align: justify;\"><a href=\"https:\/\/www.facebook.com\/hashtag\/coexistentacucarnivorelemari?__eep__=6&amp;__cft__%5b0%5d=AZXEMhF7-P6bxg8xav42EUJKLj0qNS5Y1uh0c9ySPPs2wBNxUa8kRyrwvzMlTSmld0hIxBBHfnbSF8nfSRQ4gWiYWlKlAR-o_irTs1YOrx4IKdPPcEqj8rSp_VOPHGiF033YjPekT4L9DoOCa7Rv_zoPrZ3f5tZy3rJC0XLpaNiBm00anE_p45O4-fcmaiTU3U_1tT2eI5LJ9_gpvawjaupU&amp;__tn__=*NK-R\">#coexistentacucarnivorelemari<\/a> <a href=\"https:\/\/www.facebook.com\/hashtag\/politici?__eep__=6&amp;__cft__%5b0%5d=AZXEMhF7-P6bxg8xav42EUJKLj0qNS5Y1uh0c9ySPPs2wBNxUa8kRyrwvzMlTSmld0hIxBBHfnbSF8nfSRQ4gWiYWlKlAR-o_irTs1YOrx4IKdPPcEqj8rSp_VOPHGiF033YjPekT4L9DoOCa7Rv_zoPrZ3f5tZy3rJC0XLpaNiBm00anE_p45O4-fcmaiTU3U_1tT2eI5LJ9_gpvawjaupU&amp;__tn__=*NK-R\">#politici<\/a> <a href=\"https:\/\/www.facebook.com\/hashtag\/conventiadelaberna?__eep__=6&amp;__cft__%5b0%5d=AZXEMhF7-P6bxg8xav42EUJKLj0qNS5Y1uh0c9ySPPs2wBNxUa8kRyrwvzMlTSmld0hIxBBHfnbSF8nfSRQ4gWiYWlKlAR-o_irTs1YOrx4IKdPPcEqj8rSp_VOPHGiF033YjPekT4L9DoOCa7Rv_zoPrZ3f5tZy3rJC0XLpaNiBm00anE_p45O4-fcmaiTU3U_1tT2eI5LJ9_gpvawjaupU&amp;__tn__=*NK-R\">#ConventiadelaBerna<\/a> <a href=\"https:\/\/www.facebook.com\/hashtag\/reevaluarestatutdeprotectie?__eep__=6&amp;__cft__%5b0%5d=AZXEMhF7-P6bxg8xav42EUJKLj0qNS5Y1uh0c9ySPPs2wBNxUa8kRyrwvzMlTSmld0hIxBBHfnbSF8nfSRQ4gWiYWlKlAR-o_irTs1YOrx4IKdPPcEqj8rSp_VOPHGiF033YjPekT4L9DoOCa7Rv_zoPrZ3f5tZy3rJC0XLpaNiBm00anE_p45O4-fcmaiTU3U_1tT2eI5LJ9_gpvawjaupU&amp;__tn__=*NK-R\">#reevaluarestatutdeprotectie<\/a> <a href=\"https:\/\/www.facebook.com\/hashtag\/unompentrucomunitate?__eep__=6&amp;__cft__%5b0%5d=AZXEMhF7-P6bxg8xav42EUJKLj0qNS5Y1uh0c9ySPPs2wBNxUa8kRyrwvzMlTSmld0hIxBBHfnbSF8nfSRQ4gWiYWlKlAR-o_irTs1YOrx4IKdPPcEqj8rSp_VOPHGiF033YjPekT4L9DoOCa7Rv_zoPrZ3f5tZy3rJC0XLpaNiBm00anE_p45O4-fcmaiTU3U_1tT2eI5LJ9_gpvawjaupU&amp;__tn__=*NK-R\">#UnOmPentruComunitate<\/a> <a href=\"https:\/\/www.facebook.com\/hashtag\/pecaremereuvaputetibaza?__eep__=6&amp;__cft__%5b0%5d=AZXEMhF7-P6bxg8xav42EUJKLj0qNS5Y1uh0c9ySPPs2wBNxUa8kRyrwvzMlTSmld0hIxBBHfnbSF8nfSRQ4gWiYWlKlAR-o_irTs1YOrx4IKdPPcEqj8rSp_VOPHGiF033YjPekT4L9DoOCa7Rv_zoPrZ3f5tZy3rJC0XLpaNiBm00anE_p45O4-fcmaiTU3U_1tT2eI5LJ9_gpvawjaupU&amp;__tn__=*NK-R\">#PeCareMereuVaPutetiBaza<\/a><\/p>\n<p style=\"text-align: justify;\">\n","protected":false},"excerpt":{"rendered":"<p>Avem \u00een Rom\u00e2nia p\u00e2rghiile necesare pentru a echilibra coexisten\u021ba dintre om \u0219i carnivorele mari! Deciden\u021bii de la Bucure\u0219ti trebuie s\u0103 stabileasc\u0103 ce este prioritar: via\u021ba omului \u0219i conservarea popula\u021biei de urs sau dezechilibrul provocat de lipsa unor m\u0103suri eficiente. P\u00e2n\u0103 c\u00e2nd nu se reu\u0219e\u0219te s\u0103 se fac\u0103 ordine \u00een ministerul de resort, prea multe schimb\u0103ri [&hellip;]<\/p>\n","protected":false},"author":6,"featured_media":1433,"comment_status":"open","ping_status":"closed","sticky":false,"template":"","format":"standard","meta":{"_bbp_topic_count":0,"_bbp_reply_count":0,"_bbp_total_topic_count":0,"_bbp_total_reply_count":0,"_bbp_voice_count":0,"_bbp_anonymous_reply_count":0,"_bbp_topic_count_hidden":0,"_bbp_reply_count_hidden":0,"_bbp_forum_subforum_count":0,"footnotes":""},"categories":[84],"tags":[],"_links":{"self":[{"href":"https:\/\/cor.borbolycsaba.ro\/ro\/index.php?rest_route=\/wp\/v2\/posts\/1432"}],"collection":[{"href":"https:\/\/cor.borbolycsaba.ro\/ro\/index.php?rest_route=\/wp\/v2\/posts"}],"about":[{"href":"https:\/\/cor.borbolycsaba.ro\/ro\/index.php?rest_route=\/wp\/v2\/types\/post"}],"author":[{"embeddable":true,"href":"https:\/\/cor.borbolycsaba.ro\/ro\/index.php?rest_route=\/wp\/v2\/users\/6"}],"replies":[{"embeddable":true,"href":"https:\/\/cor.borbolycsaba.ro\/ro\/index.php?rest_route=%2Fwp%2Fv2%2Fcomments&post=1432"}],"version-history":[{"count":1,"href":"https:\/\/cor.borbolycsaba.ro\/ro\/index.php?rest_route=\/wp\/v2\/posts\/1432\/revisions"}],"predecessor-version":[{"id":1434,"href":"https:\/\/cor.borbolycsaba.ro\/ro\/index.php?rest_route=\/wp\/v2\/posts\/1432\/revisions\/1434"}],"wp:featuredmedia":[{"embeddable":true,"href":"https:\/\/cor.borbolycsaba.ro\/ro\/index.php?rest_route=\/wp\/v2\/media\/1433"}],"wp:attachment":[{"href":"https:\/\/cor.borbolycsaba.ro\/ro\/index.php?rest_route=%2Fwp%2Fv2%2Fmedia&parent=1432"}],"wp:term":[{"taxonomy":"category","embeddable":true,"href":"https:\/\/cor.borbolycsaba.ro\/ro\/index.php?rest_route=%2Fwp%2Fv2%2Fcategories&post=1432"},{"taxonomy":"post_tag","embeddable":true,"href":"https:\/\/cor.borbolycsaba.ro\/ro\/index.php?rest_route=%2Fwp%2Fv2%2Ftags&post=1432"}],"curies":[{"name":"wp","href":"https:\/\/api.w.org\/{rel}","templated":true}]}}