{"id":1429,"date":"2024-06-22T13:37:41","date_gmt":"2024-06-22T13:37:41","guid":{"rendered":"https:\/\/cor.borbolycsaba.ro\/ro\/?p=1429"},"modified":"2024-08-20T15:21:29","modified_gmt":"2024-08-20T15:21:29","slug":"bruxelles-planuieste-un-nou-acord-privind-apa-cum-sa-asigure-accesul-la-apa-curata-intr-un-climat-in-schimbare","status":"publish","type":"post","link":"https:\/\/cor.borbolycsaba.ro\/ro\/?p=1429","title":{"rendered":"Bruxelles pl\u0103nuie\u0219te un nou acord privind apa, cum s\u0103 asigure accesul la ap\u0103 curat\u0103 \u00eentr-un climat \u00een schimbare"},"content":{"rendered":"<p style=\"text-align: justify;\"><strong>Bruxelles pl\u0103nuie\u0219te un nou acord privind apa, cum s\u0103 asigure accesul la ap\u0103 curat\u0103 \u00eentr-un climat \u00een schimbare<\/strong><\/p>\n<p style=\"text-align: justify;\">Mul\u021bi dintre dumneavoastr\u0103 a\u021bi auzit de acordul verde.<\/p>\n<p style=\"text-align: justify;\">Dar \u0219i de cel albastru?<\/p>\n<p style=\"text-align: justify;\">Bruxelles-ul pl\u0103nuie\u0219te un nou acord privind apa, cum accesul la ap\u0103 curat\u0103 \u00eentr-o clim\u0103 \u00een schimbare.<\/p>\n<p style=\"text-align: justify;\">Pentru noi este clar c\u0103 este nevoie de bani \u00een plus pentru alimentarea cu ap\u0103 \u00een zonele montane<\/p>\n<p style=\"text-align: justify;\">La Bucure\u0219ti, nu se g\u00e2ndesc la alimentarea cu ap\u0103 a zonelor montane!<\/p>\n<p style=\"text-align: justify;\">\u00cen discursul meu, am spus c\u0103 trebuie s\u0103 reg\u00e2ndim lucrurile \u0219i c\u0103 urm\u0103torul buget ar trebui s\u0103 acorde prioritate aliment\u0103rii cu ap\u0103, inclusiv gestion\u0103rii aliment\u0103rii cu ap\u0103.<\/p>\n<p style=\"text-align: justify;\">Acum se iau decizii cu privire la ce se va \u00eent\u00e2mpla dup\u0103 2027. Trebuie s\u0103 fim implica\u021bi \u00een aceste decizii, deoarece viitorul nostru nu este la fel pentru to\u021bi.<\/p>\n<p style=\"text-align: justify;\">Suntem responsabili pentru tipul de regiune \u0219i de jude\u021b pe care le l\u0103s\u0103m \u00een urm\u0103 genera\u021biilor viitoare.<\/p>\n<p style=\"text-align: justify;\">Sunt \u00eencrez\u0103tor c\u0103 deciziile luate acum vor sprijini prezentul \u0219i viitorul regiunii noastre.<\/p>\n","protected":false},"excerpt":{"rendered":"<p>Bruxelles pl\u0103nuie\u0219te un nou acord privind apa, cum s\u0103 asigure accesul la ap\u0103 curat\u0103 \u00eentr-un climat \u00een schimbare Mul\u021bi dintre dumneavoastr\u0103 a\u021bi auzit de acordul verde. Dar \u0219i de cel albastru? Bruxelles-ul pl\u0103nuie\u0219te un nou acord privind apa, cum accesul la ap\u0103 curat\u0103 \u00eentr-o clim\u0103 \u00een schimbare. Pentru noi este clar c\u0103 este nevoie de [&hellip;]<\/p>\n","protected":false},"author":6,"featured_media":1430,"comment_status":"open","ping_status":"closed","sticky":false,"template":"","format":"standard","meta":{"_bbp_topic_count":0,"_bbp_reply_count":0,"_bbp_total_topic_count":0,"_bbp_total_reply_count":0,"_bbp_voice_count":0,"_bbp_anonymous_reply_count":0,"_bbp_topic_count_hidden":0,"_bbp_reply_count_hidden":0,"_bbp_forum_subforum_count":0,"footnotes":""},"categories":[84],"tags":[],"_links":{"self":[{"href":"https:\/\/cor.borbolycsaba.ro\/ro\/index.php?rest_route=\/wp\/v2\/posts\/1429"}],"collection":[{"href":"https:\/\/cor.borbolycsaba.ro\/ro\/index.php?rest_route=\/wp\/v2\/posts"}],"about":[{"href":"https:\/\/cor.borbolycsaba.ro\/ro\/index.php?rest_route=\/wp\/v2\/types\/post"}],"author":[{"embeddable":true,"href":"https:\/\/cor.borbolycsaba.ro\/ro\/index.php?rest_route=\/wp\/v2\/users\/6"}],"replies":[{"embeddable":true,"href":"https:\/\/cor.borbolycsaba.ro\/ro\/index.php?rest_route=%2Fwp%2Fv2%2Fcomments&post=1429"}],"version-history":[{"count":1,"href":"https:\/\/cor.borbolycsaba.ro\/ro\/index.php?rest_route=\/wp\/v2\/posts\/1429\/revisions"}],"predecessor-version":[{"id":1431,"href":"https:\/\/cor.borbolycsaba.ro\/ro\/index.php?rest_route=\/wp\/v2\/posts\/1429\/revisions\/1431"}],"wp:featuredmedia":[{"embeddable":true,"href":"https:\/\/cor.borbolycsaba.ro\/ro\/index.php?rest_route=\/wp\/v2\/media\/1430"}],"wp:attachment":[{"href":"https:\/\/cor.borbolycsaba.ro\/ro\/index.php?rest_route=%2Fwp%2Fv2%2Fmedia&parent=1429"}],"wp:term":[{"taxonomy":"category","embeddable":true,"href":"https:\/\/cor.borbolycsaba.ro\/ro\/index.php?rest_route=%2Fwp%2Fv2%2Fcategories&post=1429"},{"taxonomy":"post_tag","embeddable":true,"href":"https:\/\/cor.borbolycsaba.ro\/ro\/index.php?rest_route=%2Fwp%2Fv2%2Ftags&post=1429"}],"curies":[{"name":"wp","href":"https:\/\/api.w.org\/{rel}","templated":true}]}}