{"id":1425,"date":"2024-06-21T13:36:26","date_gmt":"2024-06-21T13:36:26","guid":{"rendered":"https:\/\/cor.borbolycsaba.ro\/ro\/?p=1425"},"modified":"2024-08-20T15:20:58","modified_gmt":"2024-08-20T15:20:58","slug":"cultura-joaca-un-rol-esential-in-construirea-comunitatii","status":"publish","type":"post","link":"https:\/\/cor.borbolycsaba.ro\/ro\/?p=1425","title":{"rendered":"Cultura joac\u0103 un rol esen\u021bial \u00een construirea comunit\u0103\u021bii"},"content":{"rendered":"<p style=\"text-align: justify;\"><strong>Cultura joac\u0103 un rol esen\u021bial \u00een construirea comunit\u0103\u021bii<\/strong><\/p>\n<p style=\"text-align: justify;\">Toat\u0103 lumea, inclusiv persoanele care tr\u0103iesc \u00een regiuni mai pu\u021bin dezvoltate, ar trebui s\u0103 aib\u0103 acces la servicii culturale.<\/p>\n<p style=\"text-align: justify;\">Ast\u0103zi, la Bruxelles, am fost invitat de deputa\u021bii europeni la o reuniune a Comitetului Economic \u0219i Social \u00een calitate de membru \u0219i raportor al Comitetului Regiunilor.<\/p>\n<p style=\"text-align: justify;\">Am discutat despre priorit\u0103\u021bile viitoarei pre\u0219edin\u021bii maghiare \u0219i am avut c\u00e2teva sugestii cu privire la modul de abordare a provoc\u0103rilor demografice.<\/p>\n<p style=\"text-align: justify;\">\u00cen raportul meu, am subliniat aspectele pe care este important s\u0103 ne concentr\u0103m \u0219i s\u0103 sprijinim pre\u0219edin\u021bia maghiar\u0103 \u00een realizarea acestora.<\/p>\n<p style=\"text-align: justify;\">Jude\u021bul Harghita ar fi \u0219i el afectat de aceste schimb\u0103ri!<\/p>\n<p style=\"text-align: justify;\">Am propus ini\u021biativa Anului european al Europei rurale pentru a pune accentul pe valoarea cultural\u0103 \u0219i creativ\u0103 a zonelor rurale.<\/p>\n<p style=\"text-align: justify;\">Avem nevoie de un cadru similar ini\u021biativei Capitalelor europene ale culturii pentru a sprijini \u0219i promova cultura rural\u0103<\/p>\n<p style=\"text-align: justify;\">Este nevoie de sprijin suplimentar pentru proiectele care promoveaz\u0103 relevan\u021ba cultural\u0103, experimentarea \u0219i inovarea \u00een domeniul artelor vizuale contemporane, destinate dezvolt\u0103rii zonelor rurale.<\/p>\n<p style=\"text-align: justify;\">Sunt convins c\u0103 Uniunea European\u0103 este la fel de preocupat\u0103 ca \u0219i noi de dezvoltarea culturii rurale \u0219i rurale.<\/p>\n","protected":false},"excerpt":{"rendered":"<p>Cultura joac\u0103 un rol esen\u021bial \u00een construirea comunit\u0103\u021bii Toat\u0103 lumea, inclusiv persoanele care tr\u0103iesc \u00een regiuni mai pu\u021bin dezvoltate, ar trebui s\u0103 aib\u0103 acces la servicii culturale. Ast\u0103zi, la Bruxelles, am fost invitat de deputa\u021bii europeni la o reuniune a Comitetului Economic \u0219i Social \u00een calitate de membru \u0219i raportor al Comitetului Regiunilor. Am discutat [&hellip;]<\/p>\n","protected":false},"author":6,"featured_media":1426,"comment_status":"open","ping_status":"closed","sticky":false,"template":"","format":"standard","meta":{"_bbp_topic_count":0,"_bbp_reply_count":0,"_bbp_total_topic_count":0,"_bbp_total_reply_count":0,"_bbp_voice_count":0,"_bbp_anonymous_reply_count":0,"_bbp_topic_count_hidden":0,"_bbp_reply_count_hidden":0,"_bbp_forum_subforum_count":0,"footnotes":""},"categories":[84],"tags":[],"_links":{"self":[{"href":"https:\/\/cor.borbolycsaba.ro\/ro\/index.php?rest_route=\/wp\/v2\/posts\/1425"}],"collection":[{"href":"https:\/\/cor.borbolycsaba.ro\/ro\/index.php?rest_route=\/wp\/v2\/posts"}],"about":[{"href":"https:\/\/cor.borbolycsaba.ro\/ro\/index.php?rest_route=\/wp\/v2\/types\/post"}],"author":[{"embeddable":true,"href":"https:\/\/cor.borbolycsaba.ro\/ro\/index.php?rest_route=\/wp\/v2\/users\/6"}],"replies":[{"embeddable":true,"href":"https:\/\/cor.borbolycsaba.ro\/ro\/index.php?rest_route=%2Fwp%2Fv2%2Fcomments&post=1425"}],"version-history":[{"count":1,"href":"https:\/\/cor.borbolycsaba.ro\/ro\/index.php?rest_route=\/wp\/v2\/posts\/1425\/revisions"}],"predecessor-version":[{"id":1428,"href":"https:\/\/cor.borbolycsaba.ro\/ro\/index.php?rest_route=\/wp\/v2\/posts\/1425\/revisions\/1428"}],"wp:featuredmedia":[{"embeddable":true,"href":"https:\/\/cor.borbolycsaba.ro\/ro\/index.php?rest_route=\/wp\/v2\/media\/1426"}],"wp:attachment":[{"href":"https:\/\/cor.borbolycsaba.ro\/ro\/index.php?rest_route=%2Fwp%2Fv2%2Fmedia&parent=1425"}],"wp:term":[{"taxonomy":"category","embeddable":true,"href":"https:\/\/cor.borbolycsaba.ro\/ro\/index.php?rest_route=%2Fwp%2Fv2%2Fcategories&post=1425"},{"taxonomy":"post_tag","embeddable":true,"href":"https:\/\/cor.borbolycsaba.ro\/ro\/index.php?rest_route=%2Fwp%2Fv2%2Ftags&post=1425"}],"curies":[{"name":"wp","href":"https:\/\/api.w.org\/{rel}","templated":true}]}}