{"id":1420,"date":"2024-06-20T13:34:11","date_gmt":"2024-06-20T13:34:11","guid":{"rendered":"https:\/\/cor.borbolycsaba.ro\/ro\/?p=1420"},"modified":"2024-08-20T15:19:57","modified_gmt":"2024-08-20T15:19:57","slug":"integrarea-nevoilor-rurale-in-toate-politicile-europene-reprezinta-pasi-esentiali-catre-realizarea-unei-dezvoltari-rurale-cuprinzatoare","status":"publish","type":"post","link":"https:\/\/cor.borbolycsaba.ro\/ro\/?p=1420","title":{"rendered":"Integrarea nevoilor rurale \u00een toate politicile europene reprezint\u0103 pa\u0219i esen\u021biali c\u0103tre realizarea unei dezvolt\u0103ri rurale cuprinz\u0103toare."},"content":{"rendered":"<p style=\"text-align: justify;\"><strong>Integrarea nevoilor rurale \u00een toate politicile europene reprezint\u0103 pa\u0219i esen\u021biali c\u0103tre realizarea unei dezvolt\u0103ri rurale cuprinz\u0103toare.<\/strong><\/p>\n<p style=\"text-align: justify;\">Ca atare, recunoa\u0219terea semnifica\u021biei zonelor montane, a regiunilor mai pu\u021bin dezvoltate \u0219i a agriculturii extensive prietenoase cu mediul este esen\u021bial\u0103.<\/p>\n<p style=\"text-align: justify;\">Aceste regiuni contribuie semnificativ la biodiversitate \u0219i echilibru ecologic, p\u0103str\u00e2nd patrimoniul cultural \u0219i practicile sustenabile.<\/p>\n<p style=\"text-align: justify;\">\u00cen cadrul plenarei<a href=\"https:\/\/www.facebook.com\/European.Committee.of.the.Regions?__cft__%5b0%5d=AZXS_1zfwyPS4fPKGzc1Bsp6R6dE2_hKeWOx8IwVzX_i3Pnj6eFMcLSp93q69gV4ysajooKFbLcuw2zRKTLTjqnAljkpZghBtDkStCjPouX_seATULDKwBJ-z4AT0JAU4tLp9kvv7fwhY-2OAHSzFOL3pu_g5O25gf_gj6O0JfyD8QLBBtzdn7vLJuZGBc4ANf6MzAbeYg6wzzMR8432XnwV&amp;__tn__=-%5dK-R\"> European Committee of the Region<\/a>s, i-am prezentat problema protec\u021biei biodiversit\u0103\u021bii \u0219i coexisten\u021bei cu carnivorele mari Comisarul pentru Agricultur\u0103 \u0219i Dezvoltare Rural\u0103, Janusz Wojciechowski.<\/p>\n<p style=\"text-align: justify;\">Recunoa\u0219terea la timp a rolului vital al sistemelor de compensa\u021bie la timp, \u00een special pentru daunele aduse animalelor, este crucial\u0103. \u00cen plus, dificult\u0103\u021bile fermierilor mici, \u00een special ale celor care se concentreaz\u0103 pe cre\u0219terea bovinelor, necesit\u0103 aten\u021bie.<\/p>\n<p style=\"text-align: justify;\">Totodat\u0103, simplificarea accesului, minimizarea obstacolelor administrative \u0219i oferirea de asisten\u021b\u0103 local\u0103 pot spori gradul de participare \u0219i asigura o utilizare mai bun\u0103 a fondurilor \u00een sectorul agricol local.<\/p>\n<p style=\"text-align: justify;\">Sunt \u00eencrez\u0103tor c\u0103 \u0219i Comisia European\u0103 va aborda aceast\u0103 problem\u0103 \u00eentr-un mod semnificativ.<\/p>\n<p style=\"text-align: justify;\"><a href=\"https:\/\/www.facebook.com\/hashtag\/biodiversitate?__eep__=6&amp;__cft__%5b0%5d=AZXS_1zfwyPS4fPKGzc1Bsp6R6dE2_hKeWOx8IwVzX_i3Pnj6eFMcLSp93q69gV4ysajooKFbLcuw2zRKTLTjqnAljkpZghBtDkStCjPouX_seATULDKwBJ-z4AT0JAU4tLp9kvv7fwhY-2OAHSzFOL3pu_g5O25gf_gj6O0JfyD8QLBBtzdn7vLJuZGBc4ANf6MzAbeYg6wzzMR8432XnwV&amp;__tn__=*NK-R\">#biodiversitate<\/a> <a href=\"https:\/\/www.facebook.com\/hashtag\/pac?__eep__=6&amp;__cft__%5b0%5d=AZXS_1zfwyPS4fPKGzc1Bsp6R6dE2_hKeWOx8IwVzX_i3Pnj6eFMcLSp93q69gV4ysajooKFbLcuw2zRKTLTjqnAljkpZghBtDkStCjPouX_seATULDKwBJ-z4AT0JAU4tLp9kvv7fwhY-2OAHSzFOL3pu_g5O25gf_gj6O0JfyD8QLBBtzdn7vLJuZGBc4ANf6MzAbeYg6wzzMR8432XnwV&amp;__tn__=*NK-R\">#PAC<\/a> <a href=\"https:\/\/www.facebook.com\/hashtag\/fonduri?__eep__=6&amp;__cft__%5b0%5d=AZXS_1zfwyPS4fPKGzc1Bsp6R6dE2_hKeWOx8IwVzX_i3Pnj6eFMcLSp93q69gV4ysajooKFbLcuw2zRKTLTjqnAljkpZghBtDkStCjPouX_seATULDKwBJ-z4AT0JAU4tLp9kvv7fwhY-2OAHSzFOL3pu_g5O25gf_gj6O0JfyD8QLBBtzdn7vLJuZGBc4ANf6MzAbeYg6wzzMR8432XnwV&amp;__tn__=*NK-R\">#fonduri<\/a> <a href=\"https:\/\/www.facebook.com\/hashtag\/sustenabilitate?__eep__=6&amp;__cft__%5b0%5d=AZXS_1zfwyPS4fPKGzc1Bsp6R6dE2_hKeWOx8IwVzX_i3Pnj6eFMcLSp93q69gV4ysajooKFbLcuw2zRKTLTjqnAljkpZghBtDkStCjPouX_seATULDKwBJ-z4AT0JAU4tLp9kvv7fwhY-2OAHSzFOL3pu_g5O25gf_gj6O0JfyD8QLBBtzdn7vLJuZGBc4ANf6MzAbeYg6wzzMR8432XnwV&amp;__tn__=*NK-R\">#sustenabilitate<\/a><\/p>\n<p style=\"text-align: justify;\"><a href=\"https:\/\/www.facebook.com\/hashtag\/unompentrucomunitate?__eep__=6&amp;__cft__%5b0%5d=AZXS_1zfwyPS4fPKGzc1Bsp6R6dE2_hKeWOx8IwVzX_i3Pnj6eFMcLSp93q69gV4ysajooKFbLcuw2zRKTLTjqnAljkpZghBtDkStCjPouX_seATULDKwBJ-z4AT0JAU4tLp9kvv7fwhY-2OAHSzFOL3pu_g5O25gf_gj6O0JfyD8QLBBtzdn7vLJuZGBc4ANf6MzAbeYg6wzzMR8432XnwV&amp;__tn__=*NK-R\">#UnOmPentruComunitate<\/a> <a href=\"https:\/\/www.facebook.com\/hashtag\/pecaremereuv%C4%83pute%C8%9Bibaza?__eep__=6&amp;__cft__%5b0%5d=AZXS_1zfwyPS4fPKGzc1Bsp6R6dE2_hKeWOx8IwVzX_i3Pnj6eFMcLSp93q69gV4ysajooKFbLcuw2zRKTLTjqnAljkpZghBtDkStCjPouX_seATULDKwBJ-z4AT0JAU4tLp9kvv7fwhY-2OAHSzFOL3pu_g5O25gf_gj6O0JfyD8QLBBtzdn7vLJuZGBc4ANf6MzAbeYg6wzzMR8432XnwV&amp;__tn__=*NK-R\">#PeCareMereuV\u0103Pute\u021biBaza<\/a><\/p>\n<p style=\"text-align: justify;\">\n","protected":false},"excerpt":{"rendered":"<p>Integrarea nevoilor rurale \u00een toate politicile europene reprezint\u0103 pa\u0219i esen\u021biali c\u0103tre realizarea unei dezvolt\u0103ri rurale cuprinz\u0103toare. Ca atare, recunoa\u0219terea semnifica\u021biei zonelor montane, a regiunilor mai pu\u021bin dezvoltate \u0219i a agriculturii extensive prietenoase cu mediul este esen\u021bial\u0103. Aceste regiuni contribuie semnificativ la biodiversitate \u0219i echilibru ecologic, p\u0103str\u00e2nd patrimoniul cultural \u0219i practicile sustenabile. \u00cen cadrul plenarei European [&hellip;]<\/p>\n","protected":false},"author":6,"featured_media":1417,"comment_status":"open","ping_status":"closed","sticky":false,"template":"","format":"standard","meta":{"_bbp_topic_count":0,"_bbp_reply_count":0,"_bbp_total_topic_count":0,"_bbp_total_reply_count":0,"_bbp_voice_count":0,"_bbp_anonymous_reply_count":0,"_bbp_topic_count_hidden":0,"_bbp_reply_count_hidden":0,"_bbp_forum_subforum_count":0,"footnotes":""},"categories":[84],"tags":[],"_links":{"self":[{"href":"https:\/\/cor.borbolycsaba.ro\/ro\/index.php?rest_route=\/wp\/v2\/posts\/1420"}],"collection":[{"href":"https:\/\/cor.borbolycsaba.ro\/ro\/index.php?rest_route=\/wp\/v2\/posts"}],"about":[{"href":"https:\/\/cor.borbolycsaba.ro\/ro\/index.php?rest_route=\/wp\/v2\/types\/post"}],"author":[{"embeddable":true,"href":"https:\/\/cor.borbolycsaba.ro\/ro\/index.php?rest_route=\/wp\/v2\/users\/6"}],"replies":[{"embeddable":true,"href":"https:\/\/cor.borbolycsaba.ro\/ro\/index.php?rest_route=%2Fwp%2Fv2%2Fcomments&post=1420"}],"version-history":[{"count":1,"href":"https:\/\/cor.borbolycsaba.ro\/ro\/index.php?rest_route=\/wp\/v2\/posts\/1420\/revisions"}],"predecessor-version":[{"id":1421,"href":"https:\/\/cor.borbolycsaba.ro\/ro\/index.php?rest_route=\/wp\/v2\/posts\/1420\/revisions\/1421"}],"wp:featuredmedia":[{"embeddable":true,"href":"https:\/\/cor.borbolycsaba.ro\/ro\/index.php?rest_route=\/wp\/v2\/media\/1417"}],"wp:attachment":[{"href":"https:\/\/cor.borbolycsaba.ro\/ro\/index.php?rest_route=%2Fwp%2Fv2%2Fmedia&parent=1420"}],"wp:term":[{"taxonomy":"category","embeddable":true,"href":"https:\/\/cor.borbolycsaba.ro\/ro\/index.php?rest_route=%2Fwp%2Fv2%2Fcategories&post=1420"},{"taxonomy":"post_tag","embeddable":true,"href":"https:\/\/cor.borbolycsaba.ro\/ro\/index.php?rest_route=%2Fwp%2Fv2%2Ftags&post=1420"}],"curies":[{"name":"wp","href":"https:\/\/api.w.org\/{rel}","templated":true}]}}