{"id":1413,"date":"2024-06-19T13:30:46","date_gmt":"2024-06-19T13:30:46","guid":{"rendered":"https:\/\/cor.borbolycsaba.ro\/ro\/?p=1413"},"modified":"2024-08-20T15:19:10","modified_gmt":"2024-08-20T15:19:10","slug":"azi-sunt-din-nou-la-bruxelles","status":"publish","type":"post","link":"https:\/\/cor.borbolycsaba.ro\/ro\/?p=1413","title":{"rendered":"Azi sunt din nou la Bruxelles!"},"content":{"rendered":"<p style=\"text-align: justify;\"><strong>Azi sunt din nou la Bruxelles!<\/strong><\/p>\n<p style=\"text-align: justify;\">Pe ordinea de zi:<\/p>\n<p style=\"text-align: justify;\">Delega\u021bia Rom\u00e2niei la <a href=\"https:\/\/www.facebook.com\/European.Committee.of.the.Regions?__cft__%5b0%5d=AZWJTx5f7bB9EN82XEroK5ejjul_nPGqoMkCkuYbTr4IbdtYmabngo1MuB6BTTV5mItvjkaA46Y_OUnN8kb8CEOn-ZdS_jhJKB_lOfqFR5hTJ8XUO5sfo45qG-vMT1U4uBLual848JACeUbbaHkw7knGee0bgn2ZJrP9J4HBG7aYEAgPKDYtSl-xdF7_b3bDvgA1p1F_i9iS246dyyKARlwV&amp;__tn__=-%5dK-R\">European Committee of the Regions<\/a>;<\/p>\n<p style=\"text-align: justify;\">Dezbatere \u00een Plenara CoR privind viitorul Politicii Agricole Comune;<\/p>\n<p style=\"text-align: justify;\">Evenimentul de acordare a ecusonului de Vale a Inov\u0103rii Regionale.<\/p>\n<p style=\"text-align: justify;\"><a href=\"https:\/\/www.facebook.com\/hashtag\/bruxelles?__eep__=6&amp;__cft__%5b0%5d=AZWJTx5f7bB9EN82XEroK5ejjul_nPGqoMkCkuYbTr4IbdtYmabngo1MuB6BTTV5mItvjkaA46Y_OUnN8kb8CEOn-ZdS_jhJKB_lOfqFR5hTJ8XUO5sfo45qG-vMT1U4uBLual848JACeUbbaHkw7knGee0bgn2ZJrP9J4HBG7aYEAgPKDYtSl-xdF7_b3bDvgA1p1F_i9iS246dyyKARlwV&amp;__tn__=*NK-R\">#Bruxelles<\/a> <a href=\"https:\/\/www.facebook.com\/hashtag\/voceacomunit%C4%83%C8%9Bilorlocale?__eep__=6&amp;__cft__%5b0%5d=AZWJTx5f7bB9EN82XEroK5ejjul_nPGqoMkCkuYbTr4IbdtYmabngo1MuB6BTTV5mItvjkaA46Y_OUnN8kb8CEOn-ZdS_jhJKB_lOfqFR5hTJ8XUO5sfo45qG-vMT1U4uBLual848JACeUbbaHkw7knGee0bgn2ZJrP9J4HBG7aYEAgPKDYtSl-xdF7_b3bDvgA1p1F_i9iS246dyyKARlwV&amp;__tn__=*NK-R\">#voceacomunit\u0103\u021bilorlocale<\/a> <a href=\"https:\/\/www.facebook.com\/hashtag\/decizii?__eep__=6&amp;__cft__%5b0%5d=AZWJTx5f7bB9EN82XEroK5ejjul_nPGqoMkCkuYbTr4IbdtYmabngo1MuB6BTTV5mItvjkaA46Y_OUnN8kb8CEOn-ZdS_jhJKB_lOfqFR5hTJ8XUO5sfo45qG-vMT1U4uBLual848JACeUbbaHkw7knGee0bgn2ZJrP9J4HBG7aYEAgPKDYtSl-xdF7_b3bDvgA1p1F_i9iS246dyyKARlwV&amp;__tn__=*NK-R\">#decizii<\/a> <a href=\"https:\/\/www.facebook.com\/hashtag\/rezultate?__eep__=6&amp;__cft__%5b0%5d=AZWJTx5f7bB9EN82XEroK5ejjul_nPGqoMkCkuYbTr4IbdtYmabngo1MuB6BTTV5mItvjkaA46Y_OUnN8kb8CEOn-ZdS_jhJKB_lOfqFR5hTJ8XUO5sfo45qG-vMT1U4uBLual848JACeUbbaHkw7knGee0bgn2ZJrP9J4HBG7aYEAgPKDYtSl-xdF7_b3bDvgA1p1F_i9iS246dyyKARlwV&amp;__tn__=*NK-R\">#rezultate<\/a><\/p>\n<p style=\"text-align: justify;\"><a href=\"https:\/\/www.facebook.com\/hashtag\/unompentrucomunitate?__eep__=6&amp;__cft__%5b0%5d=AZWJTx5f7bB9EN82XEroK5ejjul_nPGqoMkCkuYbTr4IbdtYmabngo1MuB6BTTV5mItvjkaA46Y_OUnN8kb8CEOn-ZdS_jhJKB_lOfqFR5hTJ8XUO5sfo45qG-vMT1U4uBLual848JACeUbbaHkw7knGee0bgn2ZJrP9J4HBG7aYEAgPKDYtSl-xdF7_b3bDvgA1p1F_i9iS246dyyKARlwV&amp;__tn__=*NK-R\">#UnOmPentruComunitate<\/a> <a href=\"https:\/\/www.facebook.com\/hashtag\/pecaremereuv%C4%83pute%C8%9Bibaza?__eep__=6&amp;__cft__%5b0%5d=AZWJTx5f7bB9EN82XEroK5ejjul_nPGqoMkCkuYbTr4IbdtYmabngo1MuB6BTTV5mItvjkaA46Y_OUnN8kb8CEOn-ZdS_jhJKB_lOfqFR5hTJ8XUO5sfo45qG-vMT1U4uBLual848JACeUbbaHkw7knGee0bgn2ZJrP9J4HBG7aYEAgPKDYtSl-xdF7_b3bDvgA1p1F_i9iS246dyyKARlwV&amp;__tn__=*NK-R\">#PeCareMereuV\u0103Pute\u021biBaza<\/a><\/p>\n<p style=\"text-align: justify;\"><a href=\"https:\/\/www.facebook.com\/borbolycsaba.ro\/videos\/266873363149600\">https:\/\/www.facebook.com\/borbolycsaba.ro\/videos\/266873363149600<\/a><\/p>\n","protected":false},"excerpt":{"rendered":"<p>Azi sunt din nou la Bruxelles! Pe ordinea de zi: Delega\u021bia Rom\u00e2niei la European Committee of the Regions; Dezbatere \u00een Plenara CoR privind viitorul Politicii Agricole Comune; Evenimentul de acordare a ecusonului de Vale a Inov\u0103rii Regionale. #Bruxelles #voceacomunit\u0103\u021bilorlocale #decizii #rezultate #UnOmPentruComunitate #PeCareMereuV\u0103Pute\u021biBaza https:\/\/www.facebook.com\/borbolycsaba.ro\/videos\/266873363149600<\/p>\n","protected":false},"author":6,"featured_media":1414,"comment_status":"open","ping_status":"closed","sticky":false,"template":"","format":"standard","meta":{"_bbp_topic_count":0,"_bbp_reply_count":0,"_bbp_total_topic_count":0,"_bbp_total_reply_count":0,"_bbp_voice_count":0,"_bbp_anonymous_reply_count":0,"_bbp_topic_count_hidden":0,"_bbp_reply_count_hidden":0,"_bbp_forum_subforum_count":0,"footnotes":""},"categories":[84],"tags":[],"_links":{"self":[{"href":"https:\/\/cor.borbolycsaba.ro\/ro\/index.php?rest_route=\/wp\/v2\/posts\/1413"}],"collection":[{"href":"https:\/\/cor.borbolycsaba.ro\/ro\/index.php?rest_route=\/wp\/v2\/posts"}],"about":[{"href":"https:\/\/cor.borbolycsaba.ro\/ro\/index.php?rest_route=\/wp\/v2\/types\/post"}],"author":[{"embeddable":true,"href":"https:\/\/cor.borbolycsaba.ro\/ro\/index.php?rest_route=\/wp\/v2\/users\/6"}],"replies":[{"embeddable":true,"href":"https:\/\/cor.borbolycsaba.ro\/ro\/index.php?rest_route=%2Fwp%2Fv2%2Fcomments&post=1413"}],"version-history":[{"count":1,"href":"https:\/\/cor.borbolycsaba.ro\/ro\/index.php?rest_route=\/wp\/v2\/posts\/1413\/revisions"}],"predecessor-version":[{"id":1415,"href":"https:\/\/cor.borbolycsaba.ro\/ro\/index.php?rest_route=\/wp\/v2\/posts\/1413\/revisions\/1415"}],"wp:featuredmedia":[{"embeddable":true,"href":"https:\/\/cor.borbolycsaba.ro\/ro\/index.php?rest_route=\/wp\/v2\/media\/1414"}],"wp:attachment":[{"href":"https:\/\/cor.borbolycsaba.ro\/ro\/index.php?rest_route=%2Fwp%2Fv2%2Fmedia&parent=1413"}],"wp:term":[{"taxonomy":"category","embeddable":true,"href":"https:\/\/cor.borbolycsaba.ro\/ro\/index.php?rest_route=%2Fwp%2Fv2%2Fcategories&post=1413"},{"taxonomy":"post_tag","embeddable":true,"href":"https:\/\/cor.borbolycsaba.ro\/ro\/index.php?rest_route=%2Fwp%2Fv2%2Ftags&post=1413"}],"curies":[{"name":"wp","href":"https:\/\/api.w.org\/{rel}","templated":true}]}}