{"id":1410,"date":"2024-06-14T13:29:16","date_gmt":"2024-06-14T13:29:16","guid":{"rendered":"https:\/\/cor.borbolycsaba.ro\/ro\/?p=1410"},"modified":"2024-08-20T15:18:43","modified_gmt":"2024-08-20T15:18:43","slug":"prezenta-carnivorelor-mari-nu-mai-este-o-exceptie-in-multe-zone-din-europa","status":"publish","type":"post","link":"https:\/\/cor.borbolycsaba.ro\/ro\/?p=1410","title":{"rendered":"Prezen\u021ba carnivorelor mari nu mai este o excep\u021bie \u00een multe zone din Europa!"},"content":{"rendered":"<p style=\"text-align: justify;\"><strong>Prezen\u021ba carnivorelor mari nu mai este o excep\u021bie \u00een multe zone din Europa!<\/strong><\/p>\n<p style=\"text-align: justify;\">De aceea, statutul de protec\u021bie al acestora trebuie reevaluat periodic folosindu-ne de criterii obiective, raportat la dezvoltarea popula\u021biei \u0219i baz\u00e2ndu-ne pe \u0219tiin\u021b\u0103.<\/p>\n<p style=\"text-align: justify;\">Avem nevoie de date, f\u0103r\u0103 acestea nu putem lua decizii corecte.<\/p>\n<p style=\"text-align: justify;\">Pre\u0219edin\u021bia belgian\u0103 a Consiliului UE se \u00eencheie la 30 iunie \u0219i am fost invitat s\u0103 exprim punctul de vedere ca raportor pe coexisten\u021ba cu carnivorele mari \u0219i protec\u021bia biodiversit\u0103\u021bii c\u00e2t \u0219i al Comitetului European al Regiunilor.<\/p>\n<p style=\"text-align: justify;\">Pe acest subiect am avut multe demersuri \u0219i nu ne-am l\u0103sat p\u00e2n\u0103 c\u00e2nd la nivel european nu a fost con\u0219tientizat\u0103 importan\u021ba problemei. Se vor lua decizii importante la care suntem \u0219i noi parte.<\/p>\n<p style=\"text-align: justify;\">Obiectivul nostru este ca valorile cu care ne m\u00e2ndrim s\u0103 nu constituie un pericol pentru oameni.<\/p>\n<p style=\"text-align: justify;\">Opinia noastr\u0103 conteaz\u0103, \u0219i datorit\u0103 muncii perseverente a echipei am ajuns at\u00e2t de departe.<\/p>\n<p style=\"text-align: justify;\">Le mul\u021bumesc colegilor din cadrul Compartimentului Rela\u021bii Interna\u021bionale, Analiz\u0103 \u0219i Sintez\u0103, Direc\u021biei Generale Patrimoniu \u0219i echipei de comunicare care mi-au sus\u021binut constant activitatea.<\/p>\n<p style=\"text-align: justify;\">Am avut sus\u021binere deplin\u0103 \u0219i din partea colegilor din UDMR, T\u00e1nczos Barna, senator, fost ministru al Mediului, Apelor \u0219i P\u0103durilor, dar \u0219i a exper\u021bilor, proprietarilor \u0219i administratorilor de p\u0103duri, gestionarilor fondurilor de v\u00e2n\u0103toare, cet\u0103\u021benilor. V\u0103 mul\u021bumesc tuturor.<\/p>\n<p style=\"text-align: justify;\">\u00cen plus, este \u00eencurajator c\u0103 viitoarea pre\u0219edin\u021bie ungar\u0103 este a\u0219teptat\u0103 s\u0103 abordeze provoc\u0103rile coexisten\u021bei cu marile carnivore, deoarece aceast\u0103 problem\u0103 devine din ce \u00een ce mai relevant\u0103 \u00een multe \u021b\u0103ri ale UE.<\/p>\n<p style=\"text-align: justify;\">Mergem \u00eenainte!<\/p>\n<p style=\"text-align: justify;\"><a href=\"https:\/\/www.facebook.com\/European.Committee.of.the.Regions?__cft__%5b0%5d=AZXEKqcfid3qOYThXVQ5LjlW6EYydaBZ0UkvUmbTdd1hKwMNaszUs9HYzHryk4t4d1oUbdahMlUZ8LOrpuWOwQbwS6N6Xs9oVtw5FZLLNvFdvgqnhnEZoOe83GfvaXdPMqnAzhT13vsjnRzJ-jd4jpezrHsp2BZpayZc_g5363JwnTsn1uIOFQ9k2aYEkW6Rvwfbixmy3ijz3t-9vO1mJ0zD&amp;__tn__=-%5dK-R\">European Committee of the Regions<\/a><\/p>\n<p style=\"text-align: justify;\"><a href=\"https:\/\/www.facebook.com\/hashtag\/coexisten%C8%9B%C4%83?__eep__=6&amp;__cft__%5b0%5d=AZXEKqcfid3qOYThXVQ5LjlW6EYydaBZ0UkvUmbTdd1hKwMNaszUs9HYzHryk4t4d1oUbdahMlUZ8LOrpuWOwQbwS6N6Xs9oVtw5FZLLNvFdvgqnhnEZoOe83GfvaXdPMqnAzhT13vsjnRzJ-jd4jpezrHsp2BZpayZc_g5363JwnTsn1uIOFQ9k2aYEkW6Rvwfbixmy3ijz3t-9vO1mJ0zD&amp;__tn__=*NK-R\">#coexisten\u021b\u0103<\/a> <a href=\"https:\/\/www.facebook.com\/hashtag\/biodiversitate?__eep__=6&amp;__cft__%5b0%5d=AZXEKqcfid3qOYThXVQ5LjlW6EYydaBZ0UkvUmbTdd1hKwMNaszUs9HYzHryk4t4d1oUbdahMlUZ8LOrpuWOwQbwS6N6Xs9oVtw5FZLLNvFdvgqnhnEZoOe83GfvaXdPMqnAzhT13vsjnRzJ-jd4jpezrHsp2BZpayZc_g5363JwnTsn1uIOFQ9k2aYEkW6Rvwfbixmy3ijz3t-9vO1mJ0zD&amp;__tn__=*NK-R\">#biodiversitate<\/a> <a href=\"https:\/\/www.facebook.com\/hashtag\/solu%C8%9Bii?__eep__=6&amp;__cft__%5b0%5d=AZXEKqcfid3qOYThXVQ5LjlW6EYydaBZ0UkvUmbTdd1hKwMNaszUs9HYzHryk4t4d1oUbdahMlUZ8LOrpuWOwQbwS6N6Xs9oVtw5FZLLNvFdvgqnhnEZoOe83GfvaXdPMqnAzhT13vsjnRzJ-jd4jpezrHsp2BZpayZc_g5363JwnTsn1uIOFQ9k2aYEkW6Rvwfbixmy3ijz3t-9vO1mJ0zD&amp;__tn__=*NK-R\">#solu\u021bii<\/a><\/p>\n<p style=\"text-align: justify;\"><a href=\"https:\/\/scontent.fotp7-2.fna.fbcdn.net\/v\/t39.30808-6\/448316011_926886386118018_201841129968802680_n.jpg?stp=dst-jpg_s600x600&amp;_nc_cat=111&amp;ccb=1-7&amp;_nc_sid=833d8c&amp;_nc_ohc=zYM6b7kBHJgQ7kNvgFF_eLM&amp;_nc_ht=scontent.fotp7-2.fna&amp;oh=00_AYBCQ3qoHMyiWh2qipxhWRtmav58iMboFHUA1npmlAd4tw&amp;oe=66CA28B4\">https:\/\/scontent.fotp7-2.fna.fbcdn.net\/v\/t39.30808-6\/448316011_926886386118018_201841129968802680_n.jpg?stp=dst-jpg_s600x600&amp;_nc_cat=111&amp;ccb=1-7&amp;_nc_sid=833d8c&amp;_nc_ohc=zYM6b7kBHJgQ7kNvgFF_eLM&amp;_nc_ht=scontent.fotp7-2.fna&amp;oh=00_AYBCQ3qoHMyiWh2qipxhWRtmav58iMboFHUA1npmlAd4tw&amp;oe=66CA28B4<\/a><\/p>\n<p style=\"text-align: justify;\">\n","protected":false},"excerpt":{"rendered":"<p>Prezen\u021ba carnivorelor mari nu mai este o excep\u021bie \u00een multe zone din Europa! De aceea, statutul de protec\u021bie al acestora trebuie reevaluat periodic folosindu-ne de criterii obiective, raportat la dezvoltarea popula\u021biei \u0219i baz\u00e2ndu-ne pe \u0219tiin\u021b\u0103. Avem nevoie de date, f\u0103r\u0103 acestea nu putem lua decizii corecte. Pre\u0219edin\u021bia belgian\u0103 a Consiliului UE se \u00eencheie la 30 [&hellip;]<\/p>\n","protected":false},"author":6,"featured_media":1411,"comment_status":"open","ping_status":"closed","sticky":false,"template":"","format":"standard","meta":{"_bbp_topic_count":0,"_bbp_reply_count":0,"_bbp_total_topic_count":0,"_bbp_total_reply_count":0,"_bbp_voice_count":0,"_bbp_anonymous_reply_count":0,"_bbp_topic_count_hidden":0,"_bbp_reply_count_hidden":0,"_bbp_forum_subforum_count":0,"footnotes":""},"categories":[84],"tags":[],"_links":{"self":[{"href":"https:\/\/cor.borbolycsaba.ro\/ro\/index.php?rest_route=\/wp\/v2\/posts\/1410"}],"collection":[{"href":"https:\/\/cor.borbolycsaba.ro\/ro\/index.php?rest_route=\/wp\/v2\/posts"}],"about":[{"href":"https:\/\/cor.borbolycsaba.ro\/ro\/index.php?rest_route=\/wp\/v2\/types\/post"}],"author":[{"embeddable":true,"href":"https:\/\/cor.borbolycsaba.ro\/ro\/index.php?rest_route=\/wp\/v2\/users\/6"}],"replies":[{"embeddable":true,"href":"https:\/\/cor.borbolycsaba.ro\/ro\/index.php?rest_route=%2Fwp%2Fv2%2Fcomments&post=1410"}],"version-history":[{"count":1,"href":"https:\/\/cor.borbolycsaba.ro\/ro\/index.php?rest_route=\/wp\/v2\/posts\/1410\/revisions"}],"predecessor-version":[{"id":1412,"href":"https:\/\/cor.borbolycsaba.ro\/ro\/index.php?rest_route=\/wp\/v2\/posts\/1410\/revisions\/1412"}],"wp:featuredmedia":[{"embeddable":true,"href":"https:\/\/cor.borbolycsaba.ro\/ro\/index.php?rest_route=\/wp\/v2\/media\/1411"}],"wp:attachment":[{"href":"https:\/\/cor.borbolycsaba.ro\/ro\/index.php?rest_route=%2Fwp%2Fv2%2Fmedia&parent=1410"}],"wp:term":[{"taxonomy":"category","embeddable":true,"href":"https:\/\/cor.borbolycsaba.ro\/ro\/index.php?rest_route=%2Fwp%2Fv2%2Fcategories&post=1410"},{"taxonomy":"post_tag","embeddable":true,"href":"https:\/\/cor.borbolycsaba.ro\/ro\/index.php?rest_route=%2Fwp%2Fv2%2Ftags&post=1410"}],"curies":[{"name":"wp","href":"https:\/\/api.w.org\/{rel}","templated":true}]}}