{"id":1404,"date":"2024-06-13T13:26:03","date_gmt":"2024-06-13T13:26:03","guid":{"rendered":"https:\/\/cor.borbolycsaba.ro\/ro\/?p=1404"},"modified":"2024-08-20T15:18:02","modified_gmt":"2024-08-20T15:18:02","slug":"eforturile-consiliului-judetean-hargita-au-fost-recunoscute-de-catre-comisia-europeana","status":"publish","type":"post","link":"https:\/\/cor.borbolycsaba.ro\/ro\/?p=1404","title":{"rendered":"Eforturile Consiliului Jude\u021bean Hargita au fost recunoscute de c\u0103tre Comisia European\u0103!"},"content":{"rendered":"<p>&nbsp;<\/p>\n<p><strong>Eforturile Consiliului Jude\u021bean Hargita au fost recunoscute de c\u0103tre Comisia European\u0103!<\/strong><\/p>\n<p>Suntem printre cele 151 de regiuni care au primit eticheta de Vale a Inov\u0103rii Regionale.<\/p>\n<p>Prin aceast\u0103 reu\u0219it\u0103 jude\u021bul Harghita poate deveni un centru al cercet\u0103rii \u0219i inov\u0103rii nu doar la nivel regional ci \u0219i european.<\/p>\n<p>Suntem parteneri ai Comisiei Europene \u00een domeniul securit\u0103\u021bii alimentare, \u0219i pentru rezultatul ob\u021binut le mul\u021bumesc colegilor din cadrul Compartimentului Rela\u021bii Interna\u021bionale al Consiliului Jude\u021bean Harghita.<\/p>\n<p>Vom avea acces, \u00eempreun\u0103 cu celelalte 150 de regiuni, la peste 170 de milioane de euro, ce vor putea fi direc\u021biona\u021bi pe dezvoltarea ecosistemelor de inovare \u00een Europa.<\/p>\n<p>\u00cencepem s\u0103 culegem roadele muncii noastre \u00een Comitetul European al Regiunilor !<\/p>\n<p><a href=\"https:\/\/www.facebook.com\/hashtag\/cercetare?__eep__=6&amp;__cft__%5b0%5d=AZVajUUMRW5zf9Q9gg3TfCB2VC9x3hSjh6tdupWspPXTwZHAVLUzoxAUlKgNfkmsYv2DWIhDeiBvv-i7d8c5fiXYnAIR_saXICKHcVolWFB2BkChsta0nbPn27awrwPD6xeymzNjVDxXH4HbcI7Fcd-trAZkmXO67gAUA8R4Ltlf8yGzpKA5Bc5X_GazIry4A4DqRk41fuMozFDgzmrxjU1k&amp;__tn__=*NK-R\">#cercetare<\/a> <a href=\"https:\/\/www.facebook.com\/hashtag\/inovare?__eep__=6&amp;__cft__%5b0%5d=AZVajUUMRW5zf9Q9gg3TfCB2VC9x3hSjh6tdupWspPXTwZHAVLUzoxAUlKgNfkmsYv2DWIhDeiBvv-i7d8c5fiXYnAIR_saXICKHcVolWFB2BkChsta0nbPn27awrwPD6xeymzNjVDxXH4HbcI7Fcd-trAZkmXO67gAUA8R4Ltlf8yGzpKA5Bc5X_GazIry4A4DqRk41fuMozFDgzmrxjU1k&amp;__tn__=*NK-R\">#inovare<\/a> <a href=\"https:\/\/www.facebook.com\/hashtag\/dezvoltare?__eep__=6&amp;__cft__%5b0%5d=AZVajUUMRW5zf9Q9gg3TfCB2VC9x3hSjh6tdupWspPXTwZHAVLUzoxAUlKgNfkmsYv2DWIhDeiBvv-i7d8c5fiXYnAIR_saXICKHcVolWFB2BkChsta0nbPn27awrwPD6xeymzNjVDxXH4HbcI7Fcd-trAZkmXO67gAUA8R4Ltlf8yGzpKA5Bc5X_GazIry4A4DqRk41fuMozFDgzmrxjU1k&amp;__tn__=*NK-R\">#dezvoltare<\/a> <a href=\"https:\/\/www.facebook.com\/hashtag\/valeainov%C4%83riiregionale?__eep__=6&amp;__cft__%5b0%5d=AZVajUUMRW5zf9Q9gg3TfCB2VC9x3hSjh6tdupWspPXTwZHAVLUzoxAUlKgNfkmsYv2DWIhDeiBvv-i7d8c5fiXYnAIR_saXICKHcVolWFB2BkChsta0nbPn27awrwPD6xeymzNjVDxXH4HbcI7Fcd-trAZkmXO67gAUA8R4Ltlf8yGzpKA5Bc5X_GazIry4A4DqRk41fuMozFDgzmrxjU1k&amp;__tn__=*NK-R\">#ValeaInov\u0103riiRegionale<\/a><\/p>\n<p><a href=\"https:\/\/www.facebook.com\/hashtag\/unompentrucomunitate?__eep__=6&amp;__cft__%5b0%5d=AZVajUUMRW5zf9Q9gg3TfCB2VC9x3hSjh6tdupWspPXTwZHAVLUzoxAUlKgNfkmsYv2DWIhDeiBvv-i7d8c5fiXYnAIR_saXICKHcVolWFB2BkChsta0nbPn27awrwPD6xeymzNjVDxXH4HbcI7Fcd-trAZkmXO67gAUA8R4Ltlf8yGzpKA5Bc5X_GazIry4A4DqRk41fuMozFDgzmrxjU1k&amp;__tn__=*NK-R\">#UnOmPentruComunitate<\/a> <a href=\"https:\/\/www.facebook.com\/hashtag\/pecaremereuv%C4%83pute%C8%9Bibaza?__eep__=6&amp;__cft__%5b0%5d=AZVajUUMRW5zf9Q9gg3TfCB2VC9x3hSjh6tdupWspPXTwZHAVLUzoxAUlKgNfkmsYv2DWIhDeiBvv-i7d8c5fiXYnAIR_saXICKHcVolWFB2BkChsta0nbPn27awrwPD6xeymzNjVDxXH4HbcI7Fcd-trAZkmXO67gAUA8R4Ltlf8yGzpKA5Bc5X_GazIry4A4DqRk41fuMozFDgzmrxjU1k&amp;__tn__=*NK-R\">#PeCareMereuV\u0103Pute\u021biBaza<\/a><\/p>\n<p><a href=\"https:\/\/www.facebook.com\/borbolycsaba.ro\/videos\/1671341673624835\">https:\/\/www.facebook.com\/borbolycsaba.ro\/videos\/1671341673624835<\/a><\/p>\n<p>&nbsp;<\/p>\n","protected":false},"excerpt":{"rendered":"<p>&nbsp; Eforturile Consiliului Jude\u021bean Hargita au fost recunoscute de c\u0103tre Comisia European\u0103! Suntem printre cele 151 de regiuni care au primit eticheta de Vale a Inov\u0103rii Regionale. Prin aceast\u0103 reu\u0219it\u0103 jude\u021bul Harghita poate deveni un centru al cercet\u0103rii \u0219i inov\u0103rii nu doar la nivel regional ci \u0219i european. Suntem parteneri ai Comisiei Europene \u00een domeniul [&hellip;]<\/p>\n","protected":false},"author":6,"featured_media":1405,"comment_status":"open","ping_status":"closed","sticky":false,"template":"","format":"standard","meta":{"_bbp_topic_count":0,"_bbp_reply_count":0,"_bbp_total_topic_count":0,"_bbp_total_reply_count":0,"_bbp_voice_count":0,"_bbp_anonymous_reply_count":0,"_bbp_topic_count_hidden":0,"_bbp_reply_count_hidden":0,"_bbp_forum_subforum_count":0,"footnotes":""},"categories":[84],"tags":[],"_links":{"self":[{"href":"https:\/\/cor.borbolycsaba.ro\/ro\/index.php?rest_route=\/wp\/v2\/posts\/1404"}],"collection":[{"href":"https:\/\/cor.borbolycsaba.ro\/ro\/index.php?rest_route=\/wp\/v2\/posts"}],"about":[{"href":"https:\/\/cor.borbolycsaba.ro\/ro\/index.php?rest_route=\/wp\/v2\/types\/post"}],"author":[{"embeddable":true,"href":"https:\/\/cor.borbolycsaba.ro\/ro\/index.php?rest_route=\/wp\/v2\/users\/6"}],"replies":[{"embeddable":true,"href":"https:\/\/cor.borbolycsaba.ro\/ro\/index.php?rest_route=%2Fwp%2Fv2%2Fcomments&post=1404"}],"version-history":[{"count":1,"href":"https:\/\/cor.borbolycsaba.ro\/ro\/index.php?rest_route=\/wp\/v2\/posts\/1404\/revisions"}],"predecessor-version":[{"id":1406,"href":"https:\/\/cor.borbolycsaba.ro\/ro\/index.php?rest_route=\/wp\/v2\/posts\/1404\/revisions\/1406"}],"wp:featuredmedia":[{"embeddable":true,"href":"https:\/\/cor.borbolycsaba.ro\/ro\/index.php?rest_route=\/wp\/v2\/media\/1405"}],"wp:attachment":[{"href":"https:\/\/cor.borbolycsaba.ro\/ro\/index.php?rest_route=%2Fwp%2Fv2%2Fmedia&parent=1404"}],"wp:term":[{"taxonomy":"category","embeddable":true,"href":"https:\/\/cor.borbolycsaba.ro\/ro\/index.php?rest_route=%2Fwp%2Fv2%2Fcategories&post=1404"},{"taxonomy":"post_tag","embeddable":true,"href":"https:\/\/cor.borbolycsaba.ro\/ro\/index.php?rest_route=%2Fwp%2Fv2%2Ftags&post=1404"}],"curies":[{"name":"wp","href":"https:\/\/api.w.org\/{rel}","templated":true}]}}