{"id":1401,"date":"2024-07-08T13:24:51","date_gmt":"2024-07-08T13:24:51","guid":{"rendered":"https:\/\/cor.borbolycsaba.ro\/ro\/?p=1401"},"modified":"2024-08-20T15:22:53","modified_gmt":"2024-08-20T15:22:53","slug":"tinerii-au-o-voce-ce-trebuie-incurajata-sa-se-faca-auzita","status":"publish","type":"post","link":"https:\/\/cor.borbolycsaba.ro\/ro\/?p=1401","title":{"rendered":"Tinerii au o voce ce trebuie \u00eencurajat\u0103 s\u0103 se fac\u0103 auzit\u0103!"},"content":{"rendered":"<p style=\"text-align: justify;\"><strong>Tinerii au o voce ce trebuie \u00eencurajat\u0103 s\u0103 se fac\u0103 auzit\u0103! <\/strong><\/p>\n<p style=\"text-align: justify;\">Aici intervine rolul autorit\u0103\u021bilor locale \u0219i regionale de a reduce distan\u021ba dintre Europa \u0219i tinerii ei cet\u0103\u021beni.<\/p>\n<p style=\"text-align: justify;\">Rezultatele alegerilor europene \u0219i locale ne-au ar\u0103tat c\u0103 \u00een continuare prezen\u021ba tinerilor la vot este foarte redus\u0103.<\/p>\n<p style=\"text-align: justify;\">De aceea, dezbaterea la care am participat azi, la Vilnius, este foarte important\u0103 pentru a atrage aten\u021bia \u00eenc\u0103 o dat\u0103 asupra necesit\u0103\u021bii integr\u0103rii tinerilor \u00een procesele democratice, \u00een educa\u021bie \u0219i \u00een g\u0103sirea de solu\u021bii pentru cre\u0219terea oportunit\u0103\u021bilor de integrare \u00een c\u00e2mpul muncii.<\/p>\n<p style=\"text-align: justify;\">La nivel local avem p\u00e2rghiile necesare pentru a cre\u0219te gradul de implicare al tinerilor prin dialog \u0219i interac\u021biuni specifice.<\/p>\n<p style=\"text-align: justify;\">Trebuie \u00eens\u0103 s\u0103 g\u0103sim strategiile inovatoare care s\u0103-i determine pe tineri s\u0103 se implice \u00een politic\u0103, acolo unde ei pot aduce schimbarea.<\/p>\n<p style=\"text-align: justify;\">\u00cen lumina alegerilor viitoare din Rom\u00e2nia, trebuie d\u00e9j\u00e0 s\u0103 ne g\u00e2ndim cum \u00eei vom mobiliza pe ace\u0219ti tineri.<\/p>\n<p style=\"text-align: justify;\">Avem nevoie de mai mult dialog \u0219i de mai mult\u0103 g\u00e2ndire comun\u0103.<\/p>\n<p style=\"text-align: justify;\"><a href=\"https:\/\/www.facebook.com\/hashtag\/europamaiaproapedetineri?__eep__=6&amp;__cft__%5b0%5d=AZWvDXYP6Wtjq-f9NhVFwbl60qOIGqKvZmdG8hsCUX87cHvKi6P0R5y6TapaRMP0OU-wqNY5iOTIV0P47n97XCQOu3V0cPDauNye5YBKlNxSXtn3TL6faBbJiPiQDP5-AmrEAWEk-9_ukWM559e1LJGSjyxc9pejHnlAdNkEgM7cdvm4xQQmaccZJMBbZDJX9Vl47-7IpljSVz82fzs7ZG_a&amp;__tn__=*NK-R\">#europamaiaproapedetineri<\/a> <a href=\"https:\/\/www.facebook.com\/hashtag\/incluziune?__eep__=6&amp;__cft__%5b0%5d=AZWvDXYP6Wtjq-f9NhVFwbl60qOIGqKvZmdG8hsCUX87cHvKi6P0R5y6TapaRMP0OU-wqNY5iOTIV0P47n97XCQOu3V0cPDauNye5YBKlNxSXtn3TL6faBbJiPiQDP5-AmrEAWEk-9_ukWM559e1LJGSjyxc9pejHnlAdNkEgM7cdvm4xQQmaccZJMBbZDJX9Vl47-7IpljSVz82fzs7ZG_a&amp;__tn__=*NK-R\">#incluziune<\/a> <a href=\"https:\/\/www.facebook.com\/hashtag\/implicare?__eep__=6&amp;__cft__%5b0%5d=AZWvDXYP6Wtjq-f9NhVFwbl60qOIGqKvZmdG8hsCUX87cHvKi6P0R5y6TapaRMP0OU-wqNY5iOTIV0P47n97XCQOu3V0cPDauNye5YBKlNxSXtn3TL6faBbJiPiQDP5-AmrEAWEk-9_ukWM559e1LJGSjyxc9pejHnlAdNkEgM7cdvm4xQQmaccZJMBbZDJX9Vl47-7IpljSVz82fzs7ZG_a&amp;__tn__=*NK-R\">#implicare<\/a> <a href=\"https:\/\/www.facebook.com\/hashtag\/vot?__eep__=6&amp;__cft__%5b0%5d=AZWvDXYP6Wtjq-f9NhVFwbl60qOIGqKvZmdG8hsCUX87cHvKi6P0R5y6TapaRMP0OU-wqNY5iOTIV0P47n97XCQOu3V0cPDauNye5YBKlNxSXtn3TL6faBbJiPiQDP5-AmrEAWEk-9_ukWM559e1LJGSjyxc9pejHnlAdNkEgM7cdvm4xQQmaccZJMBbZDJX9Vl47-7IpljSVz82fzs7ZG_a&amp;__tn__=*NK-R\">#vot<\/a> <a href=\"https:\/\/www.facebook.com\/hashtag\/schimbare?__eep__=6&amp;__cft__%5b0%5d=AZWvDXYP6Wtjq-f9NhVFwbl60qOIGqKvZmdG8hsCUX87cHvKi6P0R5y6TapaRMP0OU-wqNY5iOTIV0P47n97XCQOu3V0cPDauNye5YBKlNxSXtn3TL6faBbJiPiQDP5-AmrEAWEk-9_ukWM559e1LJGSjyxc9pejHnlAdNkEgM7cdvm4xQQmaccZJMBbZDJX9Vl47-7IpljSVz82fzs7ZG_a&amp;__tn__=*NK-R\">#schimbare<\/a><\/p>\n<p style=\"text-align: justify;\"><a href=\"https:\/\/www.facebook.com\/hashtag\/unompentrucomunitate?__eep__=6&amp;__cft__%5b0%5d=AZWvDXYP6Wtjq-f9NhVFwbl60qOIGqKvZmdG8hsCUX87cHvKi6P0R5y6TapaRMP0OU-wqNY5iOTIV0P47n97XCQOu3V0cPDauNye5YBKlNxSXtn3TL6faBbJiPiQDP5-AmrEAWEk-9_ukWM559e1LJGSjyxc9pejHnlAdNkEgM7cdvm4xQQmaccZJMBbZDJX9Vl47-7IpljSVz82fzs7ZG_a&amp;__tn__=*NK-R\">#UnOmPentruComunitate<\/a> <a href=\"https:\/\/www.facebook.com\/hashtag\/pecaremereuv%C4%83pute%C8%9Bibaza?__eep__=6&amp;__cft__%5b0%5d=AZWvDXYP6Wtjq-f9NhVFwbl60qOIGqKvZmdG8hsCUX87cHvKi6P0R5y6TapaRMP0OU-wqNY5iOTIV0P47n97XCQOu3V0cPDauNye5YBKlNxSXtn3TL6faBbJiPiQDP5-AmrEAWEk-9_ukWM559e1LJGSjyxc9pejHnlAdNkEgM7cdvm4xQQmaccZJMBbZDJX9Vl47-7IpljSVz82fzs7ZG_a&amp;__tn__=*NK-R\">#PeCareMereuV\u0103Pute\u021biBaza<\/a><\/p>\n","protected":false},"excerpt":{"rendered":"<p>Tinerii au o voce ce trebuie \u00eencurajat\u0103 s\u0103 se fac\u0103 auzit\u0103! Aici intervine rolul autorit\u0103\u021bilor locale \u0219i regionale de a reduce distan\u021ba dintre Europa \u0219i tinerii ei cet\u0103\u021beni. Rezultatele alegerilor europene \u0219i locale ne-au ar\u0103tat c\u0103 \u00een continuare prezen\u021ba tinerilor la vot este foarte redus\u0103. De aceea, dezbaterea la care am participat azi, la Vilnius, [&hellip;]<\/p>\n","protected":false},"author":6,"featured_media":1402,"comment_status":"open","ping_status":"closed","sticky":false,"template":"","format":"standard","meta":{"_bbp_topic_count":0,"_bbp_reply_count":0,"_bbp_total_topic_count":0,"_bbp_total_reply_count":0,"_bbp_voice_count":0,"_bbp_anonymous_reply_count":0,"_bbp_topic_count_hidden":0,"_bbp_reply_count_hidden":0,"_bbp_forum_subforum_count":0,"footnotes":""},"categories":[84],"tags":[],"_links":{"self":[{"href":"https:\/\/cor.borbolycsaba.ro\/ro\/index.php?rest_route=\/wp\/v2\/posts\/1401"}],"collection":[{"href":"https:\/\/cor.borbolycsaba.ro\/ro\/index.php?rest_route=\/wp\/v2\/posts"}],"about":[{"href":"https:\/\/cor.borbolycsaba.ro\/ro\/index.php?rest_route=\/wp\/v2\/types\/post"}],"author":[{"embeddable":true,"href":"https:\/\/cor.borbolycsaba.ro\/ro\/index.php?rest_route=\/wp\/v2\/users\/6"}],"replies":[{"embeddable":true,"href":"https:\/\/cor.borbolycsaba.ro\/ro\/index.php?rest_route=%2Fwp%2Fv2%2Fcomments&post=1401"}],"version-history":[{"count":1,"href":"https:\/\/cor.borbolycsaba.ro\/ro\/index.php?rest_route=\/wp\/v2\/posts\/1401\/revisions"}],"predecessor-version":[{"id":1403,"href":"https:\/\/cor.borbolycsaba.ro\/ro\/index.php?rest_route=\/wp\/v2\/posts\/1401\/revisions\/1403"}],"wp:featuredmedia":[{"embeddable":true,"href":"https:\/\/cor.borbolycsaba.ro\/ro\/index.php?rest_route=\/wp\/v2\/media\/1402"}],"wp:attachment":[{"href":"https:\/\/cor.borbolycsaba.ro\/ro\/index.php?rest_route=%2Fwp%2Fv2%2Fmedia&parent=1401"}],"wp:term":[{"taxonomy":"category","embeddable":true,"href":"https:\/\/cor.borbolycsaba.ro\/ro\/index.php?rest_route=%2Fwp%2Fv2%2Fcategories&post=1401"},{"taxonomy":"post_tag","embeddable":true,"href":"https:\/\/cor.borbolycsaba.ro\/ro\/index.php?rest_route=%2Fwp%2Fv2%2Ftags&post=1401"}],"curies":[{"name":"wp","href":"https:\/\/api.w.org\/{rel}","templated":true}]}}