{"id":1397,"date":"2024-07-04T13:22:46","date_gmt":"2024-07-04T13:22:46","guid":{"rendered":"https:\/\/cor.borbolycsaba.ro\/ro\/?p=1397"},"modified":"2024-08-20T15:22:26","modified_gmt":"2024-08-20T15:22:26","slug":"vietile-oamenilor-nu-se-afla-pe-lista-de-prioritati-a-factorilor-de-decizie-de-la-bruxelles","status":"publish","type":"post","link":"https:\/\/cor.borbolycsaba.ro\/ro\/?p=1397","title":{"rendered":"Vie\u021bile oamenilor nu se afl\u0103 pe lista de priorit\u0103\u021bi a factorilor de decizie de la Bruxelles"},"content":{"rendered":"<p style=\"text-align: justify;\"><strong>Vie\u021bile oamenilor nu se afl\u0103 pe lista de priorit\u0103\u021bi a factorilor de decizie de la Bruxelles<\/strong><\/p>\n<p style=\"text-align: justify;\"><strong>Pre\u0219edin\u021bia maghiar\u0103 a UE poate aborda problema ur\u0219ilor<\/strong><\/p>\n<p style=\"text-align: justify;\">Ast\u0103zi, la Bruxelles, Csaba Borboly, pre\u0219edintele Consiliului Jude\u021bean Harghita \u0219i raportor al Comitetului European al Regiunilor, a atras aten\u021bia asupra utiliz\u0103rii excesive a politicilor de mediu ale UE \u0219i a pericolelor pe care acestea le prezint\u0103, \u00een special \u00een ceea ce prive\u0219te problema ur\u0219ilor.<\/p>\n<p style=\"text-align: justify;\">\u00cen cadrul \u00eent\u00e2lnirii interstatale cu Pre\u0219edin\u021bia belgian\u0103 a UE \u0219i cu reprezentantul Direc\u021biei Biodiversitate din cadrul Direc\u021biei Generale Mediu a Comisiei Europene, care a avut loc la 14 iunie, s-a discutat despre statutul ariei protejate.<\/p>\n<p style=\"text-align: justify;\">De-a lungul anexelor Conven\u021biei interna\u021bionale de la Berna privind clasificarea speciilor protejate. Reprezentan\u021bii statelor membre ale UE au discutat despre modificarea clasific\u0103rii, unde Csaba Borboly, a prezentat raportul \u0219i a subliniat c\u0103 protec\u021bia vie\u021bii umane ar trebui s\u0103 fie cel mai important considerent \u00een aplicarea oric\u0103rei legisla\u021bii.<\/p>\n<p style=\"text-align: justify;\"><a href=\"https:\/\/www.facebook.com\/borbolycsaba\/videos\/810779214455421\/\">https:\/\/www.facebook.com\/borbolycsaba\/videos\/810779214455421\/<\/a><\/p>\n<p style=\"text-align: justify;\">Reprezentan\u021bii statelor membre \u0219i ai DG Mediu nu au \u00een\u021beles c\u0103 dreptul la protec\u021bia vie\u021bii umane garantat de dreptul interna\u021bional, de exemplu \u00een Rom\u00e2nia, nu poate fi exercitat \u00eentotdeauna de c\u0103tre Ministerul Mediului competent, Guvern \u0219i Parlament, deoarece este anulat \u00een instan\u021b\u0103 de c\u0103tre unele ONG-uri ecologiste, care reclam\u0103 actualul statut de protec\u021bie.<\/p>\n<p style=\"text-align: justify;\">&#8211; \u00cen Rom\u00e2nia, hot\u0103r\u00e2rile judec\u0103tore\u0219ti fac adesea imposibil\u0103 punerea \u00een aplicare a directivelor UE, \u00een special a articolului 16 din Directiva 92\/43\/CEE a Consiliului, care se refer\u0103 la protec\u021bia habitatelor naturale \u0219i conservarea faunei s\u0103lbatice. Deciziile luate de mini\u0219tri, de guvern sau de parlament sunt, \u00een majoritatea cazurilor, inaplicabile \u00een instan\u021b\u0103.<\/p>\n<p style=\"text-align: justify;\">Acesta este motivul pentru care statutul de protec\u021bie strict\u0103 trebuie s\u0103 fie diferen\u021biat, nu numai pe specii, ci \u0219i pe state membre \u0219i regiuni (nuci 3), astfel \u00eenc\u00e2t derog\u0103rile justificate \u0219i permise de Directiva privind habitatele s\u0103 nu poat\u0103 fi invalidate cu rea-credin\u021b\u0103. De aceea, cerem \u0219i avem \u00eencredere c\u0103 Pre\u0219edin\u021bia ungar\u0103 va sprijini acest subiect\u201d, a ad\u0103ugat pre\u0219edintele jude\u021bului, subliniind c\u0103 \u00een Rom\u00e2nia, \u00een ciuda celor mai bune inten\u021bii ale politicienilor, instan\u021bele sunt adesea de partea ecologi\u0219tilor radicali, ceea ce \u00eempiedic\u0103 introducerea unor m\u0103suri de protec\u021bie a vie\u021bii umane.<\/p>\n<p style=\"text-align: justify;\">Aproape c\u0103 se poate spune c\u0103 s-a creat o \u201eaplica\u021bie\u201d special\u0103 a legii peste legisla\u021bia na\u021bional\u0103 \u0219i interna\u021bional\u0103, unde este imposibil s\u0103 se aplice excep\u021biile. O serie de hot\u0103r\u00e2ri judec\u0103tore\u0219ti din Rom\u00e2nia \u0219i motivarea judiciar\u0103 a acestora au fost transmise exper\u021bilor DG pentru a le permite acestora s\u0103 constate realitatea din Rom\u00e2nia:<\/p>\n<p style=\"text-align: justify;\"><a href=\"https:\/\/drive.google.com\/drive\/folders\/1K2QpUbR64CNIFym0OM6Fr6m_8IFlpIj4?usp=sharing\">https:\/\/drive.google.com\/drive\/folders\/1K2QpUbR64CNIFym0OM6Fr6m_8IFlpIj4?usp=sharing<\/a><\/p>\n<p style=\"text-align: justify;\">Direc\u021bia General\u0103 Mediu a Comisiei Europene este responsabil\u0103 de politica de mediu a UE, av\u00e2nd ca obiectiv protejarea \u0219i \u00eembun\u0103t\u0103\u021birea mediului pentru genera\u021biile prezente \u0219i viitoare. Direc\u021bia se asigur\u0103, de asemenea, c\u0103 legisla\u021bia de mediu a UE este aplicat\u0103 \u00een mod corespunz\u0103tor de c\u0103tre statele membre \u0219i reprezint\u0103 Uniunea European\u0103 pe probleme de mediu \u00een forurile interna\u021bionale.<\/p>\n<p style=\"text-align: justify;\">Csaba Borboly subliniaz\u0103 c\u0103 protec\u021bia vie\u021bii umane nu trebuie s\u0103 treac\u0103 \u00een plan secundar \u00een aplicarea legisla\u021biei de mediu \u0219i c\u0103 este necesar ca cadrul juridic s\u0103 devin\u0103 mai flexibil pentru a \u021bine seama de nevoile \u0219i specificit\u0103\u021bile locale.<\/p>\n<p style=\"text-align: justify;\"><a href=\"https:\/\/cor.borbolycsaba.ro\/jelentesek\/a-konfliktust-okozo-fajokkal-valo-egyutteles-elosegitese-az-unios-termeszetvedelmi-iranyelvek-kereten-belul\/\">https:\/\/cor.borbolycsaba.ro\/jelentesek\/a-konfliktust-okozo-fajokkal-valo-egyutteles-elosegitese-az-unios-termeszetvedelmi-iranyelvek-kereten-belul\/<\/a><\/p>\n<p style=\"text-align: justify;\">\n","protected":false},"excerpt":{"rendered":"<p>Vie\u021bile oamenilor nu se afl\u0103 pe lista de priorit\u0103\u021bi a factorilor de decizie de la Bruxelles Pre\u0219edin\u021bia maghiar\u0103 a UE poate aborda problema ur\u0219ilor Ast\u0103zi, la Bruxelles, Csaba Borboly, pre\u0219edintele Consiliului Jude\u021bean Harghita \u0219i raportor al Comitetului European al Regiunilor, a atras aten\u021bia asupra utiliz\u0103rii excesive a politicilor de mediu ale UE \u0219i a pericolelor [&hellip;]<\/p>\n","protected":false},"author":6,"featured_media":1398,"comment_status":"open","ping_status":"closed","sticky":false,"template":"","format":"standard","meta":{"_bbp_topic_count":0,"_bbp_reply_count":0,"_bbp_total_topic_count":0,"_bbp_total_reply_count":0,"_bbp_voice_count":0,"_bbp_anonymous_reply_count":0,"_bbp_topic_count_hidden":0,"_bbp_reply_count_hidden":0,"_bbp_forum_subforum_count":0,"footnotes":""},"categories":[84],"tags":[],"_links":{"self":[{"href":"https:\/\/cor.borbolycsaba.ro\/ro\/index.php?rest_route=\/wp\/v2\/posts\/1397"}],"collection":[{"href":"https:\/\/cor.borbolycsaba.ro\/ro\/index.php?rest_route=\/wp\/v2\/posts"}],"about":[{"href":"https:\/\/cor.borbolycsaba.ro\/ro\/index.php?rest_route=\/wp\/v2\/types\/post"}],"author":[{"embeddable":true,"href":"https:\/\/cor.borbolycsaba.ro\/ro\/index.php?rest_route=\/wp\/v2\/users\/6"}],"replies":[{"embeddable":true,"href":"https:\/\/cor.borbolycsaba.ro\/ro\/index.php?rest_route=%2Fwp%2Fv2%2Fcomments&post=1397"}],"version-history":[{"count":1,"href":"https:\/\/cor.borbolycsaba.ro\/ro\/index.php?rest_route=\/wp\/v2\/posts\/1397\/revisions"}],"predecessor-version":[{"id":1399,"href":"https:\/\/cor.borbolycsaba.ro\/ro\/index.php?rest_route=\/wp\/v2\/posts\/1397\/revisions\/1399"}],"wp:featuredmedia":[{"embeddable":true,"href":"https:\/\/cor.borbolycsaba.ro\/ro\/index.php?rest_route=\/wp\/v2\/media\/1398"}],"wp:attachment":[{"href":"https:\/\/cor.borbolycsaba.ro\/ro\/index.php?rest_route=%2Fwp%2Fv2%2Fmedia&parent=1397"}],"wp:term":[{"taxonomy":"category","embeddable":true,"href":"https:\/\/cor.borbolycsaba.ro\/ro\/index.php?rest_route=%2Fwp%2Fv2%2Fcategories&post=1397"},{"taxonomy":"post_tag","embeddable":true,"href":"https:\/\/cor.borbolycsaba.ro\/ro\/index.php?rest_route=%2Fwp%2Fv2%2Ftags&post=1397"}],"curies":[{"name":"wp","href":"https:\/\/api.w.org\/{rel}","templated":true}]}}