{"id":1376,"date":"2024-04-23T14:28:24","date_gmt":"2024-04-23T14:28:24","guid":{"rendered":"https:\/\/cor.borbolycsaba.ro\/ro\/?p=1376"},"modified":"2024-04-23T14:28:24","modified_gmt":"2024-04-23T14:28:24","slug":"ursul-nu-are-ce-cauta-in-intravilanul-localitatilor","status":"publish","type":"post","link":"https:\/\/cor.borbolycsaba.ro\/ro\/?p=1376","title":{"rendered":"Ursul nu are ce c\u0103uta \u00een intravilanul localit\u0103\u021bilor!"},"content":{"rendered":"<p style=\"font-weight: 400;\">\n<p style=\"font-weight: 400;\"><em>Borboly Csaba: Frica deciden\u021bilor de la Bucure\u0219ti \u0219i legendele urbane sunt obstacole \u00een luarea deciziilor privind abordarea, compensarea \u0219i preven\u021bia \u00een gestionarea coexisten\u021bei cu carnivorele mari<\/em><\/p>\n<p style=\"font-weight: 400;\"><strong>\u00a0<\/strong><\/p>\n<p style=\"font-weight: 400;\">\u00cen cadrul Plenarei Comitetului European al Regiunilor (CoR), din 17 aprilie, avizul lui Borboly Csaba, raportor CoR \u0219i pre\u0219edinte al Consiliului Jude\u021bean Harghita, privind coexisten\u021ba cu carnivorele mari \u0219i protejarea biodiversit\u0103\u021bii, a fost adoptat.<\/p>\n<p style=\"font-weight: 400;\">Principalele puncte \u00a0ale raportului au fost prezentate \u00een cadrul unei conferin\u021be de pres\u0103 ce a avut loc la sediul Consiliului Jude\u021bean Harghita, azi, 23 aprilie, fiind prezent\u0103, \u00een sistem online, Valeria Salvatori din partea Comisiei Europene, reprezentant\u0103 a Institutului de Ecologie Aplicat\u0103 din Roma.<\/p>\n<p style=\"font-weight: 400;\">Dup\u0103 primul aviz, elaborat \u00een 2018, prin care s-a stabilit faptul c\u0103 la nivel na\u021bional exist\u0103 competen\u021b\u0103, aspect sus\u021binut \u0219i de Directiva Habitate, articolele 14 \u0219i 16, lu\u00e2nd \u00een considerare faptul c\u0103 pagubele produse de carnivorele mari \u0219i num\u0103rul atacurilor provocate de acestea sunt \u00een continu\u0103 cre\u0219tere, a devenit evident\u0103 necesitatea unui nou raport care s\u0103 conduc\u0103 la luarea unor m\u0103suri adecvate privind abordarea, compensarea \u0219i preven\u021bia \u00een coexisten\u021ba dintre oameni \u0219i carnivorele mari cu protejarea biodiversit\u0103\u021bii.<\/p>\n<p style=\"font-weight: 400;\">Astfel, \u00een cadrul noului aviz, Borboly Csaba a punctat necesitatea modific\u0103rii Conven\u021biei de la Berna astfel \u00eenc\u00e2t starea de conservare a anumitor specii s\u0103 fie reevaluat\u0103 periodic pentru a permite coexisten\u021ba speciilor.<\/p>\n<p style=\"font-weight: 400;\">Un alt punct vizat a fost necesitatea finan\u021b\u0103rii \u00een propor\u021bie de 100% de c\u0103tre Uniunea European\u0103 a m\u0103surilor de prevenire, reducere sau compensare a pagubelor cauzate de carnivorele mari asupra animalelor, culturilor, \u0219i punerea la dispozi\u021bie a resurselor suficiente, f\u0103r\u0103 birocra\u021bie, pentru a sprijini comunit\u0103\u021bile rurale, \u00een special cele \u00een care pericolul pr\u0103d\u0103torilor este existent.<\/p>\n<p style=\"font-weight: 400;\">Totodat\u0103, Borboly Csaba a subliniat faptul c\u0103 pr\u0103d\u0103torii nu au ce c\u0103uta \u00een intravilanul localit\u0103\u021bilor, iar m\u0103surile implementate p\u00e2n\u0103 acum, gardul electric, utilizarea c\u00e2inilor de turm\u0103, sunt ineficiente pe suprafe\u021be extinse, \u00een cazul celor din urm\u0103, nefiind luat\u0103 \u00een calcul pe de o parte bun\u0103starea animalelor \u0219i pe de alt\u0103 parte\u00a0 faptul c\u0103 ace\u0219tia reprezint\u0103 un pericol pentru oameni astfel \u00eenc\u00e2t este afectat\u0103 sustenabilitatea turismului montan \u0219i rural.<\/p>\n<p style=\"font-weight: 400;\">Un alt aspect important subliniat \u00een aviz este lipsa datelor EUROSTAT, pre\u0219edintele apreciind c\u0103 f\u0103r\u0103 date concrete deciziile luate nu pot fi bazate pe fapte reale.<\/p>\n<p style=\"font-weight: 400;\">Compensa\u021bia-preven\u021bia-abordarea au fost men\u021bionate pe parcursul conferin\u021bei, fiind apreciat faptul c\u0103 \u00een Rom\u00e2nia este necesar\u0103 armonizarea legisla\u021biei UE, compensa\u021bii de drept nu numai dup\u0103 pagube pentru agricultorii din zone cu risc.<\/p>\n<p style=\"font-weight: 400;\">Pre\u0219edintele a mai apreciat c\u0103 nu exist\u0103 un fond separat pentru biodiversitate, preciz\u00e2nd c\u0103 a solicitat Guvernului Ungariei care va prelua pre\u0219edin\u021bia UE de la 1 iulie, s\u0103 pun\u0103 pe agend\u0103 compensarea unitar\u0103 la nivelul uniunii.<\/p>\n<p style=\"font-weight: 400;\">\u201cPrin acest aviz am reu\u0219it s\u0103 abord\u0103m probleme pe care politicul nu a avut curajul s\u0103 le abordeze. Frica deciden\u021bilor de la Bucure\u0219ti \u0219i legendele urbane sunt obstacole \u00een luarea deciziilor privind abordarea, compensarea \u0219i preven\u021bia \u00een gestionarea coexisten\u021bei cu carnivorele mari\u201d a mai apreciat Borboly Csaba.<\/p>\n<p style=\"font-weight: 400;\">Jude\u021bul Harghita a fost reales pentru continuarea activit\u0103\u021bii Platformei regionale privind carnivorele mari ce a avut loc pentru prima dat\u0103 aici, \u00een 2019, \u0219i care are drept scop g\u0103sirea unor solu\u021bii la problemele cauzate de carnivorele mari \u00een \u00eentreaga Europa.<\/p>\n<p style=\"font-weight: 400;\">\u00cen acest sens, Valeria Salvatori a apreciat importan\u021ba colabor\u0103rii pentru g\u0103sirea de solu\u021bii la problema coexisten\u021bei dintre oameni \u0219i carnivorele mari care s\u0103 conduc\u0103 la crearea unei atmosfere s\u0103n\u0103toase \u0219i sustenabile. Aceasta a mai men\u021bionat c\u0103 \u00een parteneriat, prin intermediul platformei regionale, se\u00a0 va aprofunda situa\u021bia astfel \u00eenc\u00e2t s\u0103 fie propuse m\u0103suri care s\u0103 serveasc\u0103 rezolv\u0103rii unor situa\u021bii specifice precum cea din jude\u021bul Harghita.<\/p>\n<p style=\"font-weight: 400;\">\n<p style=\"font-weight: 400;\">Miercurea Ciuc, 23 aprilie 2024<\/p>\n<p>&nbsp;<\/p>\n","protected":false},"excerpt":{"rendered":"<p>Borboly Csaba: Frica deciden\u021bilor de la Bucure\u0219ti \u0219i legendele urbane sunt obstacole \u00een luarea deciziilor privind abordarea, compensarea \u0219i preven\u021bia \u00een gestionarea coexisten\u021bei cu carnivorele mari \u00a0 \u00cen cadrul Plenarei Comitetului European al Regiunilor (CoR), din 17 aprilie, avizul lui Borboly Csaba, raportor CoR \u0219i pre\u0219edinte al Consiliului Jude\u021bean Harghita, privind coexisten\u021ba cu carnivorele mari [&hellip;]<\/p>\n","protected":false},"author":1,"featured_media":1377,"comment_status":"open","ping_status":"closed","sticky":false,"template":"","format":"standard","meta":{"_bbp_topic_count":0,"_bbp_reply_count":0,"_bbp_total_topic_count":0,"_bbp_total_reply_count":0,"_bbp_voice_count":0,"_bbp_anonymous_reply_count":0,"_bbp_topic_count_hidden":0,"_bbp_reply_count_hidden":0,"_bbp_forum_subforum_count":0,"footnotes":""},"categories":[84],"tags":[],"_links":{"self":[{"href":"https:\/\/cor.borbolycsaba.ro\/ro\/index.php?rest_route=\/wp\/v2\/posts\/1376"}],"collection":[{"href":"https:\/\/cor.borbolycsaba.ro\/ro\/index.php?rest_route=\/wp\/v2\/posts"}],"about":[{"href":"https:\/\/cor.borbolycsaba.ro\/ro\/index.php?rest_route=\/wp\/v2\/types\/post"}],"author":[{"embeddable":true,"href":"https:\/\/cor.borbolycsaba.ro\/ro\/index.php?rest_route=\/wp\/v2\/users\/1"}],"replies":[{"embeddable":true,"href":"https:\/\/cor.borbolycsaba.ro\/ro\/index.php?rest_route=%2Fwp%2Fv2%2Fcomments&post=1376"}],"version-history":[{"count":1,"href":"https:\/\/cor.borbolycsaba.ro\/ro\/index.php?rest_route=\/wp\/v2\/posts\/1376\/revisions"}],"predecessor-version":[{"id":1378,"href":"https:\/\/cor.borbolycsaba.ro\/ro\/index.php?rest_route=\/wp\/v2\/posts\/1376\/revisions\/1378"}],"wp:featuredmedia":[{"embeddable":true,"href":"https:\/\/cor.borbolycsaba.ro\/ro\/index.php?rest_route=\/wp\/v2\/media\/1377"}],"wp:attachment":[{"href":"https:\/\/cor.borbolycsaba.ro\/ro\/index.php?rest_route=%2Fwp%2Fv2%2Fmedia&parent=1376"}],"wp:term":[{"taxonomy":"category","embeddable":true,"href":"https:\/\/cor.borbolycsaba.ro\/ro\/index.php?rest_route=%2Fwp%2Fv2%2Fcategories&post=1376"},{"taxonomy":"post_tag","embeddable":true,"href":"https:\/\/cor.borbolycsaba.ro\/ro\/index.php?rest_route=%2Fwp%2Fv2%2Ftags&post=1376"}],"curies":[{"name":"wp","href":"https:\/\/api.w.org\/{rel}","templated":true}]}}