{"id":1367,"date":"2024-04-19T06:58:03","date_gmt":"2024-04-19T06:58:03","guid":{"rendered":"https:\/\/cor.borbolycsaba.ro\/ro\/?p=1367"},"modified":"2024-04-19T06:58:03","modified_gmt":"2024-04-19T06:58:03","slug":"1367","status":"publish","type":"post","link":"https:\/\/cor.borbolycsaba.ro\/ro\/?p=1367","title":{"rendered":""},"content":{"rendered":"<p style=\"font-weight: 400;\"><strong>Pentru luarea unor decizii fundamentale \u00een protejarea biodiversit\u0103\u021bii \u0219i coexisten\u021ba cu carnivorele mari sunt necesare date relevante \u0219i obiective la nivelul UE<\/strong><\/p>\n<p style=\"font-weight: 400;\"><em>Avizul raportorului Borboly Csaba a fost aprobat \u00een Plenara Comitetului European al Regiunilor<\/em><\/p>\n<p style=\"font-weight: 400;\"><em><a href=\"https:\/\/www.facebook.com\/borbolycsaba.ro\/videos\/438407498708021\/\" data-saferedirecturl=\"https:\/\/www.google.com\/url?q=https:\/\/www.facebook.com\/borbolycsaba.ro\/videos\/438407498708021\/&amp;source=gmail&amp;ust=1713596026968000&amp;usg=AOvVaw2pZHX5jGtYz63lCbB-heso\">https:\/\/www.facebook.com\/borbolycsaba.ro\/videos\/438407498708021\/<\/a><\/em><\/p>\n<p style=\"font-weight: 400;\">\u00cen cadrul Sesiunii Plenare a Comitetului European al Regiunilor(CoR) din 17 aprilie, la Bruxelles, recomand\u0103rile elaborate de Borboly Csaba,\u00a0 pre\u0219edintele Consiliului Jude\u021bean Harghita, \u00een cuprinsul avizului elaborat, au fost adoptate.<\/p>\n<h5>Avizul privind\u00a0Protec\u021bia biodiversit\u0103\u021bii \u0219i coexisten\u021ba cu carnivorele mari \u00een Europa poate fi studiat aici\u00a0:\u00a0\u00a0https:\/\/cor.europa.eu\/ro\/our-work\/Pages\/OpinionTimeline.aspx?opId=CDR-5585-2023<br \/>\n\u00cen discursul s\u0103u \u00een cadrul Plenarei CoR, Borboly Csaba a subliniat faptul c\u0103 obiectivul opiniei este nevoia de o politic\u0103 european\u0103 solid\u0103 privind protejarea biodiversit\u0103\u021bii, carnivorele mari, \u00a0care s\u0103 ia \u00een considerare \u0219i coexisten\u021ba dintre acestea din urm\u0103 \u0219i activit\u0103\u021bile umane, \u00een special \u00een ceea ce prive\u0219te cre\u0219terea animalelor domestice.<br \/>\n\u201cDe\u0219i majoritatea modific\u0103rilor au fost acceptate, a\u0219 dori s\u0103 subliniez o problem\u0103 critic\u0103: lipsa datelor relevante \u0219i obiective, necesare pentru luarea deciziilor fundamentate. \u00cen prezent, ne baz\u0103m doar pe interpret\u0103ri subiective, ceea ce \u00eempiedic\u0103 ob\u021binerea rezultatelor conving\u0103toare \u0219i eficiente ale raportului. Din p\u0103cate, nu avem date relevante de la Eurostat. Multe interpret\u0103ri se bazeaz\u0103 mai mult pe \u00een\u021belegerea laicilor dec\u00e2t pe dovezi, ceea ce duce la focaliz\u0103ri gre\u0219ite \u00een cadrul raportului\u201c.<br \/>\nTotodat\u0103, pre\u0219edintele a apreciat importan\u021ba implic\u0103rii autorit\u0103\u021bilor locale pentru creionarea unor strategii specifice astfel \u00eenc\u00e2t s\u0103 rezulte o coexisten\u021b\u0103 durabil\u0103 \u00eentre oameni \u0219i carnivorele mari cu protec\u021bia \u0219i consolidarea biodiversit\u0103\u021bii:<\/h5>\n<p style=\"font-weight: 400;\">\u201ePled\u0103m pentru guvernan\u021b\u0103 pe mai multe niveluri \u0219i subsidiaritate \u00een ce prive\u0219te o politic\u0103 eficace privind carnivorele mari, solicit\u00e2nd implicarea mai ampl\u0103 a autorit\u0103\u021bilor locale, cu scopul de a \u00eencuraja coexisten\u021ba durabil\u0103 \u0219i consolidarea biodiversit\u0103\u021bii. Strategiile de coexisten\u021b\u0103 ar trebui s\u0103 fie specifice locului, s\u0103 includ\u0103 valorile culturale \u0219i condi\u021biile de mediu \u0219i s\u0103 fie concepute astfel \u00eenc\u00e2t s\u0103 permit\u0103 evaluarea randamentului investi\u021biilor financiare. Este necesar\u0103 de urgen\u021b\u0103 o monitorizare \u00eembun\u0103t\u0103\u021bit\u0103 a m\u0103surilor de atenuare pentru a promova o politic\u0103 eficace, bazat\u0103 pe date concrete.\u201d<\/p>\n<p style=\"font-weight: 400;\"><strong><img loading=\"lazy\" decoding=\"async\" class=\"alignnone size-full wp-image-1368\" src=\"https:\/\/cor.borbolycsaba.ro\/ro\/wp-content\/uploads\/2024\/04\/AvizCoRBiodiversitate18apr2024_1.jpg\" alt=\"\" width=\"799\" height=\"533\" srcset=\"https:\/\/cor.borbolycsaba.ro\/ro\/wp-content\/uploads\/2024\/04\/AvizCoRBiodiversitate18apr2024_1.jpg 799w, https:\/\/cor.borbolycsaba.ro\/ro\/wp-content\/uploads\/2024\/04\/AvizCoRBiodiversitate18apr2024_1-300x200.jpg 300w, https:\/\/cor.borbolycsaba.ro\/ro\/wp-content\/uploads\/2024\/04\/AvizCoRBiodiversitate18apr2024_1-768x512.jpg 768w\" sizes=\"(max-width: 799px) 100vw, 799px\" \/>Daniel Buda<\/strong>, vicepre\u0219edinte \u00een Comisia pentru agricultur\u0103 \u0219i dezvoltare rural\u0103 din Parlamentul European, a apreciat activitatea desf\u0103\u0219urat\u0103 de Borboly Csaba la Comitetul European al Regiunilor, subliniind c\u0103 prin opiniile formulate \u0219i \u00een parteneriat poate fi astfel elaborat\u0103 o legisla\u021bie european\u0103 \u00een beneficiul comunit\u0103\u021bilor locale.<\/p>\n<p style=\"font-weight: 400;\">Mai multe detalii cu privire la activitatea pre\u0219edintelui Borboly Csaba \u00een cadrul Comitetului European al Regiunilor pot fi lecturate acces\u00e2nd linkul:\u00a0<a href=\"https:\/\/cor.borbolycsaba.ro\/ro\/?p=1312\" data-saferedirecturl=\"https:\/\/www.google.com\/url?q=https:\/\/cor.borbolycsaba.ro\/ro\/?p%3D1312&amp;source=gmail&amp;ust=1713596026968000&amp;usg=AOvVaw3MsbKA-nj0PylHjCrxQpzG\">https:\/\/cor.borbolycsaba.ro\/ro\/?p=1312<\/a><\/p>\n<p style=\"font-weight: 400;\">\n<p style=\"font-weight: 400;\">Miercurea Ciuc, 18 aprilie 2024<\/p>\n","protected":false},"excerpt":{"rendered":"<p>Pentru luarea unor decizii fundamentale \u00een protejarea biodiversit\u0103\u021bii \u0219i coexisten\u021ba cu carnivorele mari sunt necesare date relevante \u0219i obiective la nivelul UE Avizul raportorului Borboly Csaba a fost aprobat \u00een Plenara Comitetului European al Regiunilor https:\/\/www.facebook.com\/borbolycsaba.ro\/videos\/438407498708021\/ \u00cen cadrul Sesiunii Plenare a Comitetului European al Regiunilor(CoR) din 17 aprilie, la Bruxelles, recomand\u0103rile elaborate de Borboly Csaba,\u00a0 [&hellip;]<\/p>\n","protected":false},"author":1,"featured_media":1369,"comment_status":"open","ping_status":"closed","sticky":false,"template":"","format":"standard","meta":{"_bbp_topic_count":0,"_bbp_reply_count":0,"_bbp_total_topic_count":0,"_bbp_total_reply_count":0,"_bbp_voice_count":0,"_bbp_anonymous_reply_count":0,"_bbp_topic_count_hidden":0,"_bbp_reply_count_hidden":0,"_bbp_forum_subforum_count":0,"footnotes":""},"categories":[84],"tags":[],"_links":{"self":[{"href":"https:\/\/cor.borbolycsaba.ro\/ro\/index.php?rest_route=\/wp\/v2\/posts\/1367"}],"collection":[{"href":"https:\/\/cor.borbolycsaba.ro\/ro\/index.php?rest_route=\/wp\/v2\/posts"}],"about":[{"href":"https:\/\/cor.borbolycsaba.ro\/ro\/index.php?rest_route=\/wp\/v2\/types\/post"}],"author":[{"embeddable":true,"href":"https:\/\/cor.borbolycsaba.ro\/ro\/index.php?rest_route=\/wp\/v2\/users\/1"}],"replies":[{"embeddable":true,"href":"https:\/\/cor.borbolycsaba.ro\/ro\/index.php?rest_route=%2Fwp%2Fv2%2Fcomments&post=1367"}],"version-history":[{"count":1,"href":"https:\/\/cor.borbolycsaba.ro\/ro\/index.php?rest_route=\/wp\/v2\/posts\/1367\/revisions"}],"predecessor-version":[{"id":1370,"href":"https:\/\/cor.borbolycsaba.ro\/ro\/index.php?rest_route=\/wp\/v2\/posts\/1367\/revisions\/1370"}],"wp:featuredmedia":[{"embeddable":true,"href":"https:\/\/cor.borbolycsaba.ro\/ro\/index.php?rest_route=\/wp\/v2\/media\/1369"}],"wp:attachment":[{"href":"https:\/\/cor.borbolycsaba.ro\/ro\/index.php?rest_route=%2Fwp%2Fv2%2Fmedia&parent=1367"}],"wp:term":[{"taxonomy":"category","embeddable":true,"href":"https:\/\/cor.borbolycsaba.ro\/ro\/index.php?rest_route=%2Fwp%2Fv2%2Fcategories&post=1367"},{"taxonomy":"post_tag","embeddable":true,"href":"https:\/\/cor.borbolycsaba.ro\/ro\/index.php?rest_route=%2Fwp%2Fv2%2Ftags&post=1367"}],"curies":[{"name":"wp","href":"https:\/\/api.w.org\/{rel}","templated":true}]}}