{"id":1352,"date":"2024-03-14T10:38:01","date_gmt":"2024-03-14T10:38:01","guid":{"rendered":"https:\/\/cor.borbolycsaba.ro\/ro\/?p=1352"},"modified":"2024-03-14T10:38:01","modified_gmt":"2024-03-14T10:38:01","slug":"csaba-borboly-presedintele-cj-harghita-si-raportor-al-cor-sustine-introducerea-procedurii-de-infringement-impotriva-tarilor-ue-care-nu-iau-in-serios-compensarea-daunelor-provocate-de-carnivorele-mar","status":"publish","type":"post","link":"https:\/\/cor.borbolycsaba.ro\/ro\/?p=1352","title":{"rendered":"Csaba Borboly, pre\u0219edintele CJ Harghita \u0219i raportor al CoR, sus\u021bine introducerea procedurii de infringement \u00eempotriva \u021b\u0103rilor UE care nu iau \u00een serios compensarea daunelor provocate de carnivorele mari \u0219eptelului sau culturilor"},"content":{"rendered":"<p>&nbsp;<\/p>\n<p><span style=\"font-weight: 400;\">Csaba Borboly, pre\u0219edintele Consiliul Jude\u021bean Harghita \u0219i raportor al Comitetului European al Regiunilor (CoR) pentru proiectul de aviz privind \u201eProtec\u021bia biodiversit\u0103\u021bii \u0219i coexisten\u021ba cu carnivorele mari \u00een Europa \u2013 provoc\u0103ri \u0219i oportunit\u0103\u021bi pentru autorit\u0103\u021bile locale \u0219i regionale\u201d, sus\u021bine, printre altele, introducerea \u00een legisla\u021bia european\u0103 a unei proceduri de ne\u00eendeplinire a obliga\u021biilor (infringement) \u00eempotriva \u021b\u0103rilor care nu iau \u00een serios compensarea daunelor provocate de carnivorele mari \u0219eptelului sau culturilor.<\/span><\/p>\n<p><span style=\"font-weight: 400;\">\u00cen cadrul unui dialog local organizat de CJ Harghita \u0219i CoR, pe 8 martie, la Miercurea-Ciuc, Csaba Borboly a discutat, despre necesitatea consolid\u0103rii ac\u021biunii UE pentru o politic\u0103 european\u0103 privind carnivorele mari, subliniind caracterul transna\u021bional reprezentat de problematica convie\u021buirii armonioase cu aceste animale \u0219i pled\u00e2nd pentru eforturi sus\u021binute la nivel european, na\u021bional, regional \u0219i local pentru a g\u0103si noi modalit\u0103\u021bi de coexisten\u021b\u0103 durabil\u0103 \u0219i sigur\u0103 a animalelor de ferm\u0103, a oamenilor \u0219i a carnivorelor mari terestre, marine \u0219i zbur\u0103toare.<\/span><\/p>\n<p><span style=\"font-weight: 400;\">Borboly a subliniat c\u0103 dialogul cu institu\u021biile europene este esen\u021bial pentru promovarea acestor preocup\u0103ri la nivelul decizional european. El a men\u021bionat c\u0103, pe l\u00e2ng\u0103 negocierile permanente cu Comisia European\u0103 \u0219i cu Parlamentul European, este necesar\u0103 implicarea activ\u0103 a autorit\u0103\u021bilor regionale \u0219i locale \u00een procesul de elaborare a solu\u021biilor punctuale. De asemenea, a eviden\u021biat importan\u021ba sus\u021binerii politicienilor care sprijin\u0103 aceste ini\u021biative \u0219i a subliniat dorin\u021ba de a crea o platform\u0103 la nivel regional \u00een jude\u021bul Harghita pentru a elabora solu\u021bii specifice.<\/span><\/p>\n<p><span style=\"font-weight: 400;\">\u201eCu raportul suntem \u00een negocieri permanente cu reprezenta\u021bii Comisiei Europene, aici m\u0103 g\u00e2ndesc \u00een primul r\u00e2nd la Direc\u021bia General\u0103 de Mediu \u00een cadrul c\u0103reia exist\u0103 un departament pentru biodiversitate, \u0219i, \u00een afar\u0103 de asta, c\u0103tre Parlamentul European \u00eencerc\u0103m s\u0103 sus\u021binem cu argumente munca parlamentarilor care ne sus\u021bin, iar acas\u0103 am dori s\u0103 ob\u021binem ca pe parcursul noii Platforme europene pentru carnivore mari s\u0103 cre\u0103m una la nivel regional, \u00een jude\u021bul Harghita, unde s\u0103 elabor\u0103m textual solu\u021bii punctuale. \u0218i noi sper\u0103m ca Guvernul \u0219i Parlamentul s\u0103 ia \u00een considerare aceste lucruri, \u00een paralel exist\u00e2nd mai multe analize \u0219i studii despre ceea ce nu func\u021bioneaz\u0103 \u0219i cum am putea s\u0103 \u00eembun\u0103t\u0103\u021bim lucrurile, \u0219i pe acestea \u00eencerc\u0103m s\u0103 le formul\u0103m textual la nivelul actelor normative pe direc\u021bia de modific\u0103ri. Apoi mergem mai departe la nivelul Uniunii Europene, unde avem ocazia de a prezenta raportul c\u00e2nd sunt discu\u021bii preg\u0103titoare pentru actul decizional, atunci putem prezenta \u00een mod regulat la \u0219edin\u021bele Platformei mari europene \u0219i la mai multe dezbateri de politici publice. Acum urmeaz\u0103 Ungaria la pre\u0219edin\u021bia Uniunii Europene din var\u0103 \u0219i dac\u0103 pre\u0219edin\u021bia ungar\u0103 consider\u0103 problema destul de important\u0103 \u00eenc\u00e2t s\u0103 o pun\u0103 \u00een agend\u0103, atunci foarte probabil c\u0103 vom avea rezultate mai bune. Acestea sunt acele linii pe care putem s\u0103 mergem\u201d, a afirmat pre\u0219edintele CJ Harghita, raportor CoR.<\/span><\/p>\n<p><span style=\"font-weight: 400;\">De asemenea, el a adus \u00een aten\u021bie necesitatea necesitatea unei abord\u0103ri mai coerente \u0219i coercitive la nivel european \u00een ceea ce prive\u0219te respectarea legisla\u021biei referitoare la conservarea biodiversit\u0103\u021bii \u0219i protec\u021bia habitatelor. El a subliniat c\u0103 lipsa unor p\u00e2rghii coercitive \u00een legisla\u021bia interna\u021bional\u0103 face dificil\u0103 implementarea \u0219i respectarea acestor reguli, insist\u00e2nd asupra necesit\u0103\u021bii de a g\u0103si modalit\u0103\u021bi eficiente de monitorizare \u0219i sanc\u021bionare a statelor membre care nu \u00ee\u0219i \u00eendeplinesc obliga\u021biile.<\/span><\/p>\n<p>&nbsp;<\/p>\n<p><span style=\"font-weight: 400;\">\u201eA\u0219a cum am spus, pe mai multe nivele avans\u0103m \u0219i p\u00e2n\u0103 acum am avut posibilitatea s\u0103 solu\u021bion\u0103m multe lucruri acas\u0103, pentru unele am avut \u0219i decizii politice \u0219i reglement\u0103ri, pentru altele, nu. Eu nu v\u0103d acea cale \u2013 c\u0103 dac\u0103 nu am face nimic, ce s-ar \u00eent\u00e2mpla? -;\u00a0 mergem \u00eenainte. Ceea ce s-a schimbat fa\u021b\u0103 de raportul anterior este faptul c\u0103 am inclus o prevedere care spune c\u0103 nu este \u00een regul\u0103\u00a0 dac\u0103 un stat membru nu ia \u00een serios problemele cet\u0103\u021benilor. \u0218i \u00een acest raport apare un nou element, s\u0103 vedem dac\u0103 primim sprijin din partea Bruxelles-ului ca s\u0103 se porneasc\u0103 o procedur\u0103 de infringement \u00eempotriva acelor state unde nu se ia \u00een serios desp\u0103gubirea \u0219i solu\u021bionarea \u00eentregii probleme. Fiindc\u0103 la noi eu am lucrat cu foarte mul\u021bi mini\u0219tri to\u021bi erau bine inten\u021biona\u021bi, dar cumva \u00een parlament, pe aici, pe acolo, pe sc\u0103rile Academiei, undeva s-au \u00eempotmolit o parte din lucruri, nu toate, o parte, \u0219i atunci vedem c\u0103 dac\u0103 pentru gestionarea de\u0219eurilor exist\u0103 infringement \u0219i toat\u0103 toat\u0103 lumea ia pozi\u021bia de drep\u021bi, primarii iau amenzi pentru lucruri pe care nu le-au f\u0103cut ei, sau pentru ni\u0219te gropi de de\u0219euri care erau de nu \u0219tiu c\u00e2nd; dac\u0103 pentru aer, pentru ap\u0103 exist\u0103 acest infringement, atunci \u0219i \u00een acest subiect am avea nevoie de aceast\u0103 procedur\u0103 de infringement. Cred c\u0103 aici nu este complet sistemul legislativ interna\u021bional, care nu are nicio nicio p\u00e2rghie coercitiv\u0103. Avem p\u00e2rghii, ce \u0219i cum s\u0103 protej\u0103m speciile protejate, dar pentru articolele 14 \u0219i 16, pentru habitate, pentru respectarea acestuia, pentru respectarea faptului c\u0103 via\u021ba \u0219i s\u0103n\u0103tatea uman\u0103 primeaz\u0103, pentru asta nu avem p\u00e2rghii. Din acest motiv spun c\u0103 acum avem \u0219i alegeri europarlamentare \u0219i din acest motiv am dorit s\u0103 realiz\u0103m aceast\u0103 dezbatere \u0219i sper ca cei doi reprezentan\u021bi ai UDMR-ului \u00een Parlamentul European \u00ee\u0219i asum\u0103 aceast\u0103 problem\u0103\u201d, a explicat Csaba Borboly.<\/span><\/p>\n<p><span style=\"font-weight: 400;\">\u00cen final, Borboly a exprimat speran\u021ba c\u0103 prin eforturile sus\u021binute la nivel european \u0219i prin implicarea activ\u0103 a actorilor locali \u0219i regionali se va reu\u0219i s\u0103 se g\u0103seasc\u0103 solu\u021bii adecvate pentru o problem\u0103 complex\u0103 precum coexisten\u021ba armonioas\u0103 dintre om, animalele domestice \u0219i carnivorele mari, contribuind astfel la conservarea biodiversit\u0103\u021bii \u0219i la protejarea intereselor comunit\u0103\u021bilor locale.<\/span><\/p>\n<p><span style=\"font-weight: 400;\">\u201eMorile lucreaz\u0103 \u00eencet pentru solu\u021bionarea acestei probleme. S\u0103 sper\u0103m c\u0103 Ministerul Mediului \u0219i Bruxelles-ul vor fi mai curajo\u0219i \u00een acest subiect. Deocamdat\u0103 eu nu v\u0103d o solu\u021bie mai bun\u0103 pentru asta, doar s\u0103 lucr\u0103m \u00eempreun\u0103, s\u0103 culegem date, fiindc\u0103 eu v\u0103d c\u0103 se simplific\u0103 lucrurile \u201es\u0103-l \u00eempu\u0219c\u0103m sau nu -; dac\u0103 r\u0103m\u00e2nem aici toate se \u00eempotmolesc. Dac\u0103 iar simplific\u0103m lucrurile la statutul de protejat-neprotejat, iar se blocheaz\u0103 lucrurile. Sunt o serie de lucruri care nu sunt cunoscute de oameni, fiindc\u0103 nu avem date. \u0218tim c\u00e2te p\u0103s\u0103ri sunt la nivel european, dar nu \u0219tim c\u00e2\u021bi ur\u0219i, \u0219i am putea enumera restul lucrurilor, desp\u0103gubirile, etc. \u00cen 2028 \u00eencepe noua perioad\u0103 de finan\u021bare la nivelul UE, vor fi foarte multe oportunit\u0103\u021bi, doar c\u0103 degeaba mergem atunci s\u0103 fie bani separa\u021bi pentru marile carnivore, fiindc\u0103 este t\u00e2rziu. Acum este \u00een preg\u0103tire o solu\u021bie \u0219i la aceste evenimente la care particip\u0103m v\u0103d c\u0103 multe g\u00e2\u0219te \u00eenving un porc \u0219i cumva trebuie s\u0103 punem \u00een valoare p\u0103rerea noastr\u0103 \u00een Uniunea European\u0103\u201d, a \u00eencheiat pre\u0219edintele CJ Harghita \u0219i raportor al CoR.<\/span><\/p>\n<p><span style=\"font-weight: 400;\">Evenimentul \u201cProtec\u021bia biodiversit\u0103\u021bii \u0219i convie\u021buirea cu carnivorele mari \u00een Europa \u2013 Provoc\u0103ri \u0219i oportunit\u0103\u021bi pentru autorit\u0103\u021bile locale \u0219i regionale\u201d, desf\u0103\u0219urat la Miercurea-Ciuc, a reunit numero\u0219i vorbitori \u0219i a abordat diverse teme legate de conservarea biodiversit\u0103\u021bii \u0219i rela\u021bia cu carnivorele mari.<\/span><\/p>\n<p><span style=\"font-weight: 400;\">\u00cen prima parte a dialogului, au fost discutate perspectivele europene, cu prezent\u0103ri \u0219i dezbateri sus\u021binute de persoane importante precum Csaba Borboly, pre\u0219edintele CJ Harghita, L\u00e1szl\u00f3 Cs\u00e1k, expert, \u0219i Robert Zeman din Comitetul European al Regiunilor. Al\u021bi participan\u021bi notabili au fost europarlamentarul Herbert Dorfmann \u0219i dr. Mikl\u00f3s Heltai, director al Institutului MATE de management al vie\u021bii s\u0103lbatice.<\/span><\/p>\n<p><span style=\"font-weight: 400;\">Partea a doua a dialogului s-a concentrat pe situa\u021bia din Rom\u00e2nia \u0219i jude\u021bul Harghita, cu prezent\u0103ri ale unor oficiali precum Gabriel Oltean, Consilier Ministerial, \u0219i speciali\u0219ti precum Dr. R\u00f3bert Sz\u00e9p de la Institutul de Cercetare \u0219i Dezvoltare pentru Managementul Faunei S\u0103lbatice \u0219i Resurse Montane. De asemenea, au fost incluse \u0219i perspective din partea societ\u0103\u021bii civile, reprezentate de Levente Mikl\u00f3s \u0219i Hadnagy Lehel.<\/span><\/p>\n<p><span style=\"font-weight: 400;\">Dialogul a inclus \u0219i mesaje video de la profesorul dr. Ovidiu Ionescu \u0219i dr. Valeria Salvatore, care au adus contribu\u021bii importante legate de prezentarea platformei regionale jude\u021bene Harghita.<\/span><\/p>\n<p><span style=\"font-weight: 400;\">Moderat de jurnalistul Dan C\u0103rbunaru, evenimentul a avut ca scop aducerea \u00eempreun\u0103 a autorit\u0103\u021bilor locale \u0219i regionale, exper\u021bi \u0219tiin\u021bifici \u0219i alte persoane interesate pentru a \u00eemp\u0103rt\u0103\u0219i experien\u021be \u0219i idei privind conservarea biodiversit\u0103\u021bii \u0219i convie\u021buirea cu carnivorele mari, lu\u00e2nd \u00een considerare contextul legislativ rom\u00e2nesc. Prezent\u0103rile profesionale \u0219i sesiunile de networking au avut ca rezultat o mai bun\u0103 \u00een\u021belegere a provoc\u0103rilor actuale \u0219i a posibilelor solu\u021bii, precum \u0219i crearea de noi conexiuni \u0219i schimburi de idei \u00eentre participan\u021bi.<\/span><\/p>\n<p><span style=\"font-weight: 400;\">Surs\u0103: <\/span><a href=\"https:\/\/www.caleaeuropeana.ro\"><span style=\"font-weight: 400;\">https:\/\/www.caleaeuropeana.ro<\/span><\/a><\/p>\n","protected":false},"excerpt":{"rendered":"<p>&nbsp; Csaba Borboly, pre\u0219edintele Consiliul Jude\u021bean Harghita \u0219i raportor al Comitetului European al Regiunilor (CoR) pentru proiectul de aviz privind \u201eProtec\u021bia biodiversit\u0103\u021bii \u0219i coexisten\u021ba cu carnivorele mari \u00een Europa \u2013 provoc\u0103ri \u0219i oportunit\u0103\u021bi pentru autorit\u0103\u021bile locale \u0219i regionale\u201d, sus\u021bine, printre altele, introducerea \u00een legisla\u021bia european\u0103 a unei proceduri de ne\u00eendeplinire a obliga\u021biilor (infringement) \u00eempotriva \u021b\u0103rilor [&hellip;]<\/p>\n","protected":false},"author":1,"featured_media":1353,"comment_status":"open","ping_status":"closed","sticky":false,"template":"","format":"standard","meta":{"_bbp_topic_count":0,"_bbp_reply_count":0,"_bbp_total_topic_count":0,"_bbp_total_reply_count":0,"_bbp_voice_count":0,"_bbp_anonymous_reply_count":0,"_bbp_topic_count_hidden":0,"_bbp_reply_count_hidden":0,"_bbp_forum_subforum_count":0,"footnotes":""},"categories":[84],"tags":[],"_links":{"self":[{"href":"https:\/\/cor.borbolycsaba.ro\/ro\/index.php?rest_route=\/wp\/v2\/posts\/1352"}],"collection":[{"href":"https:\/\/cor.borbolycsaba.ro\/ro\/index.php?rest_route=\/wp\/v2\/posts"}],"about":[{"href":"https:\/\/cor.borbolycsaba.ro\/ro\/index.php?rest_route=\/wp\/v2\/types\/post"}],"author":[{"embeddable":true,"href":"https:\/\/cor.borbolycsaba.ro\/ro\/index.php?rest_route=\/wp\/v2\/users\/1"}],"replies":[{"embeddable":true,"href":"https:\/\/cor.borbolycsaba.ro\/ro\/index.php?rest_route=%2Fwp%2Fv2%2Fcomments&post=1352"}],"version-history":[{"count":1,"href":"https:\/\/cor.borbolycsaba.ro\/ro\/index.php?rest_route=\/wp\/v2\/posts\/1352\/revisions"}],"predecessor-version":[{"id":1354,"href":"https:\/\/cor.borbolycsaba.ro\/ro\/index.php?rest_route=\/wp\/v2\/posts\/1352\/revisions\/1354"}],"wp:featuredmedia":[{"embeddable":true,"href":"https:\/\/cor.borbolycsaba.ro\/ro\/index.php?rest_route=\/wp\/v2\/media\/1353"}],"wp:attachment":[{"href":"https:\/\/cor.borbolycsaba.ro\/ro\/index.php?rest_route=%2Fwp%2Fv2%2Fmedia&parent=1352"}],"wp:term":[{"taxonomy":"category","embeddable":true,"href":"https:\/\/cor.borbolycsaba.ro\/ro\/index.php?rest_route=%2Fwp%2Fv2%2Fcategories&post=1352"},{"taxonomy":"post_tag","embeddable":true,"href":"https:\/\/cor.borbolycsaba.ro\/ro\/index.php?rest_route=%2Fwp%2Fv2%2Ftags&post=1352"}],"curies":[{"name":"wp","href":"https:\/\/api.w.org\/{rel}","templated":true}]}}