{"id":1344,"date":"2024-02-14T10:15:30","date_gmt":"2024-02-14T10:15:30","guid":{"rendered":"https:\/\/cor.borbolycsaba.ro\/ro\/?p=1344"},"modified":"2024-02-14T10:15:30","modified_gmt":"2024-02-14T10:15:30","slug":"construim-un-judet-verde","status":"publish","type":"post","link":"https:\/\/cor.borbolycsaba.ro\/ro\/?p=1344","title":{"rendered":"Construim un jude\u021b verde !"},"content":{"rendered":"<p>Vineri, 9 februarie, asocia\u021bia REPER21 &#8211; Re\u021beaua European\u0103 pentru Promovarea unei Economii<br \/>\nResponsabile secolul XXI \u00een calitate de coordonator na\u021bional a organizat evenimentul hibrid dedicat<br \/>\nPactului Climatic European.<\/p>\n<p>Pactul Climatic European reprezint\u0103 cadrul ce asigur\u0103 con\u0219tientizarea \u0219i ac\u021biunea cet\u0103\u021beneasc\u0103 privind<br \/>\ndiminuarea fenomenului schimb\u0103rilor climatice \u0219i adaptarea la impactul acestora.<br \/>\n\u00cen fiecare an, Comisia European\u0103 selecteaz\u0103 Ambasadorii climatici pe baza unui plan de ac\u021biune, Borboly<br \/>\nCsaba, pre\u0219edintele Consiliului Jude\u021bean Harghita fiind unul dintre cei 31 de ambasadori climatici din<br \/>\nRom\u00e2nia.<br \/>\n\u00cen cadrul evenimentului au fost dezb\u0103tute ini\u021biativele climatice din jude\u021bul Harghita, \u00een acest context<br \/>\nacesta fiind considerat un exemplu de bune practice.<br \/>\nAstfel, Borboly Csaba, pre\u0219edintele Consiliului Jude\u021bean Harghita, prezent online la eveniment, a<br \/>\nsubliniat :<br \/>\n\u201cDe-a lungul ultimilor doi ani, de la lansarea Pactului, am asistat la mobilizarea impresionant\u0103 a<br \/>\nmembrilor \u0219i comunit\u0103\u021bilor locale \u00een \u00eendeplinirea obiectivelor noastre comune. Cu toate acestea, este<br \/>\nesen\u021bial s\u0103 subliniem necesitatea unui sprijin crescut din partea Comisiei Europene \u0219i s\u0103 consolid\u0103m rolul<br \/>\nautorit\u0103\u021bilor locale \u0219i regionale \u00een guvernarea energetic\u0103 \u0219i climatic\u0103. \u00cen calitate de membru al<br \/>\nComitetului European al Regiunilor, responsabil cu coordonarea activit\u0103\u021bilor legate de Pactul Verde<br \/>\nEuropean, am avut privilegiul de a elabora opinii semnificative privind ac\u021biunile climatice. Acestea includ<br \/>\naspecte precum implementarea social echitabil\u0103 a Acordului Verde \u0219i oportunit\u0103\u021bile de utilizare eficient\u0103<br \/>\na resurselor \u00een sectorul cl\u0103dirilor\u201c.<\/p>\n","protected":false},"excerpt":{"rendered":"<p>Vineri, 9 februarie, asocia\u021bia REPER21 &#8211; Re\u021beaua European\u0103 pentru Promovarea unei Economii Responsabile secolul XXI \u00een calitate de coordonator na\u021bional a organizat evenimentul hibrid dedicat Pactului Climatic European. Pactul Climatic European reprezint\u0103 cadrul ce asigur\u0103 con\u0219tientizarea \u0219i ac\u021biunea cet\u0103\u021beneasc\u0103 privind diminuarea fenomenului schimb\u0103rilor climatice \u0219i adaptarea la impactul acestora. \u00cen fiecare an, Comisia European\u0103 selecteaz\u0103 [&hellip;]<\/p>\n","protected":false},"author":1,"featured_media":1345,"comment_status":"open","ping_status":"closed","sticky":false,"template":"","format":"standard","meta":{"_bbp_topic_count":0,"_bbp_reply_count":0,"_bbp_total_topic_count":0,"_bbp_total_reply_count":0,"_bbp_voice_count":0,"_bbp_anonymous_reply_count":0,"_bbp_topic_count_hidden":0,"_bbp_reply_count_hidden":0,"_bbp_forum_subforum_count":0,"footnotes":""},"categories":[84],"tags":[],"_links":{"self":[{"href":"https:\/\/cor.borbolycsaba.ro\/ro\/index.php?rest_route=\/wp\/v2\/posts\/1344"}],"collection":[{"href":"https:\/\/cor.borbolycsaba.ro\/ro\/index.php?rest_route=\/wp\/v2\/posts"}],"about":[{"href":"https:\/\/cor.borbolycsaba.ro\/ro\/index.php?rest_route=\/wp\/v2\/types\/post"}],"author":[{"embeddable":true,"href":"https:\/\/cor.borbolycsaba.ro\/ro\/index.php?rest_route=\/wp\/v2\/users\/1"}],"replies":[{"embeddable":true,"href":"https:\/\/cor.borbolycsaba.ro\/ro\/index.php?rest_route=%2Fwp%2Fv2%2Fcomments&post=1344"}],"version-history":[{"count":1,"href":"https:\/\/cor.borbolycsaba.ro\/ro\/index.php?rest_route=\/wp\/v2\/posts\/1344\/revisions"}],"predecessor-version":[{"id":1346,"href":"https:\/\/cor.borbolycsaba.ro\/ro\/index.php?rest_route=\/wp\/v2\/posts\/1344\/revisions\/1346"}],"wp:featuredmedia":[{"embeddable":true,"href":"https:\/\/cor.borbolycsaba.ro\/ro\/index.php?rest_route=\/wp\/v2\/media\/1345"}],"wp:attachment":[{"href":"https:\/\/cor.borbolycsaba.ro\/ro\/index.php?rest_route=%2Fwp%2Fv2%2Fmedia&parent=1344"}],"wp:term":[{"taxonomy":"category","embeddable":true,"href":"https:\/\/cor.borbolycsaba.ro\/ro\/index.php?rest_route=%2Fwp%2Fv2%2Fcategories&post=1344"},{"taxonomy":"post_tag","embeddable":true,"href":"https:\/\/cor.borbolycsaba.ro\/ro\/index.php?rest_route=%2Fwp%2Fv2%2Ftags&post=1344"}],"curies":[{"name":"wp","href":"https:\/\/api.w.org\/{rel}","templated":true}]}}