{"id":1312,"date":"2023-12-14T07:50:13","date_gmt":"2023-12-14T07:50:13","guid":{"rendered":"https:\/\/cor.borbolycsaba.ro\/ro\/?p=1312"},"modified":"2023-12-14T07:55:06","modified_gmt":"2023-12-14T07:55:06","slug":"gestionarea-durabila-a-faunei-salbatice-protejarea-biodiversitatii-si-securitatea-comunitatii-sunt-prioritare-la-bruxelles","status":"publish","type":"post","link":"https:\/\/cor.borbolycsaba.ro\/ro\/?p=1312","title":{"rendered":"Gestionarea durabil\u0103 a faunei s\u0103lbatice, protejarea biodiversit\u0103\u021bii \u0219i securitatea comunit\u0103\u021bii sunt prioritare la Bruxelles"},"content":{"rendered":"<p>&nbsp;<\/p>\n<p><em>Consultare cu\u00a0 p\u0103r\u021bile interesate privind viitorul aviz referitor la coexisten\u021ba cu carnivorele mari din perspectiva biodiversit\u0103\u021bii<\/em><\/p>\n<p>&nbsp;<\/p>\n<p>\u00cen data de 13 decembrie, la Bruxelles, au avut loc\u00a0 consult\u0103ri cu p\u0103r\u021bile interesate cu privire la propunerile \u0219i opiniile cuprinse \u00een noul proiect de aviz privind coexisten\u021ba cu carnivorele mari, pentru care a fost numit raportor Borboly Csaba, \u00een cadrul celei de-a 20-a reuniuni a Comisiei pentru Mediu, Schimb\u0103ri Climatice \u0219i Energie (ENVE) din cadrul Comitetului European al Regiunilor, la 22 noiembrie a.c.<\/p>\n<p><a href=\"https:\/\/www.borbolycsaba.ro\/ro\/?p=6780\">https:\/\/www.borbolycsaba.ro\/ro\/?p=6780<\/a><\/p>\n<p>Avizul privind\u00a0 &#8222;Conservarea biodiversit\u0103\u021bii \u0219i coexisten\u021ba cu carnivorele mari \u00een Europa &#8211; Provoc\u0103ri \u0219i oportunit\u0103\u021bi pentru autorit\u0103\u021bile locale \u0219i regionale&#8221; \u00ee\u0219i propune s\u0103 r\u0103spund\u0103 provoc\u0103rilor cu care se confrunt\u0103 autorit\u0103\u021bile locale \u0219i regionale cu scopul de a g\u0103si solu\u021bii pentru protejarea carnivorelor mari, a biodiversit\u0103\u021bii dar \u0219i pentru asigurarea unei coexisten\u021be pa\u0219nice \u00eentre oameni \u0219i carnivorele mari.<\/p>\n<p>\u00cent\u00e2lnirea s-a axat pe urm\u0103toarele aspecte: importan\u021ba agriculturii tradi\u021bionale, \u00een special practicile agricole tradi\u021bionale, necesitatea unui sprijin sporit\u00a0 at\u00e2t din punct de vedere financiar c\u00e2t \u0219i al protej\u0103rii\u00a0 agriculturii tradi\u021bionale,\u00a0 implicarea \u0219i interven\u021bia mai puternic\u0103 a Uniunii Europene \u00een aplicarea politicilor la nivelul statelor membre, reglement\u0103ri clare pentru daunele produse, \u00eencurajarea proiectelor regionale, strategii de coexisten\u021b\u0103 specifice fiec\u0103rei zone, \u00eencorpor\u00e2nd valorile culturale \u0219i condi\u021biile de mediu, monitorizarea eficient\u0103 a popula\u021biei de urs.<\/p>\n<p>Despre importan\u021ba avizului a vorbit\u00a0 Borboly Csaba \u00eentr-un material live ce poate fi urm\u0103rit aici: https:\/\/www.facebook.com\/borbolycsaba.ro\/videos\/312799571595643\/<\/p>\n<p>\u201cScopul nostru este de a colecta opiniile \u0219i perspectivele diverse ale p\u0103r\u021bilor interesate cu privire la aceast\u0103 problem\u0103 critic\u0103. \u00cen acest moment, eviden\u021bierea problemei carnivorelor mari \u00een contextul biodiversit\u0103\u021bii este esen\u021bial\u0103. Prin urmare, actualul\u00a0 aviz \u00eencearc\u0103 s\u0103 r\u0103spund\u0103 provoc\u0103rilor cu care se confrunt\u0103 administra\u021biile locale \u0219i jude\u021bene: conservarea carnivorelor mari \u0219i a habitatelor lor \u0219i echilibrarea protec\u021biei vie\u021bii umane \u0219i a activit\u0103\u021bilor economice. \u00cen multe state membre, continuitatea metodelor agricole tradi\u021bionale nu reprezint\u0103 doar un patrimoniu cultural, ci \u0219i o garan\u021bie pentru zonele cu biodiversitate, promov\u00e2nd ecosisteme unice \u0219i p\u0103str\u00e2nd diversitatea care este esen\u021bial\u0103 pentru stabilitatea ecologic\u0103 global\u0103. Potrivit datelor Ministerului Agriculturii, abandonul practicilor agricole a redus suprafa\u021ba de p\u0103\u0219uni \u0219i paji\u0219ti din jude\u021bul Harghita cu 3.000 de hectare \u00eencep\u00e2nd cu 2017.\u00a0 Dar, exist\u0103 \u00eengrijor\u0103ri cu privire la provoc\u0103rile reprezentate de daunele provocate de animalele s\u0103lbatice. \u00cen Rom\u00e2nia, popula\u021bia de urs brun\u00a0 a crescut rapid, ceea ce a dus la o cre\u0219tere a interac\u021biunii dintre ur\u0219i \u0219i oameni. Comportamentul \u0219i preferin\u021bele de habitat ale ur\u0219ilor difer\u0103 de cele ale altor carnivore mari. Abandonarea practicilor agricole tradi\u021bionale din cauza pagubelor provocate de carnivorele mari poate duce la schimb\u0103ri \u00een utilizarea terenurilor. Abord\u00e2nd \u00een mod activ impactul negativ al cre\u0219terii popula\u021biei de urs asupra securit\u0103\u021bii umane, putem sensibiliza opinia public\u0103 cu privire la importan\u021ba gestion\u0103rii durabile a faunei s\u0103lbatice \u0219i putem promova o abordare echilibrat\u0103 care s\u0103 ia \u00een considerare nevoile \u0219i securitatea comunit\u0103\u021bilor umane \u0219i a mediului natural\u201d, a subliniat Borboly Csaba.<\/p>\n<p>Ministerul Mediului, Apelor \u0219i P\u0103durilor a publicat la 5 aprilie rezultatele unui studiu de estimare a popula\u021biei de urs brun, realizat de ICAS \u0219i Universitatea Transilvania din Bra\u0219ov, care indic\u0103 un interval cuprins \u00eentre 7536 \u0219i 8093 exemplare de urs brun \u00een Rom\u00e2nia. Aceast\u0103 cifr\u0103 deriv\u0103 din valoarea de referin\u021b\u0103 raportat\u0103 la UE, 5960-6620 exemplare, pentru anul 2007.<\/p>\n<p>&nbsp;<\/p>\n<p>Bruxelles, 13 decembrie 2023<\/p>\n<p>&nbsp;<\/p>\n","protected":false},"excerpt":{"rendered":"<p>&nbsp; Consultare cu\u00a0 p\u0103r\u021bile interesate privind viitorul aviz referitor la coexisten\u021ba cu carnivorele mari din perspectiva biodiversit\u0103\u021bii &nbsp; \u00cen data de 13 decembrie, la Bruxelles, au avut loc\u00a0 consult\u0103ri cu p\u0103r\u021bile interesate cu privire la propunerile \u0219i opiniile cuprinse \u00een noul proiect de aviz privind coexisten\u021ba cu carnivorele mari, pentru care a fost numit raportor [&hellip;]<\/p>\n","protected":false},"author":1,"featured_media":1313,"comment_status":"open","ping_status":"closed","sticky":false,"template":"","format":"standard","meta":{"_bbp_topic_count":0,"_bbp_reply_count":0,"_bbp_total_topic_count":0,"_bbp_total_reply_count":0,"_bbp_voice_count":0,"_bbp_anonymous_reply_count":0,"_bbp_topic_count_hidden":0,"_bbp_reply_count_hidden":0,"_bbp_forum_subforum_count":0,"footnotes":""},"categories":[84],"tags":[],"_links":{"self":[{"href":"https:\/\/cor.borbolycsaba.ro\/ro\/index.php?rest_route=\/wp\/v2\/posts\/1312"}],"collection":[{"href":"https:\/\/cor.borbolycsaba.ro\/ro\/index.php?rest_route=\/wp\/v2\/posts"}],"about":[{"href":"https:\/\/cor.borbolycsaba.ro\/ro\/index.php?rest_route=\/wp\/v2\/types\/post"}],"author":[{"embeddable":true,"href":"https:\/\/cor.borbolycsaba.ro\/ro\/index.php?rest_route=\/wp\/v2\/users\/1"}],"replies":[{"embeddable":true,"href":"https:\/\/cor.borbolycsaba.ro\/ro\/index.php?rest_route=%2Fwp%2Fv2%2Fcomments&post=1312"}],"version-history":[{"count":1,"href":"https:\/\/cor.borbolycsaba.ro\/ro\/index.php?rest_route=\/wp\/v2\/posts\/1312\/revisions"}],"predecessor-version":[{"id":1315,"href":"https:\/\/cor.borbolycsaba.ro\/ro\/index.php?rest_route=\/wp\/v2\/posts\/1312\/revisions\/1315"}],"wp:featuredmedia":[{"embeddable":true,"href":"https:\/\/cor.borbolycsaba.ro\/ro\/index.php?rest_route=\/wp\/v2\/media\/1313"}],"wp:attachment":[{"href":"https:\/\/cor.borbolycsaba.ro\/ro\/index.php?rest_route=%2Fwp%2Fv2%2Fmedia&parent=1312"}],"wp:term":[{"taxonomy":"category","embeddable":true,"href":"https:\/\/cor.borbolycsaba.ro\/ro\/index.php?rest_route=%2Fwp%2Fv2%2Fcategories&post=1312"},{"taxonomy":"post_tag","embeddable":true,"href":"https:\/\/cor.borbolycsaba.ro\/ro\/index.php?rest_route=%2Fwp%2Fv2%2Ftags&post=1312"}],"curies":[{"name":"wp","href":"https:\/\/api.w.org\/{rel}","templated":true}]}}