{"id":1305,"date":"2023-11-29T17:54:56","date_gmt":"2023-11-29T17:54:56","guid":{"rendered":"https:\/\/cor.borbolycsaba.ro\/ro\/?p=1305"},"modified":"2023-11-29T17:54:56","modified_gmt":"2023-11-29T17:54:56","slug":"avizul-lui-borboly-csaba-privind-dezvoltarea-mediului-rural-a-fost-votat-in-unanimitate-in-cadrul-sesiunii-plenare-a-comitetului-european-al-regiunilor","status":"publish","type":"post","link":"https:\/\/cor.borbolycsaba.ro\/ro\/?p=1305","title":{"rendered":"Avizul lui Borboly Csaba privind dezvoltarea mediului rural a fost votat \u00een unanimitate \u00een cadrul sesiunii plenare a Comitetului European al Regiunilor"},"content":{"rendered":"<p>Noile linii de finan\u021bare trebuie s\u0103 dea o aten\u021bie sporit\u0103 zonelor preponderent rurale cum este \u0219i jude\u021bul Harghita<\/p>\n<p><a style=\"text-transform: initial;\" href=\"https:\/\/www.facebook.com\/borbolycsaba.ro\/videos\/858559189078974\">https:\/\/www.facebook.com\/borbolycsaba.ro\/videos\/858559189078974<\/a><\/p>\n<p>&nbsp;<\/p>\n<p>\u00cen cadrul celei de-a 158-a sesiuni plenare a Comitetului European al Regiunilor, ce a avut loc azi, 29 noiembrie, la Bruxelles,\u00a0 Borboly Csaba, pre\u0219edintele Consiliului Jude\u021bean Harghita, raportor al proiectului de aviz privind Promovarea politicilor culturale \u00een zonele rurale \u00een cadrul strategiilor de dezvoltare \u0219i coeziune teritorial\u0103 \u0219i al Agendei 2030, a primit und\u0103 verde pentru avizul elaborat.<\/p>\n<p>&nbsp;<\/p>\n<p>\u201c\u00cen calitatea mea de raportor al prezentului aviz, am subliniat caracterul critic al transform\u0103rilor la care este suspus mediul rural european, at\u00e2t din punct de vedere economic, social, ecologic \u0219i politic, \u0219i care\u00a0 are nevoie de o dezvoltare continu\u0103 bazat\u0103 pe patrimoniul cultural de\u021binut. Deplasarea demografic\u0103 c\u0103tre centrele urbane a solicitat resursele locale, pun\u00e2nd la \u00eencercare furnizarea de servicii esen\u021biale \u00een zonele rurale. \u00cen ciuda acestor provoc\u0103ri, au ap\u0103rut abord\u0103ri inovatoare, redefinind peisajul rural \u0219i prezent\u00e2nd noi paradigme culturale \u00een contextul crizei eco-sociale predominante. Astfel, conservarea patrimoniului cultural este imperativ\u0103\u201d, a apreciat Borboly Csaba.<\/p>\n<p>&nbsp;<\/p>\n<div class=\"better-gallery-container\"><div id=\"gallery-1296427563\" class=\"better-gallery  better-gallery-img-publisher-lg\" data-gallery-id=\"1296427563\"> <div class=\"fotorama\" data-nav=\"thumbs\" data-auto=\"false\" data-ratio=\"16\/7\"><div data-thumb=\"https:\/\/cor.borbolycsaba.ro\/ro\/wp-content\/uploads\/2023\/11\/Brusszel-150x150.jpeg\">\n                        <a href=\"https:\/\/cor.borbolycsaba.ro\/ro\/wp-content\/uploads\/2023\/11\/Brusszel.jpeg\" class=\"slide-link\" data-not-rel=\"true\">\n                            <img decoding=\"async\"  data-id=\"1307\" src=\"https:\/\/cor.borbolycsaba.ro\/ro\/wp-content\/uploads\/2023\/11\/Brusszel-750x430.jpeg\">\n                        <\/a>\n                    <div class=\"slide-title-wrap\"><\/div><\/div><div data-thumb=\"https:\/\/cor.borbolycsaba.ro\/ro\/wp-content\/uploads\/2023\/11\/Brusszel3-150x150.jpeg\">\n                        <a href=\"https:\/\/cor.borbolycsaba.ro\/ro\/wp-content\/uploads\/2023\/11\/Brusszel3.jpeg\" class=\"slide-link\" data-not-rel=\"true\">\n                            <img decoding=\"async\"  data-id=\"1310\" src=\"https:\/\/cor.borbolycsaba.ro\/ro\/wp-content\/uploads\/2023\/11\/Brusszel3-750x430.jpeg\">\n                        <\/a>\n                    <div class=\"slide-title-wrap\"><\/div><\/div><div data-thumb=\"https:\/\/cor.borbolycsaba.ro\/ro\/wp-content\/uploads\/2023\/11\/Brusszel2-150x150.jpeg\">\n                        <a href=\"https:\/\/cor.borbolycsaba.ro\/ro\/wp-content\/uploads\/2023\/11\/Brusszel2.jpeg\" class=\"slide-link\" data-not-rel=\"true\">\n                            <img decoding=\"async\"  data-id=\"1308\" src=\"https:\/\/cor.borbolycsaba.ro\/ro\/wp-content\/uploads\/2023\/11\/Brusszel2-750x430.jpeg\">\n                        <\/a>\n                    <div class=\"slide-title-wrap\"><\/div><\/div><div data-thumb=\"https:\/\/cor.borbolycsaba.ro\/ro\/wp-content\/uploads\/2023\/11\/Brusszel4-150x150.jpeg\">\n                        <a href=\"https:\/\/cor.borbolycsaba.ro\/ro\/wp-content\/uploads\/2023\/11\/Brusszel4.jpeg\" class=\"slide-link\" data-not-rel=\"true\">\n                            <img decoding=\"async\"  data-id=\"1309\" src=\"https:\/\/cor.borbolycsaba.ro\/ro\/wp-content\/uploads\/2023\/11\/Brusszel4-750x430.jpeg\">\n                        <\/a>\n                    <div class=\"slide-title-wrap\"><\/div><\/div><\/div><div class=\"gallery-title clearfix\">    <span class=\"prev\"><i class=\"fa fa-angle-left\"><\/i> Prev<\/span>\n                    <span class=\"count\"><i class=\"current\">1<\/i> A <i class=\"total\">4<\/i><\/span>\n                    <span class=\"next\">Next <i class=\"fa fa-angle-right\"><\/i><\/span>\n                <\/div><\/div><script>var prt_gal_img_1296427563 = [\"https:\\\/\\\/cor.borbolycsaba.ro\\\/ro\\\/wp-content\\\/uploads\\\/2023\\\/11\\\/Brusszel.jpeg\",\"https:\\\/\\\/cor.borbolycsaba.ro\\\/ro\\\/wp-content\\\/uploads\\\/2023\\\/11\\\/Brusszel3.jpeg\",\"https:\\\/\\\/cor.borbolycsaba.ro\\\/ro\\\/wp-content\\\/uploads\\\/2023\\\/11\\\/Brusszel2.jpeg\",\"https:\\\/\\\/cor.borbolycsaba.ro\\\/ro\\\/wp-content\\\/uploads\\\/2023\\\/11\\\/Brusszel4.jpeg\"]; var prt_gal_cap_1296427563 = [\"\",\"\",\"\",\"\"]; <\/script><\/div>\n<p>Scopul proiectului de aviz este de a dezvolta politici la nivelul Uniunii Europene care s\u0103 promoveze dezvoltarea economic\u0103, social\u0103 \u0219i ecologic\u0103 a zonelor rurale prin valorificarea diversit\u0103\u021bii culturale \u0219i creativit\u0103\u021bii, pentru a le oferi posibilitatea locuitorilor de a crea locuri de munc\u0103 prin activit\u0103\u021bi culturale.<\/p>\n<p>&nbsp;<\/p>\n<p>Proiectul de aviz, elaborat cu sprijinul expertului dr. Cs\u00e1k L\u00e1szl\u00f3 \u0219i al echipei din cadrul Compartimentului de Rela\u021bii Interna\u021bionale, poate fi studiat aici:\u00a0<a href=\"https:\/\/cor.borbolycsaba.ro\/ro\/?page_id=1233\">https:\/\/cor.borbolycsaba.ro\/ro\/?page_id=1233<\/a><\/p>\n<p>&nbsp;<\/p>\n<p>\u201cPrezentul aviz \u00ee\u0219i propune s\u0103 atrag\u0103 aten\u021bia asupra rolului culturii \u00een regiunile noastre, favoriz\u00e2nd un viitor \u00een care s\u0103 se \u00eembine considerentele culturale, ecologice \u0219i economice. Rolul culturii rurale \u00een men\u021binerea \u0219i gestionarea peisajelor culturale, a biodiversit\u0103\u021bii \u0219i a valorilor tradi\u021bionale este de o importan\u021b\u0103 capital\u0103.\u00a0 Unele zone rurale se prezint\u0103 ca zone bioculturale specifice, \u00een care coexisten\u021ba durabil\u0103 \u00eentre mediu \u0219i economia local\u0103 este \u00eencorporat\u0103 \u00een cultura \u0219i tradi\u021bia acestor comunit\u0103\u021bi. Conservarea patrimoniului nostru nu este un lux ci o necesitate! Le mul\u021bumesc tuturor celor care au formulat amendamente la acest proiect de aviz, utile pentru realizarea unui document ca baz\u0103 a politicilor publice \u0219i a surselor de finan\u021bare pentru comunit\u0103\u021bile locale. Mul\u021bumesc expertului dr. Cs\u00e1k L\u00e1szl\u00f3, echipei mele de la Biroul de Rela\u021bii Interna\u021bionale \u0219i colegilor din Delega\u021bia Rom\u00e2niei la CoR, pentru sprijinul acordat \u00een elaborarea avizului care va fi de o importan\u021b\u0103 major\u0103 pentru mediul rural \u00een general \u0219i pentru jude\u021bul Harghita \u00een special\u201d a subliniat Borboly Csaba, pre\u0219edintele\u00a0 Consiliului Jude\u021bean Harghita.<\/p>\n<p>&nbsp;<\/p>\n<p>Mai multe detalii cu privire la activitatea lui Borboly Csaba la Comitetul European al Regiunilor pot fi g\u0103site aici:<a href=\"https:\/\/cor.borbolycsaba.ro\/ro\/\">\u00a0https:\/\/cor.borbolycsaba.ro\/ro\/<\/a><\/p>\n","protected":false},"excerpt":{"rendered":"<p>Noile linii de finan\u021bare trebuie s\u0103 dea o aten\u021bie sporit\u0103 zonelor preponderent rurale cum este \u0219i jude\u021bul Harghita https:\/\/www.facebook.com\/borbolycsaba.ro\/videos\/858559189078974 &nbsp; \u00cen cadrul celei de-a 158-a sesiuni plenare a Comitetului European al Regiunilor, ce a avut loc azi, 29 noiembrie, la Bruxelles,\u00a0 Borboly Csaba, pre\u0219edintele Consiliului Jude\u021bean Harghita, raportor al proiectului de aviz privind Promovarea politicilor [&hellip;]<\/p>\n","protected":false},"author":1,"featured_media":1307,"comment_status":"open","ping_status":"closed","sticky":false,"template":"","format":"standard","meta":{"_bbp_topic_count":0,"_bbp_reply_count":0,"_bbp_total_topic_count":0,"_bbp_total_reply_count":0,"_bbp_voice_count":0,"_bbp_anonymous_reply_count":0,"_bbp_topic_count_hidden":0,"_bbp_reply_count_hidden":0,"_bbp_forum_subforum_count":0,"footnotes":""},"categories":[84],"tags":[],"_links":{"self":[{"href":"https:\/\/cor.borbolycsaba.ro\/ro\/index.php?rest_route=\/wp\/v2\/posts\/1305"}],"collection":[{"href":"https:\/\/cor.borbolycsaba.ro\/ro\/index.php?rest_route=\/wp\/v2\/posts"}],"about":[{"href":"https:\/\/cor.borbolycsaba.ro\/ro\/index.php?rest_route=\/wp\/v2\/types\/post"}],"author":[{"embeddable":true,"href":"https:\/\/cor.borbolycsaba.ro\/ro\/index.php?rest_route=\/wp\/v2\/users\/1"}],"replies":[{"embeddable":true,"href":"https:\/\/cor.borbolycsaba.ro\/ro\/index.php?rest_route=%2Fwp%2Fv2%2Fcomments&post=1305"}],"version-history":[{"count":1,"href":"https:\/\/cor.borbolycsaba.ro\/ro\/index.php?rest_route=\/wp\/v2\/posts\/1305\/revisions"}],"predecessor-version":[{"id":1311,"href":"https:\/\/cor.borbolycsaba.ro\/ro\/index.php?rest_route=\/wp\/v2\/posts\/1305\/revisions\/1311"}],"wp:featuredmedia":[{"embeddable":true,"href":"https:\/\/cor.borbolycsaba.ro\/ro\/index.php?rest_route=\/wp\/v2\/media\/1307"}],"wp:attachment":[{"href":"https:\/\/cor.borbolycsaba.ro\/ro\/index.php?rest_route=%2Fwp%2Fv2%2Fmedia&parent=1305"}],"wp:term":[{"taxonomy":"category","embeddable":true,"href":"https:\/\/cor.borbolycsaba.ro\/ro\/index.php?rest_route=%2Fwp%2Fv2%2Fcategories&post=1305"},{"taxonomy":"post_tag","embeddable":true,"href":"https:\/\/cor.borbolycsaba.ro\/ro\/index.php?rest_route=%2Fwp%2Fv2%2Ftags&post=1305"}],"curies":[{"name":"wp","href":"https:\/\/api.w.org\/{rel}","templated":true}]}}