{"id":1294,"date":"2023-09-18T09:49:54","date_gmt":"2023-09-18T09:49:54","guid":{"rendered":"https:\/\/cor.borbolycsaba.ro\/ro\/?p=1294"},"modified":"2023-09-18T09:49:54","modified_gmt":"2023-09-18T09:49:54","slug":"pregatirea-pentru-noul-ciclu-de-finantare-ue-trebuie-facuta-din-timp-deciziile-luate-azi-vor-avea-impact-in-viitor-in-privinta-dezvoltarii-comunitatilor","status":"publish","type":"post","link":"https:\/\/cor.borbolycsaba.ro\/ro\/?p=1294","title":{"rendered":"Preg\u0103tirea pentru noul ciclu de finan\u021bare UE trebuie f\u0103cut\u0103 din timp \u2013 deciziile luate azi vor avea impact \u00een viitor \u00een privin\u021ba dezvolt\u0103rii comunit\u0103\u021bilor"},"content":{"rendered":"<p><em>Borboly Csaba a fost numit raportor pentru elaborarea unui nou proiect de aviz privind dezvoltarea zonelor rurale prin cultur\u0103 \u0219i creativitate<\/em><\/p>\n<p>\u00cen cadrul Comitetul European al Regiunilor, la propunerea pre\u0219edin\u021biei Consiliului Uniunii Europene, de\u021binut\u0103 de\u00a0 Spania p\u00e2n\u0103 la finalul anului 2023, pentru care mediul rural este o prioritate, Borboly Csaba, pre\u0219edintele Consiliului Jude\u021bean Harghita, a fost numit raportor pentru a elabora un nou proiect de aviz \u00een leg\u0103tur\u0103 cu dezvoltarea zonelor rurale din UE, \u00eempreun\u0103 cu Cs\u00e1k L\u00e1szl\u00f3, expert.<\/p>\n<p>Detaliile acestui proiect de aviz au fost prezentate \u00een cadrul unei conferin\u021be de pres\u0103 ce a avut loc la sediul Consiliului Jude\u021bean Harghita, vineri, 15 septembrie.<\/p>\n<blockquote><p><em>\u201e<\/em>Ne dorim ca prin acest aviz s\u0103 propunem ac\u021biuni \u0219i m\u0103suri \u00een privin\u021ba dezvolt\u0103rii zonelor rurale \u00een mai multe domenii precum cultur\u0103, \u0219tiin\u021b\u0103, economie, cercetare, creativitate \u0219i totodat\u0103 vom \u00eencerca s\u0103 elabor\u0103m acest raport \u00een a\u0219a fel ca la \u0219edin\u021ba din 2 octombrie s\u0103 fie votat \u00een comisia SEDEC \u0219i ulterior la plenara CoR de la sf\u00e2r\u0219itul anului. Timpul este limitat pentru c\u0103 pre\u0219edin\u021bia spaniol\u0103 dore\u0219te s\u0103 aib\u0103 un rezultat \u00een acest domeniu \u0219i rezultatul unui astfel de aviz este c\u0103 trebuie s\u0103 fie obligatoriu luat \u00een considerare de Comisia European\u0103, Consiliul European \u00a0\u0219i Pre\u0219edin\u021bie \u0219i va fi la baza noilor m\u0103suri de finan\u021bare, noilor reglement\u0103ri \u00een domeniul acesta.\u00a0 Acesta este al 9-lea aviz pe care-l preg\u0103tim \u0219i sper ca \u0219i acesta din urm\u0103 s\u0103 fie adoptat \u0219i s\u0103 aduc\u0103 rezultate<em>\u201d,\u00a0<\/em>a apreciat Borboly Csaba.<\/p><\/blockquote>\n<p>Scopul proiectului de aviz este de a dezvolta politici la nivelul Uniunii Europene care s\u0103 promoveze dezvoltarea economic\u0103, social\u0103 \u0219i ecologic\u0103 a zonelor rurale prin valorificarea diversit\u0103\u021bii culturale \u0219i creativit\u0103\u021bii. Aceast\u0103 abordare ofer\u0103 oportunitatea locuitorilor din zonele rurale de a crea locuri de munc\u0103 prin activit\u0103\u021bi culturale, de a \u00eembun\u0103t\u0103\u021bi calitatea vie\u021bii, de a \u00eent\u0103ri coeziunea social\u0103 \u0219i de a p\u0103stra \u0219i promova tradi\u021biile \u0219i valorile comunit\u0103\u021bilor rurale, contribuind astfel la dezvoltarea durabil\u0103 \u0219i la \u00eembun\u0103t\u0103\u021birea calit\u0103\u021bii vie\u021bii \u00een zonele rurale.<\/p>\n<p>Cs\u00e1k L\u00e1szl\u00f3, expert, a apreciat c\u0103\u00a0<em>\u201e<\/em>acest aviz este un pas foarte important \u00een schimbarea abord\u0103rii de dezvoltare rural\u0103 la nivel european. Pre\u0219edin\u021bia spaniol\u0103 a Consiliului Uniunii Europene a luat decizia de a propune o schimbare radical\u0103 dup\u0103 2028, \u00een dezvoltarea rural\u0103, caracterizat\u0103 prin concentrarea pe cultura rural\u0103. Aceasta apreciaz\u0103 c\u0103 fiecare mediu rural are caracteristici culturale care merit\u0103 sa fie valorificate \u0219i utilizate pentru dezvoltarea economic\u0103 \u0219i cre\u0219terea calit\u0103\u021bii vie\u021bii a localnicilor \u0219i sper\u0103m ca \u0219i \u00een jude\u0163ul Harghita, dup\u0103 2028, c\u00e2nd intr\u0103 \u00een vigoare noi regulamente \u0219i vor disponibile fi noi linii de finan\u021bare, abordarea pe cultura rural\u0103 va \u00eensemna milioane de euro investi\u021bi. Este un lucru foarte important c\u0103 domnul pre\u0219edinte a primit rolul de elaborator al avizului av\u00e2nd \u00een vedere c\u0103 acum trei ani a fost aprobat\u0103 strategia cultural\u0103 a jude\u021bului Harghita care are abord\u0103ri identice cu cele de la nivel european, deci vorbim aceea\u0219i limb\u0103 \u00een acest sens \u0219i sper ca ceea ce e inclus \u00een 63 de puncte \u00een aviz va contribui la aducerea la \u00eendeplinire a obiectivelor formulate de pre\u0219edin\u021bie\u201d<em>.<\/em><\/p>\n<p>\u00cen vederea \u00een\u021belegerii mai profunde a rolului culturii \u00een mediul rural \u0219i modului \u00een care aceasta poate contribui la promovarea transform\u0103rilor sociale, economice \u0219i de mediu a fost elaborat un chestionar care poate fi completat p\u00e2n\u0103 \u00een 18 septembrie.<\/p>\n<p><a href=\"https:\/\/docs.google.com\/forms\/d\/e\/1FAIpQLSdSrjodf1QwGhKs0NKgjLUAPxUuN4EL_TXB_uMNfWSAqAcoBQ\/viewform\">https:\/\/docs.google.com\/forms\/<\/a><\/p>\n<p>Prin completarea acestui chestionar, opiniile \u0219i experien\u021bele \u00a0vor ajuta la clarificarea impactului politicilor asupra dezvolt\u0103rii rurale, conserv\u0103rii patrimoniului cultural \u0219i promov\u0103rii practicilor durabile, cu accent deosebit pe zonele bio-culturale care faciliteaz\u0103 interac\u021biunea dintre biodiversitate \u0219i cultur\u0103.<\/p>\n<p>Miercurea Ciuc, 15 septembrie 2023<\/p>\n","protected":false},"excerpt":{"rendered":"<p>Borboly Csaba a fost numit raportor pentru elaborarea unui nou proiect de aviz privind dezvoltarea zonelor rurale prin cultur\u0103 \u0219i creativitate \u00cen cadrul Comitetul European al Regiunilor, la propunerea pre\u0219edin\u021biei Consiliului Uniunii Europene, de\u021binut\u0103 de\u00a0 Spania p\u00e2n\u0103 la finalul anului 2023, pentru care mediul rural este o prioritate, Borboly Csaba, pre\u0219edintele Consiliului Jude\u021bean Harghita, a [&hellip;]<\/p>\n","protected":false},"author":1,"featured_media":1295,"comment_status":"open","ping_status":"closed","sticky":false,"template":"","format":"standard","meta":{"_bbp_topic_count":0,"_bbp_reply_count":0,"_bbp_total_topic_count":0,"_bbp_total_reply_count":0,"_bbp_voice_count":0,"_bbp_anonymous_reply_count":0,"_bbp_topic_count_hidden":0,"_bbp_reply_count_hidden":0,"_bbp_forum_subforum_count":0,"footnotes":""},"categories":[84],"tags":[],"_links":{"self":[{"href":"https:\/\/cor.borbolycsaba.ro\/ro\/index.php?rest_route=\/wp\/v2\/posts\/1294"}],"collection":[{"href":"https:\/\/cor.borbolycsaba.ro\/ro\/index.php?rest_route=\/wp\/v2\/posts"}],"about":[{"href":"https:\/\/cor.borbolycsaba.ro\/ro\/index.php?rest_route=\/wp\/v2\/types\/post"}],"author":[{"embeddable":true,"href":"https:\/\/cor.borbolycsaba.ro\/ro\/index.php?rest_route=\/wp\/v2\/users\/1"}],"replies":[{"embeddable":true,"href":"https:\/\/cor.borbolycsaba.ro\/ro\/index.php?rest_route=%2Fwp%2Fv2%2Fcomments&post=1294"}],"version-history":[{"count":1,"href":"https:\/\/cor.borbolycsaba.ro\/ro\/index.php?rest_route=\/wp\/v2\/posts\/1294\/revisions"}],"predecessor-version":[{"id":1296,"href":"https:\/\/cor.borbolycsaba.ro\/ro\/index.php?rest_route=\/wp\/v2\/posts\/1294\/revisions\/1296"}],"wp:featuredmedia":[{"embeddable":true,"href":"https:\/\/cor.borbolycsaba.ro\/ro\/index.php?rest_route=\/wp\/v2\/media\/1295"}],"wp:attachment":[{"href":"https:\/\/cor.borbolycsaba.ro\/ro\/index.php?rest_route=%2Fwp%2Fv2%2Fmedia&parent=1294"}],"wp:term":[{"taxonomy":"category","embeddable":true,"href":"https:\/\/cor.borbolycsaba.ro\/ro\/index.php?rest_route=%2Fwp%2Fv2%2Fcategories&post=1294"},{"taxonomy":"post_tag","embeddable":true,"href":"https:\/\/cor.borbolycsaba.ro\/ro\/index.php?rest_route=%2Fwp%2Fv2%2Ftags&post=1294"}],"curies":[{"name":"wp","href":"https:\/\/api.w.org\/{rel}","templated":true}]}}