{"id":1214,"date":"2022-11-17T09:06:59","date_gmt":"2022-11-17T09:06:59","guid":{"rendered":"https:\/\/cor.borbolycsaba.ro\/ro\/?p=1214"},"modified":"2023-01-09T09:10:36","modified_gmt":"2023-01-09T09:10:36","slug":"alianta-regiunilor-care-depind-de-sectorul-autovehiculelor-indeamna-ue-%e2%80%8e-sa-sprijine-programul-menit-sa-asigure-o-tranzitie-justa-echitabila-si-reusita-%e2%80%8e-pentru-un-sector-cu-75","status":"publish","type":"post","link":"https:\/\/cor.borbolycsaba.ro\/ro\/?p=1214","title":{"rendered":"Alian\u021ba regiunilor care depind de sectorul autovehiculelor \u00eendeamn\u0103 UE \u200e s\u0103 sprijine programul menit s\u0103 asigure o tranzi\u021bie just\u0103, echitabil\u0103 \u0219i reu\u0219it\u0103 \u200e pentru un sector cu 7,5\u00a0milioane de locuri de munc\u0103\u00a0\u00a0"},"content":{"rendered":"<p><i><span style=\"font-weight: 400;\">Membrii alian\u021bei s-au reunit la Leipzig \u0219i \u0219i<\/span><\/i> <i><span style=\"font-weight: 400;\">&#8211;<\/span><\/i> <i><span style=\"font-weight: 400;\">au prezentat propunerile destinate men\u021binerii sectorului european al autovehiculelor\u00a0<\/span><\/i><\/p>\n<p><b>Pentru a face fa\u021b\u0103 cu succes elimin\u0103rii treptate a motoarelor cu combustie \u0219i procesului de digitalizare, regiunile produc\u0103toare de autovehicule din Europa solicit\u0103 un nou mecanism de sprijin al UE cu fonduri specifice, o evaluare adecvat\u0103 a impactului teritorial al noilor regulamente \u0219i m\u0103suri pentru recalificarea \u0219i perfec\u021bionarea for\u021bei de munc\u0103. \u00cen cadrul primei reuniuni politice a <\/b><a href=\"https:\/\/cor.europa.eu\/ro\/engage\/Pages\/Automotive-Regions-Alliance.aspx\"><b>Alian\u021bei regiunilor care depind de sectorul autovehiculelor<\/b><\/a><b>, care a avut loc la 17 noiembrie la Leipzig, membrii au adoptat o strategie pe termen scurt \u0219i mediu \u0219i au discutat cu Nicolas Schmit, comisarul european pentru locuri de munc\u0103 \u0219i drepturi sociale, despre sprijinul de care au nevoie regiunile cu o industrie puternic\u0103 a autovehiculelor.\u00a0<\/b><\/p>\n<p><span style=\"font-weight: 400;\">Industria autovehiculelor \u0219i a componentelor pentru autovehicule trece prin turbulen\u021be \u0219i transform\u0103ri: obiectivele climatice ale UE \u0219i pachetul \u201ePreg\u0103ti\u021bi pentru 55\u201d necesit\u0103 o contribu\u021bie semnificativ\u0103 din partea sectorului transportului rutier \u0219i, prin urmare, au un impact asupra tuturor regiunilor produc\u0103toare de autovehicule din Europa. Acest sector este puternic afectat de tranzi\u021bia verde \u0219i digital\u0103, iar 7,5\u00a0milioane de persoane \u2013 echivalentul a peste 6\u00a0% din totalul locurilor de munc\u0103 din Europa \u2013 lucreaz\u0103 \u00een domeniul produc\u021biei de automobile \u0219i al serviciilor auto. Tranzi\u021bia c\u0103tre vehicule cu emisii zero \u0219i digitalizate va avea un impact puternic asupra ecosistemelor \u0219i structurilor socioeconomice regionale ale acestui sector.\u00a0<\/span><\/p>\n<p><span style=\"font-weight: 400;\">20\u00a0din cele 29\u00a0de regiuni membre ale Alian\u021bei au fost reprezentate la Leipzig \u0219i au adus \u00een prim-plan preocup\u0103rile industriei autovehiculelor din regiunile lor. Pe baza cerin\u021belor privind autoturismele cu emisii zero pentru a realiza obiectivele climatice ale UE \u0219i schimb\u0103rile aferente din industria autovehiculelor, to\u021bi membrii Alian\u021bei pledeaz\u0103 pentru instituirea unui mecanism european de sprijinire a unei tranzi\u021bii juste \u0219i echitabile \u00een regiunile cu o industrie a autovehiculelor, pentru a reduce la minimum efectele perturbatoare asupra ocup\u0103rii for\u021bei de munc\u0103 \u0219i a spori capacit\u0103\u021bile \u0219i oportunit\u0103\u021bile de recalificare tehnologic\u0103 a industriei europene a autovehiculelor \u0219i a asigura o competitivitate f\u0103r\u0103 sincope la nivel mondial \u00een domeniul cercet\u0103rii \u0219i inov\u0103rii.\u00a0<\/span><\/p>\n<p><b>Michael Kretschmer<\/b><span style=\"font-weight: 400;\">, ministrul landului Saxonia, a deschis reuniunea \u0219i a declarat: <\/span><i><span style=\"font-weight: 400;\">\u201ePe l\u00e2ng\u0103 faptul c\u0103 \u00ee\u0219i are leag\u0103nul aici, \u00een Saxonia, industria autovehiculelor este \u0219i o tehnologie esen\u021bial\u0103 pentru Germania. Datorit\u0103 expertizei remarcabile \u0219i spiritului de inovare, landul se transform\u0103 \u00eentr-un centru de electromobilitate. Obiectivele \u00een materie de schimb\u0103ri structurale \u0219i clim\u0103 reprezint\u0103 schimb\u0103ri pentru Saxonia \u0219i industria autovehiculelor\u00a0\u2013\u00a0motiv pentru care sunt recunosc\u0103tor Alian\u021bei regiunilor care depind de sectorul autovehiculelor pentru c\u0103 a favorizat schimburile menite s\u0103 asigure succesul acestei transform\u0103ri printr-un efort comun.\u201d<\/span><\/i><\/p>\n<p><a href=\"https:\/\/cor.europa.eu\/ro\/members\/pages\/memberprofile.aspx?memberid=2034664\"><b>Emil Boc<\/b><\/a><span style=\"font-weight: 400;\">, primarul ora\u0219ului Cluj-Napoca \u0219i pre\u0219edintele Comisiei\u00a0COTER, a declarat c\u0103 \u201eOra\u0219ele \u0219i regiunile pot juca un rol activ \u00een confruntarea cu perturb\u0103rile legate de viitorul muncii \u00een sectorul autovehiculelor. \u00cempreun\u0103, putem transforma acest proces \u00eentr-unul al adapt\u0103rii la noua economie, prin transporturi verzi \u0219i ecologice, for\u021b\u0103 de munc\u0103 european\u0103 calificat\u0103 \u0219i vehicule inovatoare, pentru mobilitate \u0219i agrotehnologie. Trebuie s\u0103 privim Europa ca un loc unic pentru a face fa\u021b\u0103 schimb\u0103rilor, care, dup\u0103 cum \u0219tim cu to\u021bii, vor avea un impact asupra acestei pie\u021be. Automobilele au un viitor \u00eentr-o Europ\u0103 curat\u0103, digital\u0103, favorabil\u0103 incluziunii \u0219i inovatoare cu condi\u021bia s\u0103 aib\u0103 loc schimburi de cuno\u0219tin\u021be \u0219i s\u0103 se creeze infrastructuri \u00een toate regiunile pentru a asigura lan\u021buri de aprovizionare mai scurte aici, \u00een Europa, astfel \u00eenc\u00e2t sectorul autovehiculelor s\u0103 fie mai pu\u021bin dependent de perturb\u0103rile lan\u021bului global.\u201d<\/span><\/p>\n<p><a href=\"https:\/\/cor.europa.eu\/ro\/members\/pages\/memberprofile.aspx?memberid=2038754\"><b>Thomas Schmidt<\/b><\/a><span style=\"font-weight: 400;\"> (DE-PPE), membru al Comitetului European al Regiunilor \u0219i ministrul de stat pentru dezvoltare regional\u0103 al Saxoniei, a declarat: \u201e<\/span><i><span style=\"font-weight: 400;\">A fost o mare onoare pentru Saxonia s\u0103 g\u0103zduiasc\u0103 prima reuniune a Alian\u021bei. M\u0103 bucur c\u0103 at\u00e2t de multe regiuni sunt prezente ast\u0103zi aici, la Leipzig. Este important pentru ca Alian\u021ba \u0219i activitatea sa viitoare s\u0103 capete greutate. Schimbul de opinii cu privire la preocup\u0103rile regiunilor produc\u0103toare de autovehicule a fost important \u0219i foarte interesant. Fiecare regiune este afectat\u0103 \u00een mod diferit. Exist\u0103 \u00eens\u0103 interese comune, pe care dorim s\u0103 le reprezent\u0103m \u00eempreun\u0103 \u00een viitor prin intermediul Alian\u021bei. Dorim s\u0103 facem un schimb intens de idei, inclusiv prin intermediul CoR \u0219i al Intergrupului s\u0103u pentru autovehicule, precum \u0219i cu partenerii economici \u0219i sociali relevan\u021bi. De asemenea, fiecare dintre membrii prezen\u021bi va reprezenta obiectivele comune, de exemplu la nivelul institu\u021biilor europene \u0219i al guvernelor statelor membre. Reuniunea de ast\u0103zi a Alian\u021bei marcheaz\u0103, prin urmare, \u00eenceputul activit\u0103\u021bii propriu-zise.\u201d<\/span><\/i><\/p>\n<p><span style=\"font-weight: 400;\">Activitatea Alian\u021bei regiunilor care depind de sectorul autovehiculelor se va concentra pe evaluarea impactului regional al transform\u0103rii industriei autovehiculelor \u0219i a industriei furnizoare, pe sprijinul pentru recalificarea \u0219i perfec\u021bionarea for\u021bei de munc\u0103 regionale, precum \u0219i pe utilizarea combustibililor alternativi. Conform <\/span><a href=\"https:\/\/cor.europa.eu\/ro\/engage\/pages\/automotive-regions-alliance.aspx\"><b>declara\u021biei sale \u00een 10\u00a0puncte<\/b><\/a><span style=\"font-weight: 400;\">, adoptat\u0103 \u00een sesiunea plenar\u0103 a Comitetului European al Regiunilor (CoR) din iunie\u00a02022, alian\u021ba sprijin\u0103 angajamentul de a reduce drastic emisiile de gaze cu efect de ser\u0103 generate de transportul rutier \u0219i solicit\u0103 un cadru de tranzi\u021bie just\u0103 pentru a asigura coeziunea economic\u0103 \u0219i social\u0103 \u00een fiecare regiune european\u0103 produc\u0103toare de autovehicule. \u00cen acest scop, cadrul trebuie s\u0103 includ\u0103 m\u0103suri de sprijin bugetar \u0219i politic \u0219i s\u0103 duc\u0103 la o planificare comun\u0103 a tranzi\u021biei la nivel regional.<\/span><\/p>\n<p><span style=\"font-weight: 400;\">Alian\u021ba sus\u021bine c\u0103 aceast\u0103 cerin\u021b\u0103-cheie trebuie realizat\u0103 prin evalu\u0103ri ale impactului teritorial care s\u0103 abordeze provoc\u0103rile \u0219i oportunit\u0103\u021bile comune pentru regiuni, produc\u0103torii de echipamente originale (OEM) \u0219i, \u00een special, IMM-urile active \u00een industria lan\u021bului de aprovizionare al autovehiculelor, \u0219i ar trebui s\u0103 ajute la recalificarea \u0219i perfec\u021bionarea for\u021bei de munc\u0103 regionale \u0219i la monitorizarea cererii \u0219i ofertei de competen\u021be relevante.\u00a0<\/span><\/p>\n<p><a href=\"https:\/\/cor.europa.eu\/ro\/members\/pages\/memberprofile.aspx?memberid=2037844\"><b>Mar\u00eda Chivite<\/b><\/a><span style=\"font-weight: 400;\"> (ES-PSE), membr\u0103 a CoR \u0219i pre\u0219edinta Guvernului regional din Navarra, a declarat: <\/span><i><span style=\"font-weight: 400;\">\u201ePentru a pune \u00een aplicare o transformare just\u0103, \u00een Navarra punem accentul pe formare. \u00cen plus, prin politici active de ocupare a for\u021bei de munc\u0103, abord\u0103m provocarea pe care o reprezint\u0103 recalificarea. Pentru c\u0103 ne preocup\u0103 ocuparea for\u021bei de munc\u0103. Dar suntem, de asemenea, preocupa\u021bi de adaptarea profilurilor, astfel \u00eenc\u00e2t digitalizarea s\u0103 nu creeze un decalaj social \u0219i de ocupare a for\u021bei de munc\u0103 care s\u0103 duc\u0103 la pierderi de locuri de munc\u0103 \u0219i la inegalit\u0103\u021bi. Fondurile NextGenerationEU reprezint\u0103 o oportunitate, \u00een\u021belegem, de a asuma un angajament pentru anii urm\u0103tori, cu finan\u021bare specific\u0103, pentru a aborda transformarea industriei autovehiculelor.\u201d<\/span><\/i><\/p>\n<p><span style=\"font-weight: 400;\">Cerin\u021bele suplimentare ale alian\u021bei sunt dezvoltarea unui cadru solid de cercetare pentru transformarea industrial\u0103 \u0219i inovarea \u00een industria european\u0103 a autovehiculelor, care s\u0103 ofere flexibilitate \u00een orient\u0103rile privind ajutoarele de stat, pentru a permite regiunilor produc\u0103toare de autovehicule s\u0103 orienteze \u0219i s\u0103 gestioneze aceast\u0103 transformare \u0219i s\u0103 sprijine regiunile s\u0103 instaleze puncte de re\u00eenc\u0103rcare sau de realimentare accesibile publicului. Aceste m\u0103suri vor promova adoptarea vehiculelor cu emisii zero \u0219i vor concentra fondurile de investi\u021bii publice \u0219i private disponibile asupra diferitelor solu\u021bii tehnologice (de exemplu, electrificarea, tehnologiile pe baz\u0103 de hidrogen \u0219i combustibilii sintetici) pentru a asigura competitivitatea \u0219i inovarea industriei europene a autovehiculelor.<\/span><\/p>\n<p><b>Context:<\/b><\/p>\n<p><span style=\"font-weight: 400;\">Alian\u021ba regiunilor care depind de sectorul autovehiculelor este o re\u021bea politic\u0103 de regiuni cu un sector puternic al industriei autovehiculelor \u0219i al aprovizion\u0103rii, care vor fi afectate de tranzi\u021bia c\u0103tre un transport rutier cu emisii zero. Acesta a fost lansat\u0103 de <\/span><a href=\"https:\/\/cor.europa.eu\/ro\"><b>Comitetul European al Regiunilor<\/b><\/a><span style=\"font-weight: 400;\"> \u00een sesiunea sa plenar\u0103 din iunie\u00a02022, pentru a asigura o tranzi\u021bie just\u0103 \u0219i echitabil\u0103 \u00een industria autovehiculelor \u0219i a componentelor pentru autovehicule. Alian\u021ba este un forum deschis pentru toate regiunile afectate de transformare. \u00cen prezent, are 29 de regiuni membre.<\/span><\/p>\n<p><span style=\"font-weight: 400;\">Obiectivul Uniunii Europene de reducere a emisiilor \u00een UE cu cel pu\u021bin 55\u00a0% p\u00e2n\u0103 \u00een\u00a02030 include <\/span><a href=\"https:\/\/ec.europa.eu\/clima\/eu-action\/european-green-deal\/delivering-european-green-deal\/co2-emission-performance-standards-cars-and-vans_en\"><b>regulamentul<\/b><\/a><span style=\"font-weight: 400;\"> Comisiei Europene privind reducerea standardelor privind emisiile de CO<\/span><span style=\"font-weight: 400;\">2<\/span><span style=\"font-weight: 400;\"> pentru autoturisme \u0219i vehiculele utilitare u\u0219oare. O <\/span><a href=\"https:\/\/eur-lex.europa.eu\/legal-content\/RO\/TXT\/?uri=CELEX:52021PC0556\"><b>propunere<\/b><\/a><span style=\"font-weight: 400;\"> recent\u0103 a Parlamentului European de interzicere a autoturismelor cu motoare cu ardere intern\u0103 la nivelul UE \u00eencep\u00e2nd cu\u00a02035, adoptat\u0103 la 8\u00a0iunie\u00a02022, va genera \u0219i mai multe schimb\u0103ri \u00een industria european\u0103 a autovehiculelor \u0219i a componentelor pentru autovehicule. Obiectivul Alian\u021bei regiunilor care depind de sectorul autovehiculelor este, prin urmare, de a se asigura c\u0103 tranzi\u021bia \u00een sectorul autovehiculelor este echitabil\u0103 \u0219i de succes, f\u0103r\u0103 a l\u0103sa \u00een urm\u0103 nicio regiune \u0219i sprijinind totodat\u0103 pe deplin obiectivele climatice ale UE.<\/span><\/p>\n<p>&nbsp;<\/p>\n","protected":false},"excerpt":{"rendered":"<p>Membrii alian\u021bei s-au reunit la Leipzig \u0219i \u0219i &#8211; au prezentat propunerile destinate men\u021binerii sectorului european al autovehiculelor\u00a0 Pentru a face fa\u021b\u0103 cu succes elimin\u0103rii treptate a motoarelor cu combustie \u0219i procesului de digitalizare, regiunile produc\u0103toare de autovehicule din Europa solicit\u0103 un nou mecanism de sprijin al UE cu fonduri specifice, o evaluare adecvat\u0103 a [&hellip;]<\/p>\n","protected":false},"author":1,"featured_media":1215,"comment_status":"open","ping_status":"closed","sticky":false,"template":"","format":"standard","meta":{"_bbp_topic_count":0,"_bbp_reply_count":0,"_bbp_total_topic_count":0,"_bbp_total_reply_count":0,"_bbp_voice_count":0,"_bbp_anonymous_reply_count":0,"_bbp_topic_count_hidden":0,"_bbp_reply_count_hidden":0,"_bbp_forum_subforum_count":0,"footnotes":""},"categories":[84],"tags":[],"_links":{"self":[{"href":"https:\/\/cor.borbolycsaba.ro\/ro\/index.php?rest_route=\/wp\/v2\/posts\/1214"}],"collection":[{"href":"https:\/\/cor.borbolycsaba.ro\/ro\/index.php?rest_route=\/wp\/v2\/posts"}],"about":[{"href":"https:\/\/cor.borbolycsaba.ro\/ro\/index.php?rest_route=\/wp\/v2\/types\/post"}],"author":[{"embeddable":true,"href":"https:\/\/cor.borbolycsaba.ro\/ro\/index.php?rest_route=\/wp\/v2\/users\/1"}],"replies":[{"embeddable":true,"href":"https:\/\/cor.borbolycsaba.ro\/ro\/index.php?rest_route=%2Fwp%2Fv2%2Fcomments&post=1214"}],"version-history":[{"count":2,"href":"https:\/\/cor.borbolycsaba.ro\/ro\/index.php?rest_route=\/wp\/v2\/posts\/1214\/revisions"}],"predecessor-version":[{"id":1217,"href":"https:\/\/cor.borbolycsaba.ro\/ro\/index.php?rest_route=\/wp\/v2\/posts\/1214\/revisions\/1217"}],"wp:featuredmedia":[{"embeddable":true,"href":"https:\/\/cor.borbolycsaba.ro\/ro\/index.php?rest_route=\/wp\/v2\/media\/1215"}],"wp:attachment":[{"href":"https:\/\/cor.borbolycsaba.ro\/ro\/index.php?rest_route=%2Fwp%2Fv2%2Fmedia&parent=1214"}],"wp:term":[{"taxonomy":"category","embeddable":true,"href":"https:\/\/cor.borbolycsaba.ro\/ro\/index.php?rest_route=%2Fwp%2Fv2%2Fcategories&post=1214"},{"taxonomy":"post_tag","embeddable":true,"href":"https:\/\/cor.borbolycsaba.ro\/ro\/index.php?rest_route=%2Fwp%2Fv2%2Ftags&post=1214"}],"curies":[{"name":"wp","href":"https:\/\/api.w.org\/{rel}","templated":true}]}}