{"id":1210,"date":"2022-11-22T08:59:22","date_gmt":"2022-11-22T08:59:22","guid":{"rendered":"https:\/\/cor.borbolycsaba.ro\/ro\/?p=1210"},"modified":"2023-01-09T09:00:29","modified_gmt":"2023-01-09T09:00:29","slug":"regiunile-si-orasele-din-ue-saluta-angajamentul-statelor-membre-de-a-mentine-politica-de-coeziune-ca-pilon-central-al-uniunii","status":"publish","type":"post","link":"https:\/\/cor.borbolycsaba.ro\/ro\/?p=1210","title":{"rendered":"Regiunile \u0219i ora\u0219ele din UE salut\u0103 angajamentul statelor membre de a men\u021bine politica de coeziune ca pilon central al Uniunii\u00a0\u00a0"},"content":{"rendered":"<p>&nbsp;<\/p>\n<p><b>Membrii #CohesionAlliance \u2013 coali\u021bia la nivelul UE format\u0103 din <\/b><a href=\"https:\/\/cor.europa.eu\/ro\/engage\/Pages\/partners.aspx\"><b>12 000 de aderen\u021bi<\/b><\/a><b> care pledeaz\u0103 pentru o politic\u0103 de coeziune mai puternic\u0103 \u2013 reac\u021bioneaz\u0103 la <\/b><a href=\"https:\/\/data.consilium.europa.eu\/doc\/document\/ST-14481-2022-INIT\/ro\/pdf\"><b>concluziile privind politica de coeziune<\/b><\/a><b> adoptate ast\u0103zi de Consiliul Afaceri Generale al UE.<\/b><\/p>\n<p><span style=\"font-weight: 400;\">#CohesionAlliance salut\u0103 concluziile adoptate de Consiliul Afaceri Generale, care subliniaz\u0103 importan\u021ba coeziunii ca principiu, politic\u0103, obiectiv \u0219i pilon al Uniunii Europene, subliniind \u00een acela\u0219i timp c\u0103 coeziunea este o politic\u0103 pe termen lung care ar trebui s\u0103 aduc\u0103 \u00een continuare beneficii tuturor regiunilor UE. De\u0219i a contribuit la atenuarea efectelor crizelor recente, cum ar fi pandemia de COVID-19 \u0219i r\u0103zboiul Rusiei \u00eempotriva Ucrainei, politica de coeziune trebuie s\u0103 r\u0103m\u00e2n\u0103 cea mai important\u0103 politic\u0103 pe termen lung a UE pentru a reduce disparit\u0103\u021bile dintre teritorii.<\/span><\/p>\n<p><span style=\"font-weight: 400;\">Alian\u021ba este preg\u0103tit\u0103 s\u0103 colaboreze cu Comisia European\u0103 \u0219i cu statele membre pentru a defini \u00een continuare principiul de \u201ea nu aduce prejudicii coeziunii\u201d, care ar trebui s\u0103 \u00eempiedice apari\u021bia de noi inegalit\u0103\u021bi \u00een Europa. Consolidarea coeziunii ca valoare global\u0103 a Uniunii Europene este mai stringent\u0103 ca niciodat\u0103.<\/span><\/p>\n<p><span style=\"font-weight: 400;\">#CohesionAlliance salut\u0103 recunoa\u0219terea faptului c\u0103 politica de coeziune ar trebui s\u0103 se bazeze \u00een continuare pe acorduri de gestiune partajat\u0103 \u0219i de parteneriat \u00eentre autorit\u0103\u021bile europene, na\u021bionale, regionale \u0219i locale, cu implicarea p\u0103r\u021bilor interesate de la nivel local. \u00cen plus, Alian\u021ba eviden\u021biaz\u0103 apelul mini\u0219trilor \u00eempotriva multiplic\u0103rii \u0219i fragment\u0103rii instrumentelor de finan\u021bare, pentru a evita riscul suprapunerilor cu politica de coeziune. Apelul preia cererea inclus\u0103 \u00een <\/span><a href=\"https:\/\/cor.europa.eu\/en\/engage\/Documents\/2022%20CohesionAlliance_Declaration.pdf\"><b>noua declara\u021bie<\/b><\/a><span style=\"font-weight: 400;\"> adoptat\u0103 de membrii #CohesionAlliance \u00een octombrie.<\/span><\/p>\n<p><span style=\"font-weight: 400;\">Coali\u021bia de la nivelul UE reaminte\u0219te angajamentul s\u0103u de a simplifica politica de coeziune \u00een viitor \u0219i de a \u00eembun\u0103t\u0103\u021bi eficacitatea acesteia \u0219i rezultatele pozitive pentru cet\u0103\u021benii europeni. Partenerii sunt mobiliza\u021bi pentru punerea \u00een aplicare eficient\u0103 a planurilor de investi\u021bii pentru perioada 2021-2027 \u0219i sunt preg\u0103ti\u021bi s\u0103 contribuie la dezbaterea privind viitorul politicii de coeziune.<\/span><\/p>\n<p><span style=\"font-weight: 400;\">Pre\u0219edintele Comitetului European al Regiunilor, <\/span><a href=\"https:\/\/cor.europa.eu\/ro\/members\/Pages\/memberprofile.aspx?MemberId=2019024\"><b>Vasco\u00a0Alves\u00a0Cordeiro<\/b><\/a><span style=\"font-weight: 400;\">, a afirmat: \u201e<\/span><i><span style=\"font-weight: 400;\">Trebuie s\u0103 intensific\u0103m \u0219i s\u0103 consolid\u0103m principiile de baz\u0103 ale politicii de coeziune ca o politic\u0103 structural\u0103 pe termen lung, pus\u0103 \u00een aplicare \u00een parteneriat cu regiunile \u0219i ora\u0219ele, \u0219i s\u0103 preg\u0103tim, \u00een acela\u0219i timp, o actualizare a politicii, pentru ca aceasta s\u0103 fie mai eficient\u0103 \u0219i mai simplu de pus \u00een aplicare \u00een regiunile \u0219i ora\u0219ele din Europa. Trebuie s\u0103 tragem \u00eenv\u0103\u021b\u0103minte din modul \u00een care politica de coeziune a abordat recenta criz\u0103 cu care s-a confruntat Europa pentru a o preg\u0103ti pentru viitor. Salut angajamentul de ast\u0103zi al statelor membre de a \u00eembun\u0103t\u0103\u021bi coordonarea fondurilor UE orientate c\u0103tre coeziunea Europei. \u00cempreun\u0103, ca parte a noii Alian\u021be pentru coeziune, vom reu\u0219i s\u0103 consolid\u0103m politica de coeziune, care asigur\u0103 progrese \u0219i bun\u0103stare pentru to\u021bi cet\u0103\u021benii din Europa.<\/span><\/i><span style=\"font-weight: 400;\">\u201d<\/span><\/p>\n<p>&nbsp;<\/p>\n","protected":false},"excerpt":{"rendered":"<p>&nbsp; Membrii #CohesionAlliance \u2013 coali\u021bia la nivelul UE format\u0103 din 12 000 de aderen\u021bi care pledeaz\u0103 pentru o politic\u0103 de coeziune mai puternic\u0103 \u2013 reac\u021bioneaz\u0103 la concluziile privind politica de coeziune adoptate ast\u0103zi de Consiliul Afaceri Generale al UE. #CohesionAlliance salut\u0103 concluziile adoptate de Consiliul Afaceri Generale, care subliniaz\u0103 importan\u021ba coeziunii ca principiu, politic\u0103, obiectiv [&hellip;]<\/p>\n","protected":false},"author":1,"featured_media":1211,"comment_status":"open","ping_status":"closed","sticky":false,"template":"","format":"standard","meta":{"_bbp_topic_count":0,"_bbp_reply_count":0,"_bbp_total_topic_count":0,"_bbp_total_reply_count":0,"_bbp_voice_count":0,"_bbp_anonymous_reply_count":0,"_bbp_topic_count_hidden":0,"_bbp_reply_count_hidden":0,"_bbp_forum_subforum_count":0,"footnotes":""},"categories":[84],"tags":[],"_links":{"self":[{"href":"https:\/\/cor.borbolycsaba.ro\/ro\/index.php?rest_route=\/wp\/v2\/posts\/1210"}],"collection":[{"href":"https:\/\/cor.borbolycsaba.ro\/ro\/index.php?rest_route=\/wp\/v2\/posts"}],"about":[{"href":"https:\/\/cor.borbolycsaba.ro\/ro\/index.php?rest_route=\/wp\/v2\/types\/post"}],"author":[{"embeddable":true,"href":"https:\/\/cor.borbolycsaba.ro\/ro\/index.php?rest_route=\/wp\/v2\/users\/1"}],"replies":[{"embeddable":true,"href":"https:\/\/cor.borbolycsaba.ro\/ro\/index.php?rest_route=%2Fwp%2Fv2%2Fcomments&post=1210"}],"version-history":[{"count":2,"href":"https:\/\/cor.borbolycsaba.ro\/ro\/index.php?rest_route=\/wp\/v2\/posts\/1210\/revisions"}],"predecessor-version":[{"id":1213,"href":"https:\/\/cor.borbolycsaba.ro\/ro\/index.php?rest_route=\/wp\/v2\/posts\/1210\/revisions\/1213"}],"wp:featuredmedia":[{"embeddable":true,"href":"https:\/\/cor.borbolycsaba.ro\/ro\/index.php?rest_route=\/wp\/v2\/media\/1211"}],"wp:attachment":[{"href":"https:\/\/cor.borbolycsaba.ro\/ro\/index.php?rest_route=%2Fwp%2Fv2%2Fmedia&parent=1210"}],"wp:term":[{"taxonomy":"category","embeddable":true,"href":"https:\/\/cor.borbolycsaba.ro\/ro\/index.php?rest_route=%2Fwp%2Fv2%2Fcategories&post=1210"},{"taxonomy":"post_tag","embeddable":true,"href":"https:\/\/cor.borbolycsaba.ro\/ro\/index.php?rest_route=%2Fwp%2Fv2%2Ftags&post=1210"}],"curies":[{"name":"wp","href":"https:\/\/api.w.org\/{rel}","templated":true}]}}