{"id":1204,"date":"2022-11-30T08:39:38","date_gmt":"2022-11-30T08:39:38","guid":{"rendered":"https:\/\/cor.borbolycsaba.ro\/ro\/?p=1204"},"modified":"2023-01-09T08:41:04","modified_gmt":"2023-01-09T08:41:04","slug":"editia-2024-a-premiului-regiune-europeana-intreprinzatoare-perioada-de-depunere-a-candidaturilor-este-deschisa-pentru-orasele-si-regiunile-care-promoveaza-o-crestere-durabila-rezil","status":"publish","type":"post","link":"https:\/\/cor.borbolycsaba.ro\/ro\/?p=1204","title":{"rendered":"Edi\u021bia 2024 a premiului \u201eRegiune european\u0103 \u00eentreprinz\u0103toare\u201d: perioada de depunere a candidaturilor este deschis\u0103 pentru ora\u0219ele \u0219i regiunile care promoveaz\u0103 o cre\u0219tere durabil\u0103, rezilient\u0103 \u0219i digital\u0103\u00a0\u00a0"},"content":{"rendered":"<p dir=\"ltr\" style=\"line-height: 1.295; text-align: justify; margin-top: 0pt; margin-bottom: 8pt;\"><span style=\"font-size: 11pt; font-family: Calibri,sans-serif; color: #000000; background-color: transparent; font-weight: bold; font-style: normal; font-variant: normal; text-decoration: none; vertical-align: baseline; white-space: pre-wrap;\">Ora\u0219ele, regiunile \u0219i comunele europene care doresc s\u0103 \u00ee\u0219i prezinte, s\u0103 \u00ee\u0219i \u00eemp\u0103rt\u0103\u0219easc\u0103 \u0219i s\u0103 \u00ee\u0219i \u00eembog\u0103\u021beasc\u0103 strategia \u0219i experien\u021ba \u00een ceea ce prive\u0219te promovarea cre\u0219terii durabile se pot \u00eenscrie acum la edi\u021bia din 2024 a premiului \u201eRegiune european\u0103 \u00eentreprinz\u0103toare\u201d (REI), promovat de Comitetul European al Regiunilor (CoR). \u00cen cadrul temei generale \u201eOra\u0219e \u0219i regiuni pe calea c\u0103tre o cre\u0219tere durabil\u0103, rezilient\u0103 \u0219i digital\u0103\u201d, REI 2024 va eviden\u021bia ac\u021biunile locale \u0219i regionale care sprijin\u0103, \u00een urm\u0103torii doi ani, tranzi\u021bia verde \u0219i digital\u0103 a IMM-urilor, consolid\u00e2nd competitivitatea \u0219i rezilien\u021ba pe termen lung a economiilor lor locale. Autorit\u0103\u021bile locale \u0219i regionale \u00ee\u0219i pot prezenta strategiile p\u00e2n\u0103 la 29 martie 2023.<\/span><\/p>\n<p dir=\"ltr\" style=\"line-height: 1.295; text-align: justify; margin-top: 0pt; margin-bottom: 8pt;\"><span style=\"font-size: 11pt; font-family: Calibri,sans-serif; color: #000000; background-color: transparent; font-weight: 400; font-style: normal; font-variant: normal; text-decoration: none; vertical-align: baseline; white-space: pre-wrap;\">Lansarea cererii de candidaturi pentru premiul REI 2024 a fost anun\u021bat\u0103 \u00een cadrul <\/span><a style=\"text-decoration: none;\" href=\"https:\/\/single-market-economy.ec.europa.eu\/smes\/sme-strategy\/sme-assembly_en\"><span style=\"font-size: 11pt; font-family: Calibri,sans-serif; color: #0563c1; background-color: transparent; font-weight: bold; font-style: normal; font-variant: normal; text-decoration: underline; -webkit-text-decoration-skip: none; text-decoration-skip-ink: none; vertical-align: baseline; white-space: pre-wrap;\">Adun\u0103rii IMM-urilor<\/span><\/a><span style=\"font-size: 11pt; font-family: Calibri,sans-serif; color: #000000; background-color: transparent; font-weight: 400; font-style: normal; font-variant: normal; text-decoration: none; vertical-align: baseline; white-space: pre-wrap;\"> de la Praga, cel mai important eveniment dedicat \u00eentreprinderilor mici \u0219i mijlocii (IMM-uri) din Europa, organizat de Comisia European\u0103 \u00eempreun\u0103 cu Pre\u0219edin\u021bia ceh\u0103 a Consiliului UE.<\/span><\/p>\n<p dir=\"ltr\" style=\"line-height: 1.295; text-align: justify; margin-top: 0pt; margin-bottom: 8pt;\"><span style=\"font-size: 11pt; font-family: Calibri,sans-serif; color: #000000; background-color: transparent; font-weight: 400; font-style: normal; font-variant: normal; text-decoration: none; vertical-align: baseline; white-space: pre-wrap;\">Pre\u0219edintele Comitetului European al Regiunilor, <\/span><a style=\"text-decoration: none;\" href=\"https:\/\/cor.europa.eu\/ro\/about\/president\/Pages\/president.aspx\"><span style=\"font-size: 11pt; font-family: Calibri,sans-serif; color: #0563c1; background-color: transparent; font-weight: bold; font-style: normal; font-variant: normal; text-decoration: underline; -webkit-text-decoration-skip: none; text-decoration-skip-ink: none; vertical-align: baseline; white-space: pre-wrap;\">Vasco Alves Cordeiro<\/span><\/a><span style=\"font-size: 11pt; font-family: Calibri,sans-serif; color: #000000; background-color: transparent; font-weight: 400; font-style: normal; font-variant: normal; text-decoration: none; vertical-align: baseline; white-space: pre-wrap;\">, a declarat: \u201e<\/span><span style=\"font-size: 11pt; font-family: Calibri,sans-serif; color: #000000; background-color: transparent; font-weight: 400; font-style: italic; font-variant: normal; text-decoration: none; vertical-align: baseline; white-space: pre-wrap;\">Comitetul European al Regiunilor \u0219i membrii acestuia cred cu t\u0103rie \u00een puterea ac\u021biunilor ascendente de sprijinire a antreprenoriatului, contribuind astfel la o economie mai inovatoare, durabil\u0103 \u0219i digital\u0103 \u00een Europa, axat\u0103 asupra bun\u0103st\u0103rii cet\u0103\u021benilor \u0219i a mediului.\u00abRegiune european\u0103 \u00eentreprinz\u0103toare\u00bb a devenit o marc\u0103 de excelen\u021b\u0103 recunoscut\u0103, conect\u00e2nd regiunile care \u00eemp\u0103rt\u0103\u0219esc aceea\u0219i viziune \u00eentr-o re\u021bea european\u0103 \u0219i sprijinind colaborarea acestora \u0219i schimbul de bune practici la nivel transfrontalier.<\/span><span style=\"font-size: 11pt; font-family: Calibri,sans-serif; color: #000000; background-color: transparent; font-weight: 400; font-style: normal; font-variant: normal; text-decoration: none; vertical-align: baseline; white-space: pre-wrap;\">\u201d<\/span><\/p>\n<p dir=\"ltr\" style=\"line-height: 1.295; text-align: justify; margin-top: 0pt; margin-bottom: 8pt;\"><span style=\"font-size: 11pt; font-family: Calibri,sans-serif; color: #000000; background-color: transparent; font-weight: 400; font-style: normal; font-variant: normal; text-decoration: none; vertical-align: baseline; white-space: pre-wrap;\">Sprijinirea IMM-urilor \u0219i a activit\u0103\u021bilor antreprenoriale ascendente reprezint\u0103 una dintre priorit\u0103\u021bile Comitetului European al Regiunilor. Prin ini\u021biativa REI, CoR contribuie la punerea \u00een aplicare a <\/span><a style=\"text-decoration: none;\" href=\"https:\/\/single-market-economy.ec.europa.eu\/smes\/sme-strategy_en\"><span style=\"font-size: 11pt; font-family: Calibri,sans-serif; color: #0563c1; background-color: transparent; font-weight: bold; font-style: normal; font-variant: normal; text-decoration: underline; -webkit-text-decoration-skip: none; text-decoration-skip-ink: none; vertical-align: baseline; white-space: pre-wrap;\">Strategiei UE pentru IMM-uri<\/span><\/a><span style=\"font-size: 11pt; font-family: Calibri,sans-serif; color: #000000; background-color: transparent; font-weight: 400; font-style: normal; font-variant: normal; text-decoration: none; vertical-align: baseline; white-space: pre-wrap;\"> \u0219i a priorit\u0103\u021bilor-cheie ale agendei strategice a UE pentru perioada 2019-2024 la nivel regional \u0219i local. Titlul REI reprezint\u0103 o oportunitate pentru actorii locali \u0219i regionali de a demonstra rolul esen\u021bial pe care \u00eel joac\u0103 IMM-urile \u0219i antreprenorii \u00een orientarea economiei UE c\u0103tre o tranzi\u021bie verde \u0219i digital\u0103 \u0219i \u00een consolidarea rezilien\u021bei economiei \u00eentr-un peisaj geopolitic \u00een schimbare rapid\u0103. Aceast\u0103 activitate este \u0219i mai important\u0103 \u00een scenariul actual, astfel cum au subliniat liderii regionali \u0219i locali \u00een cadrul unei <\/span><a style=\"text-decoration: none;\" href=\"https:\/\/cor.europa.eu\/ro\/news\/Pages\/ECON-meeting-22-23-September.aspx\"><span style=\"font-size: 11pt; font-family: Calibri,sans-serif; color: #0563c1; background-color: transparent; font-weight: bold; font-style: normal; font-variant: normal; text-decoration: underline; -webkit-text-decoration-skip: none; text-decoration-skip-ink: none; vertical-align: baseline; white-space: pre-wrap;\">reuniuni<\/span><\/a><span style=\"font-size: 11pt; font-family: Calibri,sans-serif; color: #000000; background-color: transparent; font-weight: 400; font-style: normal; font-variant: normal; text-decoration: none; vertical-align: baseline; white-space: pre-wrap;\"> a Comisiei pentru politica economic\u0103 a CoR, care a avut loc la Zwolle, la 22 \u0219i 23\u00a0septembrie, \u00een cadrul c\u0103reia membrii CoR au solicitat de urgen\u021b\u0103 m\u0103suri de sprijin din partea UE pentru a ajuta \u00eentreprinderile s\u0103 fac\u0103 fa\u021b\u0103 consecin\u021belor cre\u0219terii puternice a pre\u021burilor la energie, infla\u021biei \u0219i blocajelor din lan\u021bul de aprovizionare, reamintind, \u00een acela\u0219i timp, c\u0103 obiectivele pe termen lung ale UE privind tranzi\u021bia verde \u0219i cea digital\u0103 vor fi atinse numai \u00een situa\u021bia \u00een care cadrul de politic\u0103 al UE este pe deplin adecvat pentru IMM-uri \u0219i este sus\u021binut printr-o finan\u021bare solid\u0103.\u00a0<\/span><\/p>\n<p dir=\"ltr\" style=\"line-height: 1.295; text-align: justify; margin-top: 0pt; margin-bottom: 8pt;\"><span style=\"font-size: 11pt; font-family: Calibri,sans-serif; color: #000000; background-color: transparent; font-weight: 400; font-style: normal; font-variant: normal; text-decoration: none; vertical-align: baseline; white-space: pre-wrap;\">Detalii \u0219i informa\u021bii privind modul de \u00eenscriere la edi\u021bia 2024 a premiului REI sunt disponibile <\/span><a style=\"text-decoration: none;\" href=\"https:\/\/cor.europa.eu\/en\/engage\/Documents\/How%20to%20apply.pdf\"><span style=\"font-size: 11pt; font-family: Calibri,sans-serif; color: #0563c1; background-color: transparent; font-weight: bold; font-style: normal; font-variant: normal; text-decoration: underline; -webkit-text-decoration-skip: none; text-decoration-skip-ink: none; vertical-align: baseline; white-space: pre-wrap;\">aici<\/span><\/a><span style=\"font-size: 11pt; font-family: Calibri,sans-serif; color: #000000; background-color: transparent; font-weight: 400; font-style: normal; font-variant: normal; text-decoration: none; vertical-align: baseline; white-space: pre-wrap;\"> \u0219i pe <\/span><a style=\"text-decoration: none;\" href=\"https:\/\/cor.europa.eu\/ro\/engage\/Pages\/european-entrepreneurial-region.aspx?utm_source=SharedLink&amp;utm_medium=ShortURL&amp;utm_campaign=EER2020\"><span style=\"font-size: 11pt; font-family: Calibri,sans-serif; color: #0563c1; background-color: transparent; font-weight: bold; font-style: normal; font-variant: normal; text-decoration: underline; -webkit-text-decoration-skip: none; text-decoration-skip-ink: none; vertical-align: baseline; white-space: pre-wrap;\">pagina de internet dedicat\u0103 acestei teme<\/span><\/a><span style=\"font-size: 11pt; font-family: Calibri,sans-serif; color: #000000; background-color: transparent; font-weight: 400; font-style: normal; font-variant: normal; text-decoration: none; vertical-align: baseline; white-space: pre-wrap;\">.<\/span><\/p>\n<p dir=\"ltr\" style=\"line-height: 1.295; text-align: justify; margin-top: 0pt; margin-bottom: 8pt;\"><span style=\"font-size: 11pt; font-family: Calibri,sans-serif; color: #000000; background-color: transparent; font-weight: bold; font-style: normal; font-variant: normal; text-decoration: none; vertical-align: baseline; white-space: pre-wrap;\">Informa\u021bii suplimentare:<\/span><\/p>\n<p dir=\"ltr\" style=\"line-height: 1.295; text-align: justify; margin-top: 0pt; margin-bottom: 8pt;\"><span style=\"font-size: 11pt; font-family: Calibri,sans-serif; color: #000000; background-color: transparent; font-weight: 400; font-style: normal; font-variant: normal; text-decoration: none; vertical-align: baseline; white-space: pre-wrap;\">Premiul \u201eRegiune european\u0103 \u00eentreprinz\u0103toare\u201d (REI) este un proiect care identific\u0103 \u0219i recompenseaz\u0103 \u00een fiecare an p\u00e2n\u0103 la trei teritorii ale UE cu o strategie politic\u0103 antreprenorial\u0103 de excep\u021bie \u0219i inovatoare, indiferent de m\u0103rimea lor, de nivelul lor de prosperitate sau de competen\u021bele lor specifice. Teritoriile care prezint\u0103 planul cel mai credibil, orientat c\u0103tre viitor \u0219i promi\u021b\u0103tor sunt distinse cu titlul \u201eRegiune european\u0103 \u00eentreprinz\u0103toare\u201d pentru anul urm\u0103tor.<\/span><\/p>\n<p dir=\"ltr\" style=\"line-height: 1.295; text-align: justify; margin-top: 0pt; margin-bottom: 8pt;\"><span style=\"font-size: 11pt; font-family: Calibri,sans-serif; color: #000000; background-color: transparent; font-weight: 400; font-style: normal; font-variant: normal; text-decoration: none; vertical-align: baseline; white-space: pre-wrap;\">Titlul REI a fost instituit \u00een parteneriat cu Comisia European\u0103 \u0219i beneficiaz\u0103 de sprijinul mai multor p\u0103r\u021bi interesate de la nivelul UE, cum ar fi <\/span><a style=\"text-decoration: none;\" href=\"https:\/\/smeunited.eu\/\"><span style=\"font-size: 11pt; font-family: Calibri,sans-serif; color: #0563c1; background-color: transparent; font-weight: bold; font-style: normal; font-variant: normal; text-decoration: underline; -webkit-text-decoration-skip: none; text-decoration-skip-ink: none; vertical-align: baseline; white-space: pre-wrap;\">SME United<\/span><\/a><span style=\"font-size: 11pt; font-family: Calibri,sans-serif; color: #000000; background-color: transparent; font-weight: 400; font-style: normal; font-variant: normal; text-decoration: none; vertical-align: baseline; white-space: pre-wrap;\">, <\/span><a style=\"text-decoration: none;\" href=\"http:\/\/www.eurochambres.eu\/\"><span style=\"font-size: 11pt; font-family: Calibri,sans-serif; color: #0563c1; background-color: transparent; font-weight: bold; font-style: normal; font-variant: normal; text-decoration: underline; -webkit-text-decoration-skip: none; text-decoration-skip-ink: none; vertical-align: baseline; white-space: pre-wrap;\">Asocia\u021bia camerelor europene de comer\u021b \u0219i industrie \u2013 Eurochambres<\/span><\/a><span style=\"font-size: 11pt; font-family: Calibri,sans-serif; color: #000000; background-color: transparent; font-weight: 400; font-style: normal; font-variant: normal; text-decoration: none; vertical-align: baseline; white-space: pre-wrap;\">, <\/span><a style=\"text-decoration: none;\" href=\"http:\/\/www.socialeconomy.eu.org\/\"><span style=\"font-size: 11pt; font-family: Calibri,sans-serif; color: #0563c1; background-color: transparent; font-weight: bold; font-style: normal; font-variant: normal; text-decoration: underline; -webkit-text-decoration-skip: none; text-decoration-skip-ink: none; vertical-align: baseline; white-space: pre-wrap;\">Social Economy Europe (Europa Economiei Sociale)<\/span><\/a><span style=\"font-size: 11pt; font-family: Calibri,sans-serif; color: #000000; background-color: transparent; font-weight: 400; font-style: normal; font-variant: normal; text-decoration: none; vertical-align: baseline; white-space: pre-wrap;\"> \u0219i <\/span><a style=\"text-decoration: none;\" href=\"http:\/\/www.eurada.org\/\"><span style=\"font-size: 11pt; font-family: Calibri,sans-serif; color: #0563c1; background-color: transparent; font-weight: bold; font-style: normal; font-variant: normal; text-decoration: underline; -webkit-text-decoration-skip: none; text-decoration-skip-ink: none; vertical-align: baseline; white-space: pre-wrap;\">EURADA<\/span><\/a><span style=\"font-size: 11pt; font-family: Calibri,sans-serif; color: #000000; background-color: transparent; font-weight: 400; font-style: normal; font-variant: normal; text-decoration: none; vertical-align: baseline; white-space: pre-wrap;\">.<\/span><\/p>\n<p dir=\"ltr\" style=\"line-height: 1.295; text-align: justify; margin-top: 0pt; margin-bottom: 8pt;\"><span style=\"font-size: 11pt; font-family: Calibri,sans-serif; color: #000000; background-color: transparent; font-weight: 400; font-style: normal; font-variant: normal; text-decoration: none; vertical-align: baseline; white-space: pre-wrap;\">C\u00e2\u0219tig\u0103torii <\/span><a style=\"text-decoration: none;\" href=\"https:\/\/cor.europa.eu\/ro\/news\/Pages\/eer-award.aspx\"><span style=\"font-size: 11pt; font-family: Calibri,sans-serif; color: #0563c1; background-color: transparent; font-weight: bold; font-style: normal; font-variant: normal; text-decoration: underline; -webkit-text-decoration-skip: none; text-decoration-skip-ink: none; vertical-align: baseline; white-space: pre-wrap;\">premiilor REI 2023<\/span><\/a><span style=\"font-size: 11pt; font-family: Calibri,sans-serif; color: #000000; background-color: transparent; font-weight: 400; font-style: normal; font-variant: normal; text-decoration: none; vertical-align: baseline; white-space: pre-wrap;\"> sunt: Barcelona (Spania), Penela (Portugalia) \u0219i Pomerania de Vest (Polonia).<\/span><\/p>\n<p dir=\"ltr\" style=\"line-height: 1.295; text-align: justify; margin-top: 0pt; margin-bottom: 8pt;\"><span style=\"font-size: 11pt; font-family: Calibri,sans-serif; color: #000000; background-color: transparent; font-weight: 400; font-style: normal; font-variant: normal; text-decoration: none; vertical-align: baseline; white-space: pre-wrap;\">C\u00e2\u0219tig\u0103torii edi\u021biei din 2024 vor fi anun\u021ba\u021bi \u00een cadrul sesiunii plenare a CoR din iulie 2023.<\/span><\/p>\n<p dir=\"ltr\" style=\"line-height: 1.295; text-align: justify; margin-top: 0pt; margin-bottom: 8pt;\"><span style=\"font-size: 11pt; font-family: Calibri,sans-serif; color: #000000; background-color: transparent; font-weight: 400; font-style: normal; font-variant: normal; text-decoration: none; vertical-align: baseline; white-space: pre-wrap;\">Mai multe informa\u021bii despre premiul \u201eRegiune european\u0103 \u00eentreprinz\u0103toare\u201d, inclusiv o list\u0103 a c\u00e2\u0219tig\u0103torilor edi\u021biilor anterioare, \u00eencep\u00e2nd din 2011, sunt disponibile <\/span><a style=\"text-decoration: none;\" href=\"https:\/\/cor.europa.eu\/ro\/engage\/Pages\/european-entrepreneurial-region.aspx?utm_source=SharedLink&amp;utm_medium=ShortURL&amp;utm_campaign=EER2020\"><span style=\"font-size: 11pt; font-family: Calibri,sans-serif; color: #0563c1; background-color: transparent; font-weight: bold; font-style: normal; font-variant: normal; text-decoration: underline; -webkit-text-decoration-skip: none; text-decoration-skip-ink: none; vertical-align: baseline; white-space: pre-wrap;\">aici<\/span><\/a><span style=\"font-size: 11pt; font-family: Calibri,sans-serif; color: #000000; background-color: transparent; font-weight: 400; font-style: normal; font-variant: normal; text-decoration: none; vertical-align: baseline; white-space: pre-wrap;\">.<\/span><\/p>\n<p><span id=\"docs-internal-guid-51984e25-7fff-1611-1079-376f51da421e\">\u00a0<\/span><\/p>\n","protected":false},"excerpt":{"rendered":"<p>Ora\u0219ele, regiunile \u0219i comunele europene care doresc s\u0103 \u00ee\u0219i prezinte, s\u0103 \u00ee\u0219i \u00eemp\u0103rt\u0103\u0219easc\u0103 \u0219i s\u0103 \u00ee\u0219i \u00eembog\u0103\u021beasc\u0103 strategia \u0219i experien\u021ba \u00een ceea ce prive\u0219te promovarea cre\u0219terii durabile se pot \u00eenscrie acum la edi\u021bia din 2024 a premiului \u201eRegiune european\u0103 \u00eentreprinz\u0103toare\u201d (REI), promovat de Comitetul European al Regiunilor (CoR). \u00cen cadrul temei generale \u201eOra\u0219e \u0219i regiuni [&hellip;]<\/p>\n","protected":false},"author":1,"featured_media":1205,"comment_status":"open","ping_status":"closed","sticky":false,"template":"","format":"standard","meta":{"_bbp_topic_count":0,"_bbp_reply_count":0,"_bbp_total_topic_count":0,"_bbp_total_reply_count":0,"_bbp_voice_count":0,"_bbp_anonymous_reply_count":0,"_bbp_topic_count_hidden":0,"_bbp_reply_count_hidden":0,"_bbp_forum_subforum_count":0,"footnotes":""},"categories":[84],"tags":[],"_links":{"self":[{"href":"https:\/\/cor.borbolycsaba.ro\/ro\/index.php?rest_route=\/wp\/v2\/posts\/1204"}],"collection":[{"href":"https:\/\/cor.borbolycsaba.ro\/ro\/index.php?rest_route=\/wp\/v2\/posts"}],"about":[{"href":"https:\/\/cor.borbolycsaba.ro\/ro\/index.php?rest_route=\/wp\/v2\/types\/post"}],"author":[{"embeddable":true,"href":"https:\/\/cor.borbolycsaba.ro\/ro\/index.php?rest_route=\/wp\/v2\/users\/1"}],"replies":[{"embeddable":true,"href":"https:\/\/cor.borbolycsaba.ro\/ro\/index.php?rest_route=%2Fwp%2Fv2%2Fcomments&post=1204"}],"version-history":[{"count":1,"href":"https:\/\/cor.borbolycsaba.ro\/ro\/index.php?rest_route=\/wp\/v2\/posts\/1204\/revisions"}],"predecessor-version":[{"id":1206,"href":"https:\/\/cor.borbolycsaba.ro\/ro\/index.php?rest_route=\/wp\/v2\/posts\/1204\/revisions\/1206"}],"wp:featuredmedia":[{"embeddable":true,"href":"https:\/\/cor.borbolycsaba.ro\/ro\/index.php?rest_route=\/wp\/v2\/media\/1205"}],"wp:attachment":[{"href":"https:\/\/cor.borbolycsaba.ro\/ro\/index.php?rest_route=%2Fwp%2Fv2%2Fmedia&parent=1204"}],"wp:term":[{"taxonomy":"category","embeddable":true,"href":"https:\/\/cor.borbolycsaba.ro\/ro\/index.php?rest_route=%2Fwp%2Fv2%2Fcategories&post=1204"},{"taxonomy":"post_tag","embeddable":true,"href":"https:\/\/cor.borbolycsaba.ro\/ro\/index.php?rest_route=%2Fwp%2Fv2%2Ftags&post=1204"}],"curies":[{"name":"wp","href":"https:\/\/api.w.org\/{rel}","templated":true}]}}