{"id":1201,"date":"2022-12-01T07:23:35","date_gmt":"2022-12-01T07:23:35","guid":{"rendered":"https:\/\/cor.borbolycsaba.ro\/ro\/?p=1201"},"modified":"2023-01-09T08:24:59","modified_gmt":"2023-01-09T08:24:59","slug":"comitetul-european-al-regiunilor-si-forumul-european-de-tineret-isi-unesc-fortele-pentru-a-stimula-participarea-tinerilor","status":"publish","type":"post","link":"https:\/\/cor.borbolycsaba.ro\/ro\/?p=1201","title":{"rendered":"Comitetul European al Regiunilor \u0219i Forumul European de Tineret \u00ee\u0219i unesc for\u021bele pentru a stimula participarea tinerilor \u00a0"},"content":{"rendered":"<p><i><span style=\"font-weight: 400;\">Carta privind tineretul \u0219i democra\u021bia, lansat\u0103 recent, elaborat\u0103 \u00eempreun\u0103 cu tinerii \u0219i organiza\u021biile de tineret, prezint\u0103 49 de recomand\u0103ri pentru nivelurile european, na\u021bional \u0219i subna\u021bional.<\/span><\/i><span style=\"font-weight: 400;\">\u00a0<\/span><\/p>\n<p><b>Accelerarea educa\u021biei civice, sc\u0103derea v\u00e2rstei de vot \u0219i sprijinirea tinerilor pentru a candida la alegeri, stabilirea de mecanisme de consultare permanente cu tinerii, supunerea legisla\u021biei noi la un test al tineretului, consolidarea programelor UE pentru tineri, acestea sunt doar c\u00e2teva dintre recomand\u0103rile <\/b><a href=\"https:\/\/cor.europa.eu\/ro\/our-work\/Pages\/charter-youth-democracy.aspx\"><b>Cartei privind tineretul \u0219i democra\u021bia<\/b><\/a><b>. Carta se bucur\u0103 de sprijinul Comitetului European al Regiunilor (CoR) \u0219i al Forumului European de Tineret \u0219i a fost elaborat\u0103 \u00een comun \u00een cadrul unui proces ascendent, \u00eempreun\u0103 cu reprezentan\u021bi ai organiza\u021biilor de tineret \u0219i cu tineri reprezentan\u021bi ale\u0219i la nivel local \u0219i regional din \u00eentreaga UE; a fost semnat\u0103 \u00een cadrul sesiunii plenare a CoR din 1 decembrie, \u00een cadrul unei dezbateri privind tineretul \u0219i viitorul Europei.<\/b><\/p>\n<p><span style=\"font-weight: 400;\">Carta prezint\u0103 <\/span><a href=\"https:\/\/cor.europa.eu\/en\/our-work\/Documents\/4856_EU%20Charter%20on%20Youth%20and%20Democracy_N.pdf\"><b>49 de recomand\u0103ri<\/b><\/a><span style=\"font-weight: 400;\"> menite s\u0103 faciliteze \u0219i s\u0103 consolideze participarea democratic\u0103 a tinerilor la nivel local, regional, na\u021bional \u0219i european. Scopul acesteia este s\u0103 construiasc\u0103 \u0219i s\u0103 consolideze un spa\u021biu democratic favorabil tinerilor, pentru a asigura reprezentarea oficial\u0103, constant\u0103 \u0219i permanent\u0103 a acestora \u00een Uniunea European\u0103. Carta a fost semnat\u0103 \u00een timpul dezbaterii care marcheaz\u0103 \u00eencheierea<\/span><a href=\"https:\/\/youth.europa.eu\/year-of-youth_ro\"><b>Anului european al tineretului<\/b><\/a><span style=\"font-weight: 400;\"> 2022, care a inclus un schimb de opinii cu <\/span><b>Margaritis Schinas<\/b><span style=\"font-weight: 400;\">, vicepre\u0219edinte al Comisiei Europene pentru promovarea modului nostru de via\u021b\u0103 european, cu reprezentan\u021bi ai sec\u021biunilor de tineret ale partidelor politice europene \u0219i cu membri ai programului CoR<\/span><a href=\"https:\/\/cor.europa.eu\/ro\/engage\/Pages\/Yeps.aspx\"><b>\u201eTineri politicieni ale\u0219i\u201d<\/b><\/a><span style=\"font-weight: 400;\">. Cu ocazia Anului european al tineretului au fost prezentate, de asemenea, pove\u0219ti de succes ale <\/span><a href=\"https:\/\/www.youthforum.org\/topics\/youthcapital\"><b>Capitalelor europene ale tineretului<\/b><\/a><span style=\"font-weight: 400;\"> 2023 \u0219i 2024, Lublin (Polonia) \u0219i Gent (Belgia), celebr\u00e2nd \u00een acela\u0219i timp titlul din 2025 acordat ora\u0219ului Liov (Ucraina).\u00a0<\/span><\/p>\n<p><b>Vasco Alves Cordeiro<\/b><span style=\"font-weight: 400;\">, pre\u0219edintele Comitetului European al Regiunilor \u0219i membru al Parlamentului regional a Insulelor Azore, a declarat: \u201e<\/span><i><span style=\"font-weight: 400;\">Carta privind tineretul \u0219i democra\u021bia, aprobat\u0103 oficial ast\u0103zi de Comitetul European al Regiunilor, este rezultatul unui proces de creare \u00een comun care reune\u0219te tineri, asocia\u021bii de tineret, tineri politicieni de la nivel local, precum \u0219i reprezentan\u021bi locali \u0219i regionali. Aceast\u0103 cart\u0103 este un ghid pentru noi, dar \u0219i pentru toate autorit\u0103\u021bile publice de la nivel local, regional, na\u021bional \u0219i european, pentru a continua s\u0103 colabor\u0103m cu tinerii pentru o mai bun\u0103 participare, o mai mare responsabilizare \u0219i, mai ales, pentru asigurarea drepturilor lor politice, sociale \u0219i economice, pentru a face societ\u0103\u021bile \u0219i teritoriile noastre mai bune pentru viitor.\u201d<\/span><\/i><\/p>\n<p><b>Silja Markkula<\/b><span style=\"font-weight: 400;\">, pre\u0219edinta Forumului European de Tineret, a spus: <\/span><i><span style=\"font-weight: 400;\">\u201eCarta privind tineretul \u0219i democra\u021bia aprofundeaz\u0103 cooperarea dintre autorit\u0103\u021bile locale \u0219i regionale \u0219i tinerii pe care \u00eei reprezint\u0103. Avem nevoie de spa\u021bii democratice mai numeroase \u0219i mai bune, \u00een care tinerii s\u0103 se simt\u0103 \u00een siguran\u021b\u0103 pentru a se implica \u00een consolidarea comunit\u0103\u021bii \u0219i \u00een democra\u021bie, at\u00e2t online, c\u00e2t \u0219i offline. Sunt m\u00e2ndr\u0103 de carta pe care o semn\u0103m ast\u0103zi, la care au contribuit diverse organiza\u021bii de tineret. Acesta este punctul de pornire nu doar pentru implicarea semnificativ\u0103 a tinerilor la nivel local, na\u021bional \u0219i european, ci \u0219i un exemplu al modului \u00een care tinerii \u0219i institu\u021biile europene pot colabora pentru a spori num\u0103rul de reprezentan\u021bi ai tinerilor \u0219i contribu\u021biile lor.\u201d<\/span><\/i><\/p>\n<p><b>Margaritis Schinas, <\/b><span style=\"font-weight: 400;\">vice-pre\u0219edinte al Comisiei Europene, a spus: <\/span><i><span style=\"font-weight: 400;\">\u201eAnul european al tineretului 2022 a dus la realiz\u0103ri esen\u021biale. \u00cen prezent, activit\u0103\u021bile care vizeaz\u0103 participarea \u0219i sensibilizarea ajung la un public de peste 150 de milioane de europeni. Mai mult de 7700 de activit\u0103\u021bi sunt cartografiate pe Portalul european pentru tineret. Anul viitor va fi Anul european al competen\u021belor, care va putea s\u0103 valorifice succesele Anului european al tineretului 2022, care a avut ca scop s\u0103 capaciteze, s\u0103 onoreze, s\u0103 sprijine \u0219i s\u0103 implice tinerii, inclusiv pe cei cu mai pu\u021bine oportunit\u0103\u021bi.\u201d<\/span><\/i><\/p>\n<p><span style=\"font-weight: 400;\">\u00cen cadrul dezbaterii, membrii CoR \u0219i-au adoptat recomand\u0103rile privind viitorul politicii UE pentru tineret, cu un <\/span><a href=\"https:\/\/cor.europa.eu\/ro\/our-work\/Pages\/OpinionTimeline.aspx?opId=CDR-2752-2022\"><b>aviz<\/b><\/a><span style=\"font-weight: 400;\"> care solicit\u0103 o reflec\u021bie nou\u0103 \u0219i holistic\u0103 asupra politicii pentru tineret, integrarea perspectivei tinerilor \u00een toate domeniile de politic\u0103 \u0219i o participare activ\u0103 a tinerilor la construirea viitorului Europei. Raportoarea <\/span><b>Tine Radinja<\/b><span style=\"font-weight: 400;\"> (SI-Grupul verzilor), primarul ora\u0219ului \u0160kofja Loka, a spus: \u201e<\/span><i><span style=\"font-weight: 400;\">Avizul \u00ab\u00a0Viitorul politicii de tineret \u00een UE\u00a0\u00bb reprezint\u0103 contribu\u021bia CoR la rezultatele pe plan politic ale Anului european al tineretului. Prin acest aviz sus\u021binem o abordare transversal\u0103 \u0219i cuprinz\u0103toare a domeniului tineretului \u0219i abord\u0103m numeroasele domenii de politic\u0103 importante pentru tineri, de la educa\u021bie \u0219i ocuparea for\u021bei de munc\u0103 la locuin\u021be \u0219i securitate social\u0103, precum \u0219i tranzi\u021bia verde \u0219i cea digital\u0103. Solicit\u0103m includerea perspectivelor tinerilor \u00een toate domeniile de politic\u0103, aceasta fiind o realizare important\u0103 a Anului.<\/span><\/i><span style=\"font-weight: 400;\">\u201d<\/span><\/p>\n<p><span style=\"font-weight: 400;\">Procesul de cocreare a Cartei privind tineretul \u0219i democra\u021bia a fost lansat \u00een martie 2022 cu ocazia celui de-al <\/span><a href=\"https:\/\/cor.europa.eu\/ro\/summits\/2022\"><b>9-lea Summit al regiunilor \u0219i ora\u0219elor de la Marsilia<\/b><\/a><span style=\"font-weight: 400;\">, de c\u0103tre fostul pre\u0219edinte al CoR, actualul prim-vicepre\u0219edinte <\/span><b>Apostolos\u00a0Tzitzikostas<\/b><span style=\"font-weight: 400;\">, care a declarat: \u201ePentru a-i capacita pe tineri s\u0103 rezolve crizele actuale \u0219i viitoare, ace\u0219tia trebuie s\u0103 fie implica\u021bi c\u00e2t mai devreme posibil \u00een guvernan\u021ba unei lumi globalizate. Implicarea tinerilor trebuie garantat\u0103 prin acte concrete: dreptul de vot la v\u00e2rsta de 16 ani la alegerile europene \u0219i dreptul de a lansa ini\u021biative cet\u0103\u021bene\u0219ti, precum \u0219i prin promovarea referendumurilor.\u201d<\/span><\/p>\n<p><span style=\"font-weight: 400;\">La elaborarea Cartei au participat, de asemenea, <\/span><a href=\"https:\/\/cor.europa.eu\/ro\/our-work\/commissions\/Pages\/sedec.aspx\"><b>Comisia SEDEC<\/b><\/a><span style=\"font-weight: 400;\"> a CoR, prezidat\u0103 de <\/span><b>Tanya Hristova<\/b><span style=\"font-weight: 400;\"> (BG-PPE), \u0219i <\/span><a href=\"https:\/\/cor.europa.eu\/ro\/our-work\/commissions\/Pages\/civex.aspx\"><b>Comisia CIVEX<\/b><\/a><span style=\"font-weight: 400;\">, prezidat\u0103 de <\/span><b>Vincenzo Bianco<\/b><span style=\"font-weight: 400;\"> (IT-PSE).<\/span><\/p>\n<p><b>Informa\u021bii suplimentare:<\/b><\/p>\n<p><a href=\"https:\/\/cor.europa.eu\/ro\/our-work\/Pages\/charter-youth-democracy.aspx\"><b>Carta privind tineretul \u0219i democra\u021bia<\/b><\/a><span style=\"font-weight: 400;\"> prezint\u0103 recomand\u0103ri la nivel local, regional, na\u021bional \u0219i european, pun\u00e2nd accentul pe: educa\u021bie, cooperare \u0219i informare; capacitarea tinerilor; leadership \u0219i participare democratic\u0103; rolul noilor tehnologii \u0219i al digitaliz\u0103rii; integrarea aspectelor privind tineretul \u00een politici \u0219i reprezentarea politic\u0103. Propunerile au fost colectate prin intermediul unui proces participativ ascendent, care a inclus prezen\u021ba fizic\u0103 \u0219i consult\u0103ri online, activit\u0103\u021bi dedicate pe platformele de comunicare social\u0103 \u0219i evenimente locale.<\/span><\/p>\n<p><span style=\"font-weight: 400;\">\u00cenregistrarea dezbaterii va fi disponibil\u0103 pe site-ul <\/span><a href=\"https:\/\/audiovisual.ec.europa.eu\/ro\/ebs\/1\/20221201\"><b>EbS<\/b><\/a><span style=\"font-weight: 400;\"> \u0219i pe site-ul internet al <\/span><a href=\"https:\/\/cor.europa.eu\/ro\/events\/Pages\/152nd-cor-plenary-session.aspx\"><b>CoR<\/b><\/a><span style=\"font-weight: 400;\">. <\/span><a href=\"https:\/\/www.flickr.com\/photos\/cor-photos\/albums\/72177720304090381\"><b>Fotografii de \u00eenalt\u0103 rezolu\u021bie<\/b><\/a><span style=\"font-weight: 400;\"> de la sesiunea plenar\u0103 a CoR sunt, de asemenea, disponibile.<\/span><\/p>\n<p>&nbsp;<\/p>\n","protected":false},"excerpt":{"rendered":"<p>Carta privind tineretul \u0219i democra\u021bia, lansat\u0103 recent, elaborat\u0103 \u00eempreun\u0103 cu tinerii \u0219i organiza\u021biile de tineret, prezint\u0103 49 de recomand\u0103ri pentru nivelurile european, na\u021bional \u0219i subna\u021bional.\u00a0 Accelerarea educa\u021biei civice, sc\u0103derea v\u00e2rstei de vot \u0219i sprijinirea tinerilor pentru a candida la alegeri, stabilirea de mecanisme de consultare permanente cu tinerii, supunerea legisla\u021biei noi la un test al [&hellip;]<\/p>\n","protected":false},"author":1,"featured_media":1202,"comment_status":"open","ping_status":"closed","sticky":false,"template":"","format":"standard","meta":{"_bbp_topic_count":0,"_bbp_reply_count":0,"_bbp_total_topic_count":0,"_bbp_total_reply_count":0,"_bbp_voice_count":0,"_bbp_anonymous_reply_count":0,"_bbp_topic_count_hidden":0,"_bbp_reply_count_hidden":0,"_bbp_forum_subforum_count":0,"footnotes":""},"categories":[84],"tags":[],"_links":{"self":[{"href":"https:\/\/cor.borbolycsaba.ro\/ro\/index.php?rest_route=\/wp\/v2\/posts\/1201"}],"collection":[{"href":"https:\/\/cor.borbolycsaba.ro\/ro\/index.php?rest_route=\/wp\/v2\/posts"}],"about":[{"href":"https:\/\/cor.borbolycsaba.ro\/ro\/index.php?rest_route=\/wp\/v2\/types\/post"}],"author":[{"embeddable":true,"href":"https:\/\/cor.borbolycsaba.ro\/ro\/index.php?rest_route=\/wp\/v2\/users\/1"}],"replies":[{"embeddable":true,"href":"https:\/\/cor.borbolycsaba.ro\/ro\/index.php?rest_route=%2Fwp%2Fv2%2Fcomments&post=1201"}],"version-history":[{"count":1,"href":"https:\/\/cor.borbolycsaba.ro\/ro\/index.php?rest_route=\/wp\/v2\/posts\/1201\/revisions"}],"predecessor-version":[{"id":1203,"href":"https:\/\/cor.borbolycsaba.ro\/ro\/index.php?rest_route=\/wp\/v2\/posts\/1201\/revisions\/1203"}],"wp:featuredmedia":[{"embeddable":true,"href":"https:\/\/cor.borbolycsaba.ro\/ro\/index.php?rest_route=\/wp\/v2\/media\/1202"}],"wp:attachment":[{"href":"https:\/\/cor.borbolycsaba.ro\/ro\/index.php?rest_route=%2Fwp%2Fv2%2Fmedia&parent=1201"}],"wp:term":[{"taxonomy":"category","embeddable":true,"href":"https:\/\/cor.borbolycsaba.ro\/ro\/index.php?rest_route=%2Fwp%2Fv2%2Fcategories&post=1201"},{"taxonomy":"post_tag","embeddable":true,"href":"https:\/\/cor.borbolycsaba.ro\/ro\/index.php?rest_route=%2Fwp%2Fv2%2Ftags&post=1201"}],"curies":[{"name":"wp","href":"https:\/\/api.w.org\/{rel}","templated":true}]}}