{"id":1198,"date":"2022-12-01T07:10:45","date_gmt":"2022-12-01T07:10:45","guid":{"rendered":"https:\/\/cor.borbolycsaba.ro\/ro\/?p=1198"},"modified":"2023-01-09T08:12:30","modified_gmt":"2023-01-09T08:12:30","slug":"alimente-produse-agricole-si-bauturi-spirtoase-liderii-locali-si-regionali-saluta-simplificarea-procedurilor-de-inregistrare-a-indicatiilor-geografice-si-protectia-imbunatatita-impotriva-fraudei","status":"publish","type":"post","link":"https:\/\/cor.borbolycsaba.ro\/ro\/?p=1198","title":{"rendered":"Alimente, produse agricole \u0219i b\u0103uturi spirtoase: liderii locali \u0219i regionali salut\u0103 simplificarea procedurilor de \u00eenregistrare a indica\u021biilor geografice \u0219i protec\u021bia \u00eembun\u0103t\u0103\u021bit\u0103 \u00eempotriva fraudei"},"content":{"rendered":"<p><i><span style=\"font-weight: 400;\">\u00cembun\u0103t\u0103\u021birea normelor \u0219i consolidarea rolului Oficiului UE pentru Proprietate Intelectual\u0103 sunt esen\u021biale pentru conservarea esen\u021bei patrimoniului cultural \u0219i gastronomic al Europei, care reprezint\u0103 v\u00e2nz\u0103ri \u00een valoare de 74,76\u00a0miliarde\u00a0EUR.<\/span><\/i><span style=\"font-weight: 400;\">\u00a0<\/span><\/p>\n<p><b>\u00cen <\/b><a href=\"https:\/\/cor.europa.eu\/ro\/our-work\/Pages\/OpinionTimeline.aspx?opId=CDR-3736-2022\"><b>avizul<\/b><\/a><b> adoptat la 30 noiembrie \u00een sesiunea plenar\u0103, Comitetul European al Regiunilor (CoR) sprijin\u0103 <\/b><a href=\"https:\/\/ec.europa.eu\/commission\/presscorner\/detail\/ro\/IP_22_2185\"><b>propunerea Comisiei Europene<\/b><\/a><b> de a fuziona cele trei sisteme de indica\u021bii geografice (IG) \u00eentr-un sistem unic cu dispozi\u021bii comune pentru produsele agricole, alimentare, vinuri \u0219i b\u0103uturi spirtoase. CoR salut\u0103 \u00een special delegarea par\u021bial\u0103 a examin\u0103rii dosarelor c\u0103tre <\/b><a href=\"https:\/\/euipo.europa.eu\/ohimportal\/ro\"><b>Oficiul Uniunii Europene pentru Proprietate Intelectual\u0103<\/b><\/a><b> (EUIPO), care dispune de instrumente eficace ce vor putea fi puse la dispozi\u021bia produc\u0103torilor de IG pentru a simplifica procedurile de \u00eenregistrare, a \u00eembun\u0103t\u0103\u021bi controlul indica\u021biilor geografice \u0219i a combate frauda.<\/b><\/p>\n<p><span style=\"font-weight: 400;\">Indica\u021biile geografice (IG) fac parte din patrimoniul cultural \u0219i gastronomic al Uniunii Europene \u0219i reprezint\u0103 v\u00e2nz\u0103ri \u00een valoare de 74,76\u00a0miliarde\u00a0EUR, adic\u0103 15,5\u00a0% din totalul exporturilor agroalimentare ale UE. \u00centr-un moment \u00een care pre\u021burile produselor agricole de baz\u0103 cresc rapid, lan\u021burile de produc\u021bie de calitate au un impact major asupra activit\u0103\u021bii economice \u0219i sociale \u00een regiunile \u00een care sunt integrate, \u00een special prin efectul stabilizator asupra economiilor regionale.Totodat\u0103, datorit\u0103 lor, \u00een teritoriile respective se dezvolt\u0103 investi\u021biile, cercetarea \u0219i inovarea, iar produc\u0103torii primesc o parte echitabil\u0103 din valoarea produs\u0103.<\/span><\/p>\n<p><a href=\"https:\/\/cor.europa.eu\/RO\/members\/Pages\/memberprofile.aspx?MemberId=2032176\"><b>Karine Gloanec-Maurin<\/b><\/a><span style=\"font-weight: 400;\"> (FR-PSE), membr\u0103 a Consiliului Local Cou\u00ebtron din Perche (Departamentul Loir-et-Cher), pre\u0219edinta comunit\u0103\u021bii de comune Collines au Perche (FR) \u0219i raportoarea avizului, a declarat: \u201eIndica\u021biile geografice sunt consubstan\u021biale identit\u0103\u021bii europene. Cine \u0219i-ar putea imagina Fran\u021ba f\u0103r\u0103 \u0219ampanie, Italia f\u0103r\u0103 parmezan sau Spania f\u0103r\u0103 jambon iberic?Ele au modelat teritoriile noastre \u0219i continu\u0103 s\u0103 joace un rol fundamental \u00een dezvoltarea rural\u0103, deoarece le asigur\u0103 un venit mai bun produc\u0103torilor \u0219i contribuie la atractivitatea zonelor rurale.Totodat\u0103, ele reprezint\u0103 modelul de dezvoltare a unei agriculturi europene de \u00eenalt\u0103 calitate.Acesta este motivul pentru care CoR a sprijinit evolu\u021bia sistemului indica\u021biilor geografice c\u0103tre o abordare voluntar\u0103 \u00een materie de durabilitate, pentru a \u00eencuraja produc\u0103torii \u0219i grupurile de produc\u0103tori s\u0103 se angajeze mai mult \u00een tranzi\u021bia durabil\u0103.\u201d<\/span><\/p>\n<p><b>Paolo De\u00a0Castro<\/b><span style=\"font-weight: 400;\"> (IT-S&amp;D), deputat \u00een Parlamentul European \u0219i raportorul pentru reforma indica\u021biilor geografice, a participat la dezbaterea privind avizul \u0219i a declarat: \u201eNu este vorba de o revolu\u021bie, ci de evolu\u021bia unui sistem unic \u00een felul s\u0103u la nivel mondial, care func\u021bioneaz\u0103 deja, gener\u00e2nd valoare f\u0103r\u0103 a fi nevoie s\u0103 se investeasc\u0103 fonduri publice.Pentru a \u00eembun\u0103t\u0103\u021bi cu adev\u0103rat situa\u021bia produc\u0103torilor no\u0219tri de calitate, lucr\u0103m asupra a patru piloni principali: consolidarea rolului grupurilor de produc\u0103tori; o protec\u021bie sporit\u0103; simplificarea \u0219i clarificarea rolului EUIPO \u0219i sustenabilitatea.Pentru \u00eent\u00e2ia oar\u0103, acest regulament ofer\u0103 posibilitatea de a crea un text unic pentru toate produsele de calitate, protej\u00e2nd, \u00een acela\u0219i timp, particularit\u0103\u021bile fiec\u0103rui sector.Sper c\u0103, \u00een s\u0103pt\u0103m\u00e2nile urm\u0103toare, toat\u0103 lumea va putea contribui la \u00eembun\u0103t\u0103\u021birea textului, astfel \u00eenc\u00e2t aceast\u0103 munc\u0103 s\u0103 nu fie o oportunitate pentru unii \u0219i o ocazie pierdut\u0103 pentru al\u021bii.\u201d<\/span><\/p>\n<p><span style=\"font-weight: 400;\">Principalele idei cuprinse \u00een aviz sunt:<\/span><\/p>\n<p><span style=\"font-weight: 400;\">\u2212CoR sprijin\u0103 furnizarea de expertiz\u0103 tehnic\u0103 de c\u0103tre Oficiul Uniunii Europene pentru Proprietate Intelectual\u0103 (EUIPO) \u00een domeniul drepturilor de proprietate intelectual\u0103, aceasta fiind principala noutate a actualei reforme propuse de Comisia European\u0103. Aceast\u0103 expertiz\u0103 ar putea oferi un sprijin important pentru consolidarea protec\u021biei indica\u021biilor geografice. Cu toate acestea, indica\u021biile geografice nu ar trebui gestionate ca m\u0103rci, iar propunerea Comisiei Europene ar trebui s\u0103 precizeze c\u0103 examinarea de c\u0103tre EUIPO ar trebui efectuat\u0103 numai \u00een domeniul propriet\u0103\u021bii intelectuale.<\/span><\/p>\n<p><span style=\"font-weight: 400;\">\u2212Regulamentul ar trebui s\u0103 defineasc\u0103 criteriile de durabilitate ecologic\u0103, economic\u0103 \u0219i sociocultural\u0103 pe care Comisia European\u0103 ar dori s\u0103 le instituie prin intermediul grupurilor de produc\u0103tori, pentru a le men\u021bine sub controlul deplin al colegiuitorilor europeni, al Parlamentului European \u0219i al Consiliului UE.<\/span><\/p>\n<p><span style=\"font-weight: 400;\">\u2212Grupurile de produc\u0103tori ar trebui \u00eencurajate s\u0103 \u00ee\u0219i \u00eembun\u0103t\u0103\u021beasc\u0103 organizarea pentru a func\u021biona \u00een mod eficace \u0219i a dezvolta o guvernan\u021b\u0103 colectiv\u0103 solid\u0103 a indica\u021biilor geografice. Cu toate acestea, o armonizare la nivel european nu trebuie s\u0103 submineze sistemele na\u021bionale care sunt deja \u00een vigoare \u0219i func\u021bioneaz\u0103 bine.<\/span><\/p>\n<p><span style=\"font-weight: 400;\">\u2212Recunoa\u0219terea contribu\u021biei organismelor regionale \u0219i locale la preg\u0103tirea \u0219i finalizarea procedurilor de \u00eenregistrare reprezint\u0103 un pas important pentru \u00eembun\u0103t\u0103\u021birea cooper\u0103rii \u00eentre to\u021bi actorii implica\u021bi.<\/span><\/p>\n<p><span style=\"font-weight: 400;\">\u2212CoR, \u00een calitate de adunare a autorit\u0103\u021bilor locale \u0219i regionale din UE, ar trebui implicat pe deplin \u00een evaluarea noului sistem de indica\u021bii geografice, dat fiind impactul lor teritorial.<\/span><\/p>\n<p><b>Context<\/b><\/p>\n<p><span style=\"font-weight: 400;\">La 1\u00a0ianuarie\u00a02021, 3\u00a0306 de indica\u021bii geografice erau \u00eenregistrate la nivelul UE de c\u0103tre statele sale membre. Trei state membre reprezint\u0103 mai mult de jum\u0103tate din denumirile \u00eenregistrate: Italia (858\u00a0de\u00a0denumiri), Fran\u021ba (734\u00a0de\u00a0denumiri) \u0219i Spania (354\u00a0de\u00a0denumiri). Urm\u0103toarele sunt Grecia (270\u00a0de\u00a0denumiri), Portugalia (190\u00a0de\u00a0denumiri) \u0219i Germania (167\u00a0de\u00a0denumiri).\u00a0<\/span><\/p>\n<p><span style=\"font-weight: 400;\">Majoritatea IG sunt \u00eenregistrate \u00een sectorul vitivinicol \u0219i \u00een sectorul produselor agricole \u0219i alimentare (49\u00a0% \u0219i, respectiv, 44\u00a0% din denumirile \u00eenregistrate). B\u0103uturile spirtoase au reprezentat 7\u00a0% din denumirile \u00eenregistrate, iar produsele vitivinicole aromatizate au reprezentat 0,2\u00a0% din denumiri.<\/span><\/p>\n","protected":false},"excerpt":{"rendered":"<p>\u00cembun\u0103t\u0103\u021birea normelor \u0219i consolidarea rolului Oficiului UE pentru Proprietate Intelectual\u0103 sunt esen\u021biale pentru conservarea esen\u021bei patrimoniului cultural \u0219i gastronomic al Europei, care reprezint\u0103 v\u00e2nz\u0103ri \u00een valoare de 74,76\u00a0miliarde\u00a0EUR.\u00a0 \u00cen avizul adoptat la 30 noiembrie \u00een sesiunea plenar\u0103, Comitetul European al Regiunilor (CoR) sprijin\u0103 propunerea Comisiei Europene de a fuziona cele trei sisteme de indica\u021bii geografice [&hellip;]<\/p>\n","protected":false},"author":1,"featured_media":1199,"comment_status":"open","ping_status":"closed","sticky":false,"template":"","format":"standard","meta":{"_bbp_topic_count":0,"_bbp_reply_count":0,"_bbp_total_topic_count":0,"_bbp_total_reply_count":0,"_bbp_voice_count":0,"_bbp_anonymous_reply_count":0,"_bbp_topic_count_hidden":0,"_bbp_reply_count_hidden":0,"_bbp_forum_subforum_count":0,"footnotes":""},"categories":[84],"tags":[],"_links":{"self":[{"href":"https:\/\/cor.borbolycsaba.ro\/ro\/index.php?rest_route=\/wp\/v2\/posts\/1198"}],"collection":[{"href":"https:\/\/cor.borbolycsaba.ro\/ro\/index.php?rest_route=\/wp\/v2\/posts"}],"about":[{"href":"https:\/\/cor.borbolycsaba.ro\/ro\/index.php?rest_route=\/wp\/v2\/types\/post"}],"author":[{"embeddable":true,"href":"https:\/\/cor.borbolycsaba.ro\/ro\/index.php?rest_route=\/wp\/v2\/users\/1"}],"replies":[{"embeddable":true,"href":"https:\/\/cor.borbolycsaba.ro\/ro\/index.php?rest_route=%2Fwp%2Fv2%2Fcomments&post=1198"}],"version-history":[{"count":1,"href":"https:\/\/cor.borbolycsaba.ro\/ro\/index.php?rest_route=\/wp\/v2\/posts\/1198\/revisions"}],"predecessor-version":[{"id":1200,"href":"https:\/\/cor.borbolycsaba.ro\/ro\/index.php?rest_route=\/wp\/v2\/posts\/1198\/revisions\/1200"}],"wp:featuredmedia":[{"embeddable":true,"href":"https:\/\/cor.borbolycsaba.ro\/ro\/index.php?rest_route=\/wp\/v2\/media\/1199"}],"wp:attachment":[{"href":"https:\/\/cor.borbolycsaba.ro\/ro\/index.php?rest_route=%2Fwp%2Fv2%2Fmedia&parent=1198"}],"wp:term":[{"taxonomy":"category","embeddable":true,"href":"https:\/\/cor.borbolycsaba.ro\/ro\/index.php?rest_route=%2Fwp%2Fv2%2Fcategories&post=1198"},{"taxonomy":"post_tag","embeddable":true,"href":"https:\/\/cor.borbolycsaba.ro\/ro\/index.php?rest_route=%2Fwp%2Fv2%2Ftags&post=1198"}],"curies":[{"name":"wp","href":"https:\/\/api.w.org\/{rel}","templated":true}]}}