{"id":1192,"date":"2022-10-12T09:42:07","date_gmt":"2022-10-12T09:42:07","guid":{"rendered":"https:\/\/cor.borbolycsaba.ro\/ro\/?p=1192"},"modified":"2022-12-14T09:54:56","modified_gmt":"2022-12-14T09:54:56","slug":"digitalizarea-educatiei-nu-inseamna-educatie-online","status":"publish","type":"post","link":"https:\/\/cor.borbolycsaba.ro\/ro\/?p=1192","title":{"rendered":"Digitalizarea educa\u021biei NU \u00eenseamn\u0103 educa\u021bie online"},"content":{"rendered":"<p>&nbsp;<\/p>\n<p><span style=\"font-weight: 400;\">\u00cen cadrul S\u0103pt\u0103m\u00e2nii europene a regiunilor \u0219i ora\u0219elor, Consiliul Jude\u021bean Harghita a organizat miercuri, 12 octombrie, evenimentul #<\/span><b>LocalAction4Education \u2013 Proiect pilot pentru educa\u021bie digital\u0103.<\/b><\/p>\n<p><span style=\"font-weight: 400;\">Evenimentul a fost moderat de Winkler Gyula, membru al Parlamentului European, a avut-o ca invitat special pe Margrethe Vestager, vicepre\u0219edinte executiv al Comisiei Europene, printre paneli\u0219ti num\u0103r\u00e2ndu-se Ferencz Salamon Alp\u00e1r, directorul Casei Corpului Didactic Ap\u00e1czai Csere J\u00e1nos, Cs\u00e1k L\u00e1szl\u00f3, expert \u00een politici europene, Daniel B\u00f6jte, expert \u00een digitalizare, Borsos Endre, expert \u00een digitalizarea educa\u021biei, Juraj Bilic, vicepre\u0219edinte al Re\u021belei Academice de Cercetare Croate(CARNET).<\/span><\/p>\n<p><span style=\"font-weight: 400;\">Scopul evenimentului a fost de a aduce la un loc bune practici, experien\u021be, provoc\u0103ri, care s\u0103 contribuie la sprijinirea educa\u021biei \u00een toate mediile de \u00eenv\u0103\u021bare \u00een vederea reducerii decalajului digital din regiunile mai pu\u021bin dezvoltate.<\/span><\/p>\n<p><span style=\"font-weight: 400;\">\u201c\u00cen timpul pandemiei COVID 19, \u0219colile, profesorii, elevii \u0219i p\u0103rin\u021bii s-au aflat \u00een fa\u021ba unei situa\u021bii noi, \u00een care modul tradi\u021bional de educa\u021bie nu mai era posibil \u0219i fiecare entitate \u0219i familie a fost obligat\u0103 s\u0103 g\u0103seasc\u0103 o solu\u021bie. Pentru unii, provoc\u0103rile au constat \u00een organizarea \u00eenv\u0103\u021b\u0103rii la domiciliu, pentru mul\u021bi, mai ales \u00een regiunile mai pu\u021bin dezvoltate, a\u0219a cum este \u0219i jude\u021bul Harghita, provoc\u0103rile au \u00eenceput cu lipsa echipamentelor necesare sau a conexiunii la internet. Din acest motiv, Consiliul Jude\u021bean Harghita a luat ini\u021biativa \u0219i a \u00eenfiin\u021bat un grup de lucru pentru a realiza digitalizarea educa\u021biei \u00een jude\u021b. Grupul de lucru a fost \u0219i este format din actori relevan\u021bi \u0219i exper\u021bi foarte bine cota\u021bi \u00een domeniul educa\u021biei \u0219i a avut ca scop, \u00een primul r\u00e2nd, rezolvarea cererilor urgente legate de educa\u021bia online\u201d a apreciat Borboly Csaba, pre\u0219edintele consiliului jude\u021bean.<\/span><\/p>\n<p><span style=\"font-weight: 400;\">Pentru a avea un impact pe termen lung, grupul de lucru al consiliului jude\u021bean a concluzionat c\u0103 este nevoie de o abordare holistic\u0103, regional\u0103, cuprinz\u0103toare \u0219i strategic\u0103, formul\u00e2nd <\/span><b>DigEdu2030 \u2013 Planul de ac\u021biune pentru educa\u021bie digital\u0103<\/b><span style=\"font-weight: 400;\">, care propune lansarea a unui Proiect Pilot de digitalizare a educa\u021biei \u00een jude\u021bul Harghita.<\/span><\/p>\n<p><span style=\"font-weight: 400;\">Margrethe Vestager,\u00a0 vicepre\u0219edinte Executiv al Comisiei Europene, invitat special al\u00a0 evenimentului, a salutat ini\u021biativa consiliului jude\u021bean de implementare a unui proiect pilot, asigur\u00e2nd echipa de suport \u0219i colaborarea \u00een implementarea acestuia, apreciind totodat\u0103 c\u0103 este imposibil s\u0103 vorbim despre incluziune f\u0103r\u0103 a vorbi despre educa\u021bie \u0219i c\u0103 este imperios necesar s\u0103 fie asigurat accesul tuturor la \u00eenv\u0103\u021bare \u0219i formare cu scopul de a reduce decalajele. Prioritatea o constituie dezvoltarea abilit\u0103\u021bilor digitale de baz\u0103 prin investi\u021bii, a mai ad\u0103ugat vicepre\u0219edintele.<\/span><\/p>\n<p><span style=\"font-weight: 400;\">Digitalizarea educa\u021biei \u0219i digitalizarea \u00een general au devenit o prioritate la nivel european \u0219i na\u021bional, \u00eens\u0103 op\u021biunile de finan\u021bare pentru implementarea unor proiecte pilot cuprinz\u0103toare \u0219i pe mai multe niveluri lipsesc momentan.<\/span><\/p>\n<p><span style=\"font-weight: 400;\">Ferencz Salamon Alp\u00e1r, directorul Casei Corpului Didactic Ap\u00e1czai Csere J\u00e1nos a apreciat c\u0103 bun\u0103starea digital\u0103 este str\u00e2ns legat\u0103 de bun\u0103starea fizic\u0103 \u0219i pentru reducerea inegalit\u0103\u021bilor este necesar\u0103 implementarea unor astfel de proiecte care s\u0103 ofere condi\u021bii de secolul 21.<\/span><\/p>\n<p><span style=\"font-weight: 400;\">Daniel Bojte, expert \u00een digitalizare a subliniat necesitatea schimb\u0103rii rolului profesorului \u0219i punerea accentului pe \u00eenv\u0103\u021bare, transformarea digital\u0103 a educa\u021biei f\u0103r\u0103 a omite componenta emo\u021bional\u0103 din acest proces cu scopul de a educa pentru viitor.<\/span><\/p>\n<p><span style=\"font-weight: 400;\">Ca exemplu de bune practici, Juraj Bilic, vicepre\u0219edinte al Re\u021belei Academice de Cercetare Croate(CARNET) a prezentat proiectul pilot din Croa\u021bia, derulat \u00een dou\u0103 etape, sfatul acestuia fiind de a investi \u00een tehnologii robuste \u0219i moderne care s\u0103 nu se degradeze \u00een timp. Totodat\u0103, Juraj Bilic a concluzionat c\u0103 digitalizarea educa\u021biei nu \u00eenseamn\u0103 educa\u021bie online.<\/span><\/p>\n<p><span style=\"font-weight: 400;\">Borsos Endre, expert \u00een digitalizarea educa\u021biei a apreciat rolul de partener activ al Consiliului Jude\u021bean Harghita \u00een implementarea mai multor proiecte digitale, amintind 7 Smart Steps, aplica\u021bia Classy, instrumente utile at\u00e2t profesorilor c\u00e2t \u0219i elevilor prin crearea de con\u021binut digital.<\/span><\/p>\n<p><span style=\"font-weight: 400;\">Evenimentul a fost materializat prin semnarea unei inten\u021bii\u00a0 de cooperare \u00eentre Consiliul Jude\u021bean Harghita, Casa Corpului Didactic Ap\u00e1czai Csere J\u00e1nos \u0219i CARNET Croa\u021bia, prin care s\u0103 fie g\u0103site mijloacele de implementare a Planului de ac\u021biune local\u0103 pentru educa\u021bia digital\u0103, astfel \u00eenc\u00e2t, a\u0219a cum aprecia Borboly Csaba, educa\u021bia \u00een jude\u021bul Harghita s\u0103 fie adus\u0103 la un alt nivel, to\u021bi copiii din toate mediile s\u0103 aib\u0103 \u0219anse egale pentru a se preg\u0103ti pentru un viitor digitalizat.<\/span><\/p>\n<p><span style=\"font-weight: 400;\">Miercurea Ciuc, 12 octombrie 2022<\/span><\/p>\n<p>&nbsp;<\/p>\n","protected":false},"excerpt":{"rendered":"<p>&nbsp; \u00cen cadrul S\u0103pt\u0103m\u00e2nii europene a regiunilor \u0219i ora\u0219elor, Consiliul Jude\u021bean Harghita a organizat miercuri, 12 octombrie, evenimentul #LocalAction4Education \u2013 Proiect pilot pentru educa\u021bie digital\u0103. Evenimentul a fost moderat de Winkler Gyula, membru al Parlamentului European, a avut-o ca invitat special pe Margrethe Vestager, vicepre\u0219edinte executiv al Comisiei Europene, printre paneli\u0219ti num\u0103r\u00e2ndu-se Ferencz Salamon Alp\u00e1r, [&hellip;]<\/p>\n","protected":false},"author":1,"featured_media":1193,"comment_status":"open","ping_status":"closed","sticky":false,"template":"","format":"standard","meta":{"_bbp_topic_count":0,"_bbp_reply_count":0,"_bbp_total_topic_count":0,"_bbp_total_reply_count":0,"_bbp_voice_count":0,"_bbp_anonymous_reply_count":0,"_bbp_topic_count_hidden":0,"_bbp_reply_count_hidden":0,"_bbp_forum_subforum_count":0,"footnotes":""},"categories":[84],"tags":[],"_links":{"self":[{"href":"https:\/\/cor.borbolycsaba.ro\/ro\/index.php?rest_route=\/wp\/v2\/posts\/1192"}],"collection":[{"href":"https:\/\/cor.borbolycsaba.ro\/ro\/index.php?rest_route=\/wp\/v2\/posts"}],"about":[{"href":"https:\/\/cor.borbolycsaba.ro\/ro\/index.php?rest_route=\/wp\/v2\/types\/post"}],"author":[{"embeddable":true,"href":"https:\/\/cor.borbolycsaba.ro\/ro\/index.php?rest_route=\/wp\/v2\/users\/1"}],"replies":[{"embeddable":true,"href":"https:\/\/cor.borbolycsaba.ro\/ro\/index.php?rest_route=%2Fwp%2Fv2%2Fcomments&post=1192"}],"version-history":[{"count":1,"href":"https:\/\/cor.borbolycsaba.ro\/ro\/index.php?rest_route=\/wp\/v2\/posts\/1192\/revisions"}],"predecessor-version":[{"id":1194,"href":"https:\/\/cor.borbolycsaba.ro\/ro\/index.php?rest_route=\/wp\/v2\/posts\/1192\/revisions\/1194"}],"wp:featuredmedia":[{"embeddable":true,"href":"https:\/\/cor.borbolycsaba.ro\/ro\/index.php?rest_route=\/wp\/v2\/media\/1193"}],"wp:attachment":[{"href":"https:\/\/cor.borbolycsaba.ro\/ro\/index.php?rest_route=%2Fwp%2Fv2%2Fmedia&parent=1192"}],"wp:term":[{"taxonomy":"category","embeddable":true,"href":"https:\/\/cor.borbolycsaba.ro\/ro\/index.php?rest_route=%2Fwp%2Fv2%2Fcategories&post=1192"},{"taxonomy":"post_tag","embeddable":true,"href":"https:\/\/cor.borbolycsaba.ro\/ro\/index.php?rest_route=%2Fwp%2Fv2%2Ftags&post=1192"}],"curies":[{"name":"wp","href":"https:\/\/api.w.org\/{rel}","templated":true}]}}