{"id":1189,"date":"2022-06-22T11:59:06","date_gmt":"2022-06-22T11:59:06","guid":{"rendered":"https:\/\/cor.borbolycsaba.ro\/ro\/?p=1189"},"modified":"2022-07-11T11:59:38","modified_gmt":"2022-07-11T11:59:38","slug":"comitetul-european-al-regiunilor-comisia-europeana-si-parlamentul-european-isi-unesc-fortele-pentru-a-aduce-europa-mai-aproape-de-cetateni-prin-intermediul-proiectelor-privind-consilierii-ue","status":"publish","type":"post","link":"https:\/\/cor.borbolycsaba.ro\/ro\/?p=1189","title":{"rendered":"Comitetul European al Regiunilor, Comisia European\u0103 \u0219i Parlamentul European \u00ee\u0219i unesc for\u021bele pentru a aduce Europa mai aproape de cet\u0103\u021beni prin intermediul proiectelor privind consilierii UE"},"content":{"rendered":"<p>Declara\u021bia comun\u0103 a dnei Dubravka\u00a0\u0160uica, vicepre\u0219edint\u0103 a Comisiei Europene, comisara pentru democra\u021bie \u0219i demografie, a dlui Apostolos\u00a0Tzitzikostas, pre\u0219edintele Comitetului European al Regiunilor, \u0219i a dlui Dom\u00e8nec\u00a0Ruiz\u00a0Devesa, deputat \u00een Parlamentul European , ini\u021biatorul proiectului &#8211; pilot BELC<br \/>\nSalut\u0103m rezultatele Conferin\u021bei privind viitorul Europei (CoFoE) \u0219i, \u00een special, apelurile la crearea unui sistem de consilieri locali ai UE ca modalitate de a aduce Europa mai aproape de cet\u0103\u021benii din regiunile, ora\u0219ele \u0219i satele sale \u0219i de a \u00eembun\u0103t\u0103\u021bi democra\u021bia european\u0103.<br \/>\nLucr\u00e2nd \u00een str\u00e2ns\u0103 cooperare, Comisia European\u0103, Comitetul European al Regiunilor \u0219i Parlamentul European \u00eemp\u0103rt\u0103\u0219esc obiectivul de a-i implica pe reprezentan\u021bii ale\u0219i la nivel local \u00een comunicarea cu privire la chestiunile legate de UE \u00een zona lor local\u0103. \u00cen acest cadru, Parlamentul European a propus proiectul \u201eConstruirea Europei \u00eempreun\u0103 cu consilierii locali (BELC)\u201d, care va fi pus \u00een aplicare de Comisia European\u0103. Acesta vine \u00een completareaRe\u021belei consilierilor locali \u0219i regionali ai UE din cadrul Comitetului Regiunilor, creat\u0103 \u00een\u00a02021, care contribuie \u00een mod activ la activit\u0103\u021bile CoR prin desf\u0103\u0219urarea de manifest\u0103ri legate de UE \u00een consiliile locale \u0219i regionale \u0219i prin organizarea de dezbateri locale cu cet\u0103\u021benii.<br \/>\nAst\u0103zi \u2013 cu ocazia lans\u0103riicererii de candidaturi pentru ini\u021biativa BELC \u2013 suntem de acord s\u0103 colabor\u0103m pentru a ne asigura c\u0103 aceste ini\u021biative sunt c\u00e2t mai fluide posibil \u0219i sunt puse \u00een aplicare sub forma unui exerci\u021biu coordonat al UE. Comitetul se va asigura c\u0103 re\u021beaua sa de consilieri ai UE este informat\u0103 cu privire la cererea de propuneri din cadrul ini\u021biativei BELC. Comitetul \u00eei va include pe beneficiarii proiectului-pilot \u00een programul s\u0103u specific de briefinguri tematice \u0219i manifest\u0103ri online. Comisia va include materiale adoptate \u00een numele autorit\u0103\u021bilor locale \u0219i regionale \u00een r\u0103spunsurile sale adresate beneficiarilor. \u00cen calitate de membri ai re\u021belei BELC \u0219i\/sau ai re\u021belei CoR, reprezentan\u021bii ale\u0219i la nivel local vor primi sprijin \u00een limba local\u0103 pentru activit\u0103\u021bile lor de comunicare cu cet\u0103\u021benii \u0219i mass-media local\u0103. Ei vor contribui la sensibilizarea cu privire la UE.<\/p>\n","protected":false},"excerpt":{"rendered":"<p>Declara\u021bia comun\u0103 a dnei Dubravka\u00a0\u0160uica, vicepre\u0219edint\u0103 a Comisiei Europene, comisara pentru democra\u021bie \u0219i demografie, a dlui Apostolos\u00a0Tzitzikostas, pre\u0219edintele Comitetului European al Regiunilor, \u0219i a dlui Dom\u00e8nec\u00a0Ruiz\u00a0Devesa, deputat \u00een Parlamentul European , ini\u021biatorul proiectului &#8211; pilot BELC Salut\u0103m rezultatele Conferin\u021bei privind viitorul Europei (CoFoE) \u0219i, \u00een special, apelurile la crearea unui sistem de consilieri locali ai [&hellip;]<\/p>\n","protected":false},"author":1,"featured_media":1190,"comment_status":"open","ping_status":"closed","sticky":false,"template":"","format":"standard","meta":{"_bbp_topic_count":0,"_bbp_reply_count":0,"_bbp_total_topic_count":0,"_bbp_total_reply_count":0,"_bbp_voice_count":0,"_bbp_anonymous_reply_count":0,"_bbp_topic_count_hidden":0,"_bbp_reply_count_hidden":0,"_bbp_forum_subforum_count":0,"footnotes":""},"categories":[84],"tags":[],"_links":{"self":[{"href":"https:\/\/cor.borbolycsaba.ro\/ro\/index.php?rest_route=\/wp\/v2\/posts\/1189"}],"collection":[{"href":"https:\/\/cor.borbolycsaba.ro\/ro\/index.php?rest_route=\/wp\/v2\/posts"}],"about":[{"href":"https:\/\/cor.borbolycsaba.ro\/ro\/index.php?rest_route=\/wp\/v2\/types\/post"}],"author":[{"embeddable":true,"href":"https:\/\/cor.borbolycsaba.ro\/ro\/index.php?rest_route=\/wp\/v2\/users\/1"}],"replies":[{"embeddable":true,"href":"https:\/\/cor.borbolycsaba.ro\/ro\/index.php?rest_route=%2Fwp%2Fv2%2Fcomments&post=1189"}],"version-history":[{"count":1,"href":"https:\/\/cor.borbolycsaba.ro\/ro\/index.php?rest_route=\/wp\/v2\/posts\/1189\/revisions"}],"predecessor-version":[{"id":1191,"href":"https:\/\/cor.borbolycsaba.ro\/ro\/index.php?rest_route=\/wp\/v2\/posts\/1189\/revisions\/1191"}],"wp:featuredmedia":[{"embeddable":true,"href":"https:\/\/cor.borbolycsaba.ro\/ro\/index.php?rest_route=\/wp\/v2\/media\/1190"}],"wp:attachment":[{"href":"https:\/\/cor.borbolycsaba.ro\/ro\/index.php?rest_route=%2Fwp%2Fv2%2Fmedia&parent=1189"}],"wp:term":[{"taxonomy":"category","embeddable":true,"href":"https:\/\/cor.borbolycsaba.ro\/ro\/index.php?rest_route=%2Fwp%2Fv2%2Fcategories&post=1189"},{"taxonomy":"post_tag","embeddable":true,"href":"https:\/\/cor.borbolycsaba.ro\/ro\/index.php?rest_route=%2Fwp%2Fv2%2Ftags&post=1189"}],"curies":[{"name":"wp","href":"https:\/\/api.w.org\/{rel}","templated":true}]}}