{"id":1186,"date":"2022-05-19T11:57:59","date_gmt":"2022-05-19T11:57:59","guid":{"rendered":"https:\/\/cor.borbolycsaba.ro\/ro\/?p=1186"},"modified":"2022-07-11T11:58:33","modified_gmt":"2022-07-11T11:58:33","slug":"dialogul-local-din-cluj-napoca-reuneste-tineri-pentru-a-discuta-despre-democratie-educatie-si-viitorul-europei-cu-liderii-ue-nationali-si-locali","status":"publish","type":"post","link":"https:\/\/cor.borbolycsaba.ro\/ro\/?p=1186","title":{"rendered":"Dialogul local din Cluj-Napoca reune\u0219te tineri pentru a discuta despre democra\u021bie, educa\u021bie \u0219i viitorul Europei cu liderii UE, na\u021bionali \u0219i locali"},"content":{"rendered":"<p>Prim-ministrul Rom\u00e2niei, Nicolae Ciuc\u0103, pre\u0219edintele Comitetului European al Regiunilor (CoR), Apostolos Tzitzikostas \u0219i primarul ora\u0219ului Cluj-Napoca, Emil Boc, au f\u0103cut ast\u0103zi un schimb de opinii cu tinerii din Cluj-Napoca cu privire la viitorul Europei \u0219i la rolul tinerilor \u00een procesul democratic la nivel european, na\u021bional \u0219i regional\/local. Dialogul local &#8221; Europa \u00eencepe \u00een Transilvania: Dezvoltarea democra\u021biei, educa\u021biei \u0219i tineretului? Ce urmeaz\u0103 dup\u0103 CoFE &#8221; a avut loc ca urmare a Conferin\u021bei privind viitorul Europei \u0219i este cel de-al patrulea dialog UE-local g\u0103zduit la Cluj-Napoca.<br \/>\nPremierul rom\u00e2n Nicolae Ciuc\u0103 a spus: Viitorul Uniunii Europene este scris ast\u0103zi, la Cluj-Napoca, de tineri creativi \u0219i entuzia\u0219ti \u0219i de spiritul pro-european puternic al rom\u00e2nilor. Sunt onorat s\u0103 particip la dezbaterea privind viitorul Europei cu tinerii rom\u00e2ni, cu pre\u0219edintele CoR Apostolos Tzitzikostas \u0219i cu primarul ora\u0219ului Cluj-Napoca, Emil Boc. \u00cen aceste vremuri dificile, implicarea genera\u021bilor tinerii este esen\u021bial\u0103 pentru func\u021bionarea democra\u021biei \u0219i pentru identificarea r\u0103spunsurilor care privesc educa\u021bia, viitorul tehnologiei \u0219i locurile de munc\u0103.<br \/>\nApostolos Tzitzikostas, pre\u0219edintele CoR \u0219i guvernatorul regiunii grece\u0219ti Macedonia Central\u0103, a declarat: Mul\u021bumesc prim-ministrului Ciuc\u0103 \u0219i primarului Boc pentru primirea c\u0103lduroas\u0103 pe care am primit-o \u00een Rom\u00e2nia \u0219i aplaud oamenii pe care i-am \u00eent\u00e2lnit la dialogul local de ast\u0103zi cu tinerii din Cluj-Napoca pentru participarea \u0219i entuziasmul lor. Este esen\u021bial s\u0103 continu\u0103m dezbaterea privind viitorul Europei dincolo de conferin\u021b\u0103. Datorit\u0103 Comitetului nostru, concluziile COFE includ ini\u021biative foarte concrete, cum ar fi Consiliile UE pentru tineret, consilierii locali din UE \u0219i Casele democra\u021biei din UE, care pot contribui la apropierea Europei de cet\u0103\u021beni. Trebuie s\u0103 lucr\u0103m pentru implementarea lor rapid\u0103\u201d.<br \/>\nPrimarul municipiului Cluj-Napoca Emil Boc a comentat: Dincolo de calit\u0103\u021bile noastre oficiale, suntem ast\u0103zi aici printre prieteni, la Cluj-Napoca \u0219i suntem \u00eentr-un context privilegiat pentru a putea dezbate, \u00eentr-un climat de pace \u0219i lini\u0219te cu privire la importan\u021ba democra\u021biei, educa\u021biei \u0219i tineretului. S\u0103 nu uit\u0103m c\u0103 la 400\u00a0km de noi se trag arme \u0219i oamenii mor. Vorbim despre democra\u021bie, despre tineri, despre educa\u021bie, despre toate subiectele dragi nou\u0103, aici, la Cluj.<br \/>\nLa \u00eenceputul zilei, pre\u0219edintele Tzitzikostas, primarul Boc \u0219i Mariya Gabriel, comisarul european pentru inovare, cercetare, cultur\u0103, educa\u021bie \u0219i tineret, s-au \u00eent\u00e2lnit cu actori regionali cheie din politic\u0103, sectorul inov\u0103rii \u0219i mediul academic pentru a aduce un omagiu regiunii Transilvaniei \u0219i \u201eCluj Way\u201d, Cluj-Napoca fiind considerat un ora\u0219 care combin\u0103 economia bazat\u0103 pe cunoa\u0219tere \u0219i participarea cet\u0103\u021benilor. Au deschis InnoWave Summit Cluj, una dintre cele mai importante conferin\u021be de \u00eenalt\u0103 tehnologie \u0219i inovare din Europa de Sud-Est. Mai multe evenimente au avut loc \u00een Centrul Regional pentru Industrii Creative. Totodat\u0103, au lansat conferin\u021ba &#8222;Ora\u0219ul prietenos cu tinerii: Europa merge la nivel local &#8222;? un proiect de cooperare european\u0103 privind activit\u0103\u021bile pentru tineret \u0219i crearea unei re\u021bele de foste capitale europene ale tineretului. Iar \u00een cadrul ini\u021biativei CoR \u201ePactul verde al UE la nivel local\u201d \u0219i ca urmare a promisiunii UE de a planta 3 miliarde de copaci au plantat copaci \u00een parcul educa\u021bional.<br \/>\nDialogul local &#8221; Europa \u00eencepe \u00een Transilvania: Dezvoltarea democra\u021biei, educa\u021biei \u0219i tineretului? Ce urmeaz\u0103 dup\u0103 CoFE &#8221; a avut loc ca urmare a Conferin\u021bei privind viitorul Europei \u0219i poate fi urm\u0103rit aici.<\/p>\n","protected":false},"excerpt":{"rendered":"<p>Prim-ministrul Rom\u00e2niei, Nicolae Ciuc\u0103, pre\u0219edintele Comitetului European al Regiunilor (CoR), Apostolos Tzitzikostas \u0219i primarul ora\u0219ului Cluj-Napoca, Emil Boc, au f\u0103cut ast\u0103zi un schimb de opinii cu tinerii din Cluj-Napoca cu privire la viitorul Europei \u0219i la rolul tinerilor \u00een procesul democratic la nivel european, na\u021bional \u0219i regional\/local. Dialogul local &#8221; Europa \u00eencepe \u00een Transilvania: Dezvoltarea [&hellip;]<\/p>\n","protected":false},"author":1,"featured_media":1187,"comment_status":"open","ping_status":"closed","sticky":false,"template":"","format":"standard","meta":{"_bbp_topic_count":0,"_bbp_reply_count":0,"_bbp_total_topic_count":0,"_bbp_total_reply_count":0,"_bbp_voice_count":0,"_bbp_anonymous_reply_count":0,"_bbp_topic_count_hidden":0,"_bbp_reply_count_hidden":0,"_bbp_forum_subforum_count":0,"footnotes":""},"categories":[84],"tags":[],"_links":{"self":[{"href":"https:\/\/cor.borbolycsaba.ro\/ro\/index.php?rest_route=\/wp\/v2\/posts\/1186"}],"collection":[{"href":"https:\/\/cor.borbolycsaba.ro\/ro\/index.php?rest_route=\/wp\/v2\/posts"}],"about":[{"href":"https:\/\/cor.borbolycsaba.ro\/ro\/index.php?rest_route=\/wp\/v2\/types\/post"}],"author":[{"embeddable":true,"href":"https:\/\/cor.borbolycsaba.ro\/ro\/index.php?rest_route=\/wp\/v2\/users\/1"}],"replies":[{"embeddable":true,"href":"https:\/\/cor.borbolycsaba.ro\/ro\/index.php?rest_route=%2Fwp%2Fv2%2Fcomments&post=1186"}],"version-history":[{"count":1,"href":"https:\/\/cor.borbolycsaba.ro\/ro\/index.php?rest_route=\/wp\/v2\/posts\/1186\/revisions"}],"predecessor-version":[{"id":1188,"href":"https:\/\/cor.borbolycsaba.ro\/ro\/index.php?rest_route=\/wp\/v2\/posts\/1186\/revisions\/1188"}],"wp:featuredmedia":[{"embeddable":true,"href":"https:\/\/cor.borbolycsaba.ro\/ro\/index.php?rest_route=\/wp\/v2\/media\/1187"}],"wp:attachment":[{"href":"https:\/\/cor.borbolycsaba.ro\/ro\/index.php?rest_route=%2Fwp%2Fv2%2Fmedia&parent=1186"}],"wp:term":[{"taxonomy":"category","embeddable":true,"href":"https:\/\/cor.borbolycsaba.ro\/ro\/index.php?rest_route=%2Fwp%2Fv2%2Fcategories&post=1186"},{"taxonomy":"post_tag","embeddable":true,"href":"https:\/\/cor.borbolycsaba.ro\/ro\/index.php?rest_route=%2Fwp%2Fv2%2Ftags&post=1186"}],"curies":[{"name":"wp","href":"https:\/\/api.w.org\/{rel}","templated":true}]}}