{"id":1173,"date":"2022-05-06T05:34:15","date_gmt":"2022-05-06T05:34:15","guid":{"rendered":"https:\/\/cor.borbolycsaba.ro\/ro\/?p=1173"},"modified":"2022-05-11T05:37:38","modified_gmt":"2022-05-11T05:37:38","slug":"borboly-csaba-solicita-ca-politicile-educationale-sa-tina-seama-de-disparitatile-regionale","status":"publish","type":"post","link":"https:\/\/cor.borbolycsaba.ro\/ro\/?p=1173","title":{"rendered":"Borboly Csaba\u00a0 solicit\u0103 ca politicile educa\u021bionale s\u0103 \u021bin\u0103 seama de disparit\u0103\u021bile regionale"},"content":{"rendered":"<p><span style=\"font-weight: 400;\">\u201eExist\u0103 lips\u0103 major\u0103 \u00een educa\u021bie \u00een \u00eentreaga Europa \u0219i sunt necesare instrumente mai bune pentru a \u00eembun\u0103t\u0103\u021bi calitatea \u0219i performan\u021ba educa\u021biei, precum \u0219i ratele de ocupare a for\u021bei de munc\u0103. Abordarea \u201eone size fits all\u201d nu este deloc eficient\u0103, iar solu\u021biile \u0219i politica la nivel local \u0219i regional trebuie adaptate \u00een consecin\u021b\u0103 prin interven\u021bii politice pentru a \u021bine seama de contextul regional. Prin urmare, trebuie s\u0103 sus\u021binem dezvoltarea infrastructurii educa\u021bionale \u00een regiunile mai pu\u021bin dezvoltate.\u201d Csaba Borboly, pre\u0219edintele Consiliului Jude\u021bean Harghita, a f\u0103cut aceste observa\u021bii \u00een cadrul unui dialog cu tinerii organizat de Forumul European al Tineretului \u00een cadrul unei conferin\u021be interinstitu\u021bionale privind economia social, de la Strasbourg. \u00cen timpul evenimentului, tinerii au f\u0103cut schimb de opinii cu privire la aspecte precum participarea tinerilor, inegalit\u0103\u021bile, discriminarea \u0219i mediul.\u00a0<\/span><\/p>\n<p><span style=\"font-weight: 400;\">Borboly Csaba, raportor \u00een cadrul Comitetului European al Regiunilor (CoR) pe tema \u201eAgenda pentru competen\u021be competitivitate durabil\u0103, echitate social\u0103 \u0219i rezilien\u021b\u0103\u201d, a declarat c\u0103 un aspect esen\u021bial pentru reducerea precarit\u0103\u021bii este ocuparea for\u021bei de munc\u0103. \u00cen acest sens, el a spus: \u201eConsider c\u0103 to\u021bi studen\u021bii au nevoie de competen\u021be-cheie \u0219i de competen\u021be de baz\u0103 pentru \u00eemplinirea personal \u0219i incluziunea social\u0103. Trebuie s\u0103 \u00eencuraj\u0103m competen\u021bele transversale, care sunt adecvate pentru natura \u00een schimbare a ocup\u0103rii for\u021bei de munc\u0103, trebuie s\u0103 promov\u0103m \u0219i competen\u021bele lingvistice, ca o prioritate pentru a cre\u0219te \u0219ansele tinerilor de a se integra pe pia\u021ba muncii.\u201d<\/span><\/p>\n<p><span style=\"font-weight: 400;\">Cu privire la Anul european al tineretului, Borboly Csaba a afirmat c\u0103 CoR va acorda o aten\u021bie deosebit\u0103 particip\u0103rii tinerilor la via\u021ba civic\u0103 \u0219i democratic\u0103, pentru a consolida at\u00e2t democra\u021bia participativ\u0103, c\u00e2t \u0219i cea reprezentativ\u0103, nu numai prin informarea tinerilor cu privire la politicile care \u00eei afecteaz\u0103, ci \u0219i prin implicarea lor \u00een conceperea, conducerea \u0219i punerea lor \u00een aplicare. El a afirmat c\u0103 \u201euna dintre ini\u021biativele noastre majore este Carta european\u0103 a tineretului \u0219i democra\u021biei, care urm\u0103re\u0219te s\u0103 angajeze institu\u021biile europene, na\u021bionale, regionale \u0219i locale s\u0103 promoveze implicarea tinerilor \u00een societate prin instrumente \u0219i mijloace inovatoare, pentru a realiza o societate democratic\u0103 mai favorabil\u0103 incluziunii. CoR va organiza dou\u0103 consult\u0103ri cu tinerii pentru a realiza Carta \u0219i o vom prezenta \u00een sesiunea plenar\u0103 din decembrie.\u201d\u00a0<\/span><\/p>\n<p><span style=\"font-weight: 400;\">\u00cen ceea ce prive\u0219te dubla tranzi\u021bie, Borboly Csaba a afirmat c\u0103 este esen\u021bial s\u0103 se faciliteze cooperarea interregional\u0103 \u00een domeniul economiei sociale \u00een vederea cre\u0103rii de proiecte transsectoriale.<\/span><\/p>\n","protected":false},"excerpt":{"rendered":"<p>\u201eExist\u0103 lips\u0103 major\u0103 \u00een educa\u021bie \u00een \u00eentreaga Europa \u0219i sunt necesare instrumente mai bune pentru a \u00eembun\u0103t\u0103\u021bi calitatea \u0219i performan\u021ba educa\u021biei, precum \u0219i ratele de ocupare a for\u021bei de munc\u0103. Abordarea \u201eone size fits all\u201d nu este deloc eficient\u0103, iar solu\u021biile \u0219i politica la nivel local \u0219i regional trebuie adaptate \u00een consecin\u021b\u0103 prin interven\u021bii politice [&hellip;]<\/p>\n","protected":false},"author":1,"featured_media":1174,"comment_status":"open","ping_status":"closed","sticky":false,"template":"","format":"standard","meta":{"_bbp_topic_count":0,"_bbp_reply_count":0,"_bbp_total_topic_count":0,"_bbp_total_reply_count":0,"_bbp_voice_count":0,"_bbp_anonymous_reply_count":0,"_bbp_topic_count_hidden":0,"_bbp_reply_count_hidden":0,"_bbp_forum_subforum_count":0,"footnotes":""},"categories":[84],"tags":[],"_links":{"self":[{"href":"https:\/\/cor.borbolycsaba.ro\/ro\/index.php?rest_route=\/wp\/v2\/posts\/1173"}],"collection":[{"href":"https:\/\/cor.borbolycsaba.ro\/ro\/index.php?rest_route=\/wp\/v2\/posts"}],"about":[{"href":"https:\/\/cor.borbolycsaba.ro\/ro\/index.php?rest_route=\/wp\/v2\/types\/post"}],"author":[{"embeddable":true,"href":"https:\/\/cor.borbolycsaba.ro\/ro\/index.php?rest_route=\/wp\/v2\/users\/1"}],"replies":[{"embeddable":true,"href":"https:\/\/cor.borbolycsaba.ro\/ro\/index.php?rest_route=%2Fwp%2Fv2%2Fcomments&post=1173"}],"version-history":[{"count":1,"href":"https:\/\/cor.borbolycsaba.ro\/ro\/index.php?rest_route=\/wp\/v2\/posts\/1173\/revisions"}],"predecessor-version":[{"id":1175,"href":"https:\/\/cor.borbolycsaba.ro\/ro\/index.php?rest_route=\/wp\/v2\/posts\/1173\/revisions\/1175"}],"wp:featuredmedia":[{"embeddable":true,"href":"https:\/\/cor.borbolycsaba.ro\/ro\/index.php?rest_route=\/wp\/v2\/media\/1174"}],"wp:attachment":[{"href":"https:\/\/cor.borbolycsaba.ro\/ro\/index.php?rest_route=%2Fwp%2Fv2%2Fmedia&parent=1173"}],"wp:term":[{"taxonomy":"category","embeddable":true,"href":"https:\/\/cor.borbolycsaba.ro\/ro\/index.php?rest_route=%2Fwp%2Fv2%2Fcategories&post=1173"},{"taxonomy":"post_tag","embeddable":true,"href":"https:\/\/cor.borbolycsaba.ro\/ro\/index.php?rest_route=%2Fwp%2Fv2%2Ftags&post=1173"}],"curies":[{"name":"wp","href":"https:\/\/api.w.org\/{rel}","templated":true}]}}