{"id":1170,"date":"2022-04-30T05:57:21","date_gmt":"2022-04-30T05:57:21","guid":{"rendered":"https:\/\/cor.borbolycsaba.ro\/ro\/?p=1170"},"modified":"2022-05-10T05:59:16","modified_gmt":"2022-05-10T05:59:16","slug":"sporirea-eficientei-ajutoarelor-de-stat-si-a-strategiilor-agrosilvice-este-esentiala-pentru-reducerea-decalajului-in-materie-de-coeziune-in-zonele-rurale","status":"publish","type":"post","link":"https:\/\/cor.borbolycsaba.ro\/ro\/?p=1170","title":{"rendered":"Sporirea eficien\u021bei ajutoarelor de stat \u0219i a strategiilor agrosilvice este esen\u021bial\u0103 pentru reducerea decalajului \u00een materie de coeziune \u00een zonele rurale\u00a0\u00a0"},"content":{"rendered":"<p><b>Gestionarea durabil\u0103 \u0219i eficient\u0103 a agriculturii \u0219i silviculturii este esen\u021bial\u0103 pentru conservarea \u0219i protejarea peisajului, men\u021binerea \u00een via\u021b\u0103 a economiilor rurale, contracararea depopul\u0103rii \u0219i, astfel, eliminarea disparit\u0103\u021bilor \u00een materie de dezvoltare. Liderii locali \u0219i regionali solicit\u0103 Uniunii Europene s\u0103 sprijine IMM-urile \u0219i micro\u00eentreprinderile din zonele rurale, \u00een special prin proceduri simplificate privind normele pentru ajutoare de stat.<\/b><\/p>\n<p><span style=\"font-weight: 400;\">Voin\u021ba Uniunii Europene de a deveni un continent neutru din punct de vedere climatic p\u00e2n\u0103 \u00een\u00a02050 \u0219i eforturile sale de a revitaliza zonele rurale, men\u021bin\u00e2nd coeziunea ca valoare fundamental\u0103 a UE, trebuie s\u0103 fie \u00eenso\u021bite de o anumit\u0103 flexibilitate \u00een ceea ce prive\u0219te normele privind ajutoarele de stat pentru agricultur\u0103 \u0219i \u00eentreprinderile rurale. Acesta este principalul mesaj transmis de Comitetul European al Regiunilor (CoR) \u00eentr-un aviz pe tema <\/span><a href=\"https:\/\/cor.europa.eu\/ro\/our-work\/Pages\/OpinionTimeline.aspx?opId=CDR-5123-2021\"><b>\u201eViitoarele norme ale UE privind ajutoarele de stat pentru agricultur\u0103, zonele rurale \u0219i silvicultur\u0103\u201d<\/b><\/a><span style=\"font-weight: 400;\">, elaborat de <\/span><a href=\"https:\/\/cor.europa.eu\/ro\/members\/Pages\/memberprofile.aspx?MemberId=2019365\"><b>Guido Milana (IT-PSE),<\/b><\/a><span style=\"font-weight: 400;\"> membru al Consiliului Local Olevano Romano, \u0219i adoptat \u00een sesiunea plenar\u0103 din 27\u00a0\u0219i 28\u00a0aprilie.<\/span><\/p>\n<p><span style=\"font-weight: 400;\">\u201e<\/span><i><span style=\"font-weight: 400;\">Dup\u0103 criza provocat\u0103 de pandemie, r\u0103zboiul din Ucraina exercit\u0103 presiune asupra redres\u0103rii economice a Europei \u0219i asupra tranzi\u021biei verzi pentru sectorul agricol. Cu toate acestea, nu ne putem permite s\u0103 revenim asupra combaterii schimb\u0103rilor climatice \u0219i spunem \u00abnu\u00bb clar celor care se folosesc de conflict pentru a sl\u0103bi Pactul verde \u0219i Strategia \u00abDe la ferm\u0103 la consumator\u00bb. Sprijinim importan\u021ba investi\u021biilor \u00een tranzi\u021bia verde, dar, \u00een acela\u0219i timp, solicit\u0103m ca aceasta s\u0103 fie \u00eenso\u021bit\u0103 de m\u0103suri de sprijin adecvate. Acestea includ, \u00een primul r\u00e2nd, ajutoarele de stat pentru sectoarele agricol, rural \u0219i forestier, care trebuie s\u0103 devin\u0103 mai flexibile \u0219i mai simple. \u00cen acest scop, solicit\u0103m o redefinire a conceptului de \u00eentreprinderi mici \u0219i mijlocii, cre\u00e2nd o nou\u0103 defini\u021bie a micro\u00eentreprinderilor \u00een mod specific pentru sectorul agricol, deoarece cred cu t\u0103rie c\u0103 aceste \u00eentreprinderi trebuie sprijinite, ele fiind cele mai potrivite pentru realizarea tranzi\u021biei verzi<\/span><\/i><span style=\"font-weight: 400;\">\u201d, a declarat raportorul.\u00a0<\/span><\/p>\n<p><span style=\"font-weight: 400;\">Liderii locali \u0219i regionali solicit\u0103 sprijinirea exploata\u021biilor agricole \u00een vederea tranzi\u021biei verzi, \u00een special a \u00eentreprinderilor mai mici care \u00ee\u0219i desf\u0103\u0219oar\u0103 activitatea \u00een domeniul protec\u021biei peisajului, precum \u0219i a micro\u00eentreprinderilor care nu ar putea face fa\u021b\u0103 singure tranzi\u021biei. Membrii CoR subliniaz\u0103, de asemenea, c\u0103 ar trebui s\u0103 se acorde un sprijin suficient IMM-urilor din zonele rurale, f\u0103r\u0103 a face distinc\u021bie \u00eentre cele care \u00ee\u0219i desf\u0103\u0219oar\u0103 activitatea \u00een sectorul agricol \u0219i cele care nu desf\u0103\u0219oar\u0103 activit\u0103\u021bi agricole.\u00a0<\/span><\/p>\n<p><span style=\"font-weight: 400;\">Comisia European\u0103 trebuie s\u0103 prezinte noi propuneri pentru acordarea de ajutoare de stat \u00een sectorul agricol, care s\u0103 fie puse \u00een aplicare \u00eencep\u00e2nd cu 1\u00a0ianuarie\u00a02023. Comitetul subliniaz\u0103 necesitatea unei simplific\u0103ri reale a procedurilor administrative pentru autorit\u0103\u021bile locale atunci c\u00e2nd acestea beneficiaz\u0103 de ajutoare de stat sau c\u00e2nd trebuie s\u0103 fac\u0103 fa\u021b\u0103 situa\u021biilor de urgen\u021b\u0103. \u00cen prezent, costurile simplificate sunt considerate compatibile cu normele privind ajutoarele de stat numai \u00een contextul ajutoarelor care beneficiaz\u0103 de cofinan\u021bare din surse UE; cu toate acestea, Comitetul sus\u021bine c\u0103 nu exist\u0103 nicio justificare valabil\u0103 pentru a continua s\u0103 se prevad\u0103 metode diferite de calcul al costurilor eligibile \u00een func\u021bie de sursa de finan\u021bare a schemei de ajutor.\u00a0<\/span><\/p>\n<p><span style=\"font-weight: 400;\">Al\u0103turi de agricultur\u0103, sectorul forestier are un rol socioeconomic esen\u021bial pentru dezvoltarea regional\u0103, \u00een special \u00een zonele cele mai \u00eendep\u0103rtate, \u00een regiunile montane \u0219i \u00een teritoriile cele mai defavorizate. \u00cen ceea ce prive\u0219te acest sector, liderii locali solicit\u0103 ca sprijinul pentru infrastructur\u0103 s\u0103 nu fie considerat ajutor de stat implicit atunci c\u00e2nd se refer\u0103 la investi\u021bii neproductive. \u00centr-un <\/span><a href=\"https:\/\/cor.europa.eu\/ro\/our-work\/Pages\/OpinionTimeline.aspx?opId=CDR-4822-2021\"><b>aviz separat<\/b><\/a><span style=\"font-weight: 400;\"> adoptat \u00een sesiunea plenar\u0103, elaborat de secretarul regional pentru UE \u0219i rela\u021bii externe al Guvernului Comunit\u0103\u021bii Autonome Valencia, <\/span><a href=\"https:\/\/cor.europa.eu\/ro\/members\/Pages\/memberprofile.aspx?MemberId=2034317\"><b>Joan Calabuig Rull<\/b><\/a><span style=\"font-weight: 400;\"> (ES-PSE), membrii CoR subliniaz\u0103 contribu\u021bia pozitiv\u0103 a produselor forestiere prelucrate \u0219i gestionate industrial \u0219i \u00een mod durabil la multe economii regionale.<\/span><\/p>\n<p><span style=\"font-weight: 400;\">Avizul privind Strategia UE pentru p\u0103duri pentru\u00a02030 atrage aten\u021bia Comisiei Europene asupra necesit\u0103\u021bii de a g\u0103si un echilibru \u00eentre aspectele de mediu, sociale \u0219i economice ale gestion\u0103rii durabile a p\u0103durilor \u0219i subliniaz\u0103 importan\u021ba respect\u0103rii \u0219i men\u021binerii diversit\u0103\u021bii p\u0103durilor prin practici de gestionare durabil\u0103.<\/span><\/p>\n<p><span style=\"font-weight: 400;\">Liderii locali subliniaz\u0103 c\u0103 gestionarea durabil\u0103 a p\u0103durilor necesit\u0103 mai mult\u0103 finan\u021bare european\u0103 prin angajarea unor resurse financiare clare \u0219i realiste, simplific\u00e2nd \u00een acela\u0219i timp procesele administrative.<\/span><\/p>\n<p><span style=\"font-weight: 400;\">Raportorul Calabuig a declarat: \u201e<\/span><i><span style=\"font-weight: 400;\">Stabilirea unui cadru \u0219i a unor obiective comune la nivel european este foarte pozitiv\u0103, dar aceasta nu \u00eenseamn\u0103 sl\u0103birea subsidiarit\u0103\u021bii \u00een acest domeniu, av\u00e2nd \u00een vedere diversitatea p\u0103durilor din Europa \u0219i faptul c\u0103 40\u00a0% din p\u0103duri sunt gestionate de autorit\u0103\u021bile locale \u0219i regionale. UE, care are o gam\u0103 larg\u0103 de competen\u021be \u00een chestiuni conexe, ar trebui s\u0103 sprijine regiunile \u0219i municipalit\u0103\u021bile, deoarece acestea sunt cele care, la urma urmelor, vor pune \u00een aplicare strategia european\u0103. Aceast\u0103 abordare este esen\u021bial\u0103 pentru gestionarea durabil\u0103 a p\u0103durilor, \u00een lumina celor trei dimensiuni: social\u0103, economic\u0103 \u0219i de mediu.<\/span><\/i><span style=\"font-weight: 400;\">\u201d<\/span><\/p>\n<p><span style=\"font-weight: 400;\">Sectorul forestier, agricultura \u0219i produsele legate de utilizarea terenurilor, cum ar fi biomasa, produsele pe baz\u0103 de lemn \u0219i bioprodusele, contribuie \u00een mod semnificativ la dezvoltarea economic\u0103 \u0219i la crearea de locuri de munc\u0103 \u00een zonele rurale. Sectoarele exploat\u0103rii terenurilor, schimb\u0103rii destina\u021biei terenurilor \u0219i forestier sunt, de asemenea, esen\u021biale pentru politica \u00een domeniul climei. <\/span><a href=\"https:\/\/cor.europa.eu\/ro\/members\/Pages\/memberprofile.aspx?MemberId=2032265\"><b>\u00c5sa \u00c5gren Wikstr\u00f6m<\/b><\/a><span style=\"font-weight: 400;\"> (SE-PPE), membr\u0103 a Consiliului comitatului V\u00e4sterbotten \u0219i raportoare a <\/span><a href=\"https:\/\/cor.europa.eu\/ro\/our-work\/Pages\/OpinionTimeline.aspx?opId=CDR-61-2022\"><b>avizului adoptat pe tema \u201eRevizuirea Regulamentului privind exploatarea terenurilor, schimbarea destina\u021biei terenurilor \u0219i silvicultura (LULUCF) \u0219i a Regulamentului privind partajarea eforturilor\u201d<\/b><\/a><span style=\"font-weight: 400;\">, a declarat: \u201e<\/span><i><span style=\"font-weight: 400;\">Trebuie s\u0103 vedem \u00eentregul poten\u021bial al sectorului forestier \u00een ceea ce prive\u0219te atenuarea schimb\u0103rilor climatice \u0219i dezvoltarea bioeconomiei locale \u0219i regionale. Sechestrarea carbonului \u00een p\u0103dure, utilizarea produselor \u0219i a bioenergiei din p\u0103duri pot contribui la reducerea impactului asupra climei, precum \u0219i la crearea de noi locuri de munc\u0103. Schimb\u0103rile climatice reprezint\u0103 o problem\u0103 transfrontalier\u0103 care nu poate fi rezolvat\u0103 doar prin luarea de m\u0103suri la nivel na\u021bional sau local. Toate sectoarele economiei trebuie s\u0103 contribuie la reducerea emisiilor de dioxid de carbon \u0219i, \u00een acela\u0219i timp, s\u0103 asigure un echilibru \u00eentre echitate \u0219i solidaritate. Transformarea necesar\u0103 trebuie s\u0103 se bazeze pe fapte \u0219i s\u0103 implice autorit\u0103\u021bile locale \u0219i regionale.\u201d\u00a0<\/span><\/i><\/p>\n<p><b>Informa\u021bii suplimentare:<\/b><\/p>\n<p><span style=\"font-weight: 400;\">\u00cen mai 2021, Comisia European\u0103 a publicat<\/span><a href=\"https:\/\/eur-lex.europa.eu\/legal-content\/RO\/ALL\/?uri=SWD:2021:108:FIN\"><b>un document de lucru al serviciilor Comisiei<\/b><\/a><span style=\"font-weight: 400;\"> care sintetizeaz\u0103 <\/span><a href=\"https:\/\/ec.europa.eu\/competition-policy\/public-consultations\/2022-agri_ro\"><b>rezultatele unei evalu\u0103ri<\/b><\/a><span style=\"font-weight: 400;\">a normelor privind ajutoarele de stat pentru sectoarele agricol \u0219i forestier \u0219i pentru zonele rurale. Evaluarea concluzioneaz\u0103 c\u0103 ar putea fi necesare unele ajust\u0103ri specifice pentru a alinia normele actuale la priorit\u0103\u021bile actuale ale UE, la viitoarea politic\u0103 agricol\u0103 comun\u0103 (PAC) \u0219i la Pactul verde european. Adoptarea normelor revizuite este planificat\u0103 pentru sf\u00e2r\u0219itul anului\u00a02022, pentru a fi puse \u00een aplicare \u00een\u00a02023.<\/span><\/p>\n<p><span style=\"font-weight: 400;\">Parlamentul \u0219i Consiliul UE au adoptat noile regulamente legate de PAC, \u00een special <\/span><a href=\"https:\/\/eur-lex.europa.eu\/LexUriServ\/LexUriServ.do?uri=OJ:L:2021:435:SOM:RO:HTML\"><b>Regulamentul\u00a0(UE)\u00a02021\/2115,<\/b><\/a><span style=\"font-weight: 400;\"> care stabile\u0219te norme privind sprijinul pentru planurile strategice, \u021bin\u00e2nd seama de <\/span><a href=\"https:\/\/cor.europa.eu\/ro\/our-work\/Pages\/OpinionTimeline.aspx?opId=CDR-3637-2018\"><b>avizul CoR privind noua politic\u0103 agricol\u0103 comun\u0103<\/b><\/a><span style=\"font-weight: 400;\">.<\/span><\/p>\n<p><span style=\"font-weight: 400;\">\u00cen ianuarie 2022, CoR a adoptat un aviz pe tema <\/span><a href=\"https:\/\/cor.europa.eu\/ro\/news\/Pages\/recovery-rural-areas.aspx\"><b>\u201eO viziune pe termen lung pentru zonele rurale\u201d<\/b><\/a><span style=\"font-weight: 400;\">, elaborat de pre\u0219edintele Andaluziei, Juanma Moreno.<\/span><\/p>\n<p><span style=\"font-weight: 400;\">Comitetul Regiunilor \u0219i-a exprimat deja opiniile cu privire la Strategia UE privind biodiversitatea \u0219i la Strategia \u201eDe la ferm\u0103 la consumator\u201d, prin avizele sale pe tema <\/span><a href=\"https:\/\/cor.europa.eu\/ro\/our-work\/Pages\/OpinionTimeline.aspx?opId=CDR-4014-2020\"><b>\u201eBiodiversitatea \u00een ora\u0219e \u0219i regiuni dup\u0103\u00a02020, \u00een cadrul celei de\u00a0a\u00a015-a Conferin\u021be a p\u0103r\u021bilor la Conven\u021bia privind diversitatea biologic\u0103 a ONU \u0219i al Strategiei UE privind biodiversitatea pentru 2030\u201d<\/b><\/a><span style=\"font-weight: 400;\"> \u0219i pe tema <\/span><a href=\"https:\/\/eur-lex.europa.eu\/legal-content\/RO\/TXT\/?uri=uriserv:OJ.C_.2021.037.01.0022.01.ENG&amp;toc=OJ:C:2021:037:TOC\"><b>\u201eDe la ferm\u0103 la consumator \u2013 dimensiunea local\u0103 \u0219i regional\u0103\u201d<\/b><\/a><span style=\"font-weight: 400;\">.<\/span><\/p>\n<p><span style=\"font-weight: 400;\">P\u0103durile acoper\u0103 o propor\u021bie tot mai mare de terenuri (\u00een prezent 43\u00a0%), \u00een principal \u00een regiunile depopulate. Sectorul forestier (gestionare \u0219i recoltare, prelucrarea industrial\u0103 a lemnului \u0219i a h\u00e2rtiei) a angajat \u00een mod direct 2,1\u00a0milioane de persoane \u00een UE \u00een\u00a02018, gener\u00e2nd o valoare ad\u0103ugat\u0103 brut\u0103 de 109\u00a0855 milioane de EUR. \u00cen\u00a02018, 397\u00a0000\u00a0de\u00a0\u00eentreprinderi \u00ee\u0219i desf\u0103\u0219urau activitatea \u00een industriile forestiere, reprezent\u00e2nd 15\u00a0% din \u00eentreprinderile produc\u0103toare. \u00cen plus, 1,2\u00a0milioane de persoane au lucrat la fabricarea de mobil\u0103 din lemn \u0219i la tip\u0103rirea pe h\u00e2rtie, gener\u00e2nd o valoare ad\u0103ugat\u0103 brut\u0103 de\u00a025\u00a0000 \u0219i, respectiv, 31\u00a0000\u00a0de milioane de EUR. Pe l\u00e2ng\u0103 acestea, trebuie men\u021bionat c\u0103 bioenergia, construc\u021biile de lemn \u0219i produsele forestiere nelemnoase au asigurat \u00eenc\u0103 4\u00a0milioane\u00a0de\u00a0locuri de munc\u0103.<\/span><\/p>\n<p><span style=\"font-weight: 400;\">Practicile agricole durabile \u0219i strategiile forestiere reziliente la schimb\u0103rile climatice care respect\u0103 \u0219i contribuie la refacerea biodiversit\u0103\u021bii \u00een Europa sunt elemente-cheie ale Pactului verde european, strategia de cre\u0219tere a UE pentru a atinge neutralitatea climatic\u0103 p\u00e2n\u0103 \u00een\u00a02050. <\/span><a href=\"https:\/\/cor.europa.eu\/ro\/engage\/Pages\/green-deal.aspx\"><b>Pactul verde la nivel local<\/b><\/a><span style=\"font-weight: 400;\"> este o ini\u021biativ\u0103 emblematic\u0103 a Comitetului European al Regiunilor, care urm\u0103re\u0219te s\u0103 plaseze ora\u0219ele \u0219i regiunile \u00een centrul tranzi\u021biei UE c\u0103tre neutralitatea climatic\u0103. Acesta include mai multe apeluri la ac\u021biune, cum ar fi <\/span><a href=\"https:\/\/cor.europa.eu\/ro\/engage\/Pages\/trees-for-life.aspx\"><b><i>Trees for Life<\/i><\/b><\/a><span style=\"font-weight: 400;\">, un <\/span><a href=\"https:\/\/ec.europa.eu\/eusurvey\/runner\/GreenDeal_Mid-term_review\"><b>sondaj pentru a colecta punctele de vedere ale ora\u0219elor \u0219i regiunilor cu privire la provoc\u0103rile \u0219i oportunit\u0103\u021bile punerii \u00een aplicare a Pactului verde european la nivel local<\/b><\/a><span style=\"font-weight: 400;\"> \u0219i un apel adresat tuturor autorit\u0103\u021bilor locale \u0219i regionale de a-\u0219i <\/span><a href=\"https:\/\/ec.europa.eu\/eusurvey\/runner\/GDProfiles2021\"><b>\u00eemp\u0103rt\u0103\u0219i angajamentele \u00een materie de clim\u0103<\/b><\/a><span style=\"font-weight: 400;\">.<\/span><\/p>\n<p>&nbsp;<\/p>\n","protected":false},"excerpt":{"rendered":"<p>Gestionarea durabil\u0103 \u0219i eficient\u0103 a agriculturii \u0219i silviculturii este esen\u021bial\u0103 pentru conservarea \u0219i protejarea peisajului, men\u021binerea \u00een via\u021b\u0103 a economiilor rurale, contracararea depopul\u0103rii \u0219i, astfel, eliminarea disparit\u0103\u021bilor \u00een materie de dezvoltare. Liderii locali \u0219i regionali solicit\u0103 Uniunii Europene s\u0103 sprijine IMM-urile \u0219i micro\u00eentreprinderile din zonele rurale, \u00een special prin proceduri simplificate privind normele pentru ajutoare [&hellip;]<\/p>\n","protected":false},"author":1,"featured_media":1171,"comment_status":"open","ping_status":"closed","sticky":false,"template":"","format":"standard","meta":{"_bbp_topic_count":0,"_bbp_reply_count":0,"_bbp_total_topic_count":0,"_bbp_total_reply_count":0,"_bbp_voice_count":0,"_bbp_anonymous_reply_count":0,"_bbp_topic_count_hidden":0,"_bbp_reply_count_hidden":0,"_bbp_forum_subforum_count":0,"footnotes":""},"categories":[84],"tags":[],"_links":{"self":[{"href":"https:\/\/cor.borbolycsaba.ro\/ro\/index.php?rest_route=\/wp\/v2\/posts\/1170"}],"collection":[{"href":"https:\/\/cor.borbolycsaba.ro\/ro\/index.php?rest_route=\/wp\/v2\/posts"}],"about":[{"href":"https:\/\/cor.borbolycsaba.ro\/ro\/index.php?rest_route=\/wp\/v2\/types\/post"}],"author":[{"embeddable":true,"href":"https:\/\/cor.borbolycsaba.ro\/ro\/index.php?rest_route=\/wp\/v2\/users\/1"}],"replies":[{"embeddable":true,"href":"https:\/\/cor.borbolycsaba.ro\/ro\/index.php?rest_route=%2Fwp%2Fv2%2Fcomments&post=1170"}],"version-history":[{"count":1,"href":"https:\/\/cor.borbolycsaba.ro\/ro\/index.php?rest_route=\/wp\/v2\/posts\/1170\/revisions"}],"predecessor-version":[{"id":1172,"href":"https:\/\/cor.borbolycsaba.ro\/ro\/index.php?rest_route=\/wp\/v2\/posts\/1170\/revisions\/1172"}],"wp:featuredmedia":[{"embeddable":true,"href":"https:\/\/cor.borbolycsaba.ro\/ro\/index.php?rest_route=\/wp\/v2\/media\/1171"}],"wp:attachment":[{"href":"https:\/\/cor.borbolycsaba.ro\/ro\/index.php?rest_route=%2Fwp%2Fv2%2Fmedia&parent=1170"}],"wp:term":[{"taxonomy":"category","embeddable":true,"href":"https:\/\/cor.borbolycsaba.ro\/ro\/index.php?rest_route=%2Fwp%2Fv2%2Fcategories&post=1170"},{"taxonomy":"post_tag","embeddable":true,"href":"https:\/\/cor.borbolycsaba.ro\/ro\/index.php?rest_route=%2Fwp%2Fv2%2Ftags&post=1170"}],"curies":[{"name":"wp","href":"https:\/\/api.w.org\/{rel}","templated":true}]}}