{"id":1167,"date":"2022-04-29T05:53:15","date_gmt":"2022-04-29T05:53:15","guid":{"rendered":"https:\/\/cor.borbolycsaba.ro\/ro\/?p=1167"},"modified":"2022-05-10T05:54:12","modified_gmt":"2022-05-10T05:54:12","slug":"liderii-locali-si-regionali-sunt-pregatiti-sa-contribuie-la-promovarea-valorilor-europene-prin-educatie-pentru-a-contracara-amenintarile-la-adresa-democratiei","status":"publish","type":"post","link":"https:\/\/cor.borbolycsaba.ro\/ro\/?p=1167","title":{"rendered":"Liderii locali \u0219i regionali sunt preg\u0103ti\u021bi s\u0103 contribuie la promovarea valorilor europene prin educa\u021bie pentru a contracara amenin\u021b\u0103rile la adresa democra\u021biei \u00a0"},"content":{"rendered":"<p><b>Fiind nivelul de guvernare cel mai apropiat de cet\u0103\u021beni, autorit\u0103\u021bile locale \u0219i regionale din UE joac\u0103 un rol esen\u021bial \u00een promovarea valorilor europene \u0219i \u00een \u00eencurajarea particip\u0103rii cet\u0103\u021benilor la procesele democratice. Liderii locali \u0219i regionali sunt de acord \u00een ceea ce prive\u0219te necesitatea urgent\u0103 de a promova democra\u021bia european\u0103 \u00een educa\u021bie, astfel cum solicit\u0103 cet\u0103\u021benii \u00een cadrul <\/b><a href=\"https:\/\/futureu.europa.eu\/?locale=en\"><b>Conferin\u021bei privind viitorul Europei<\/b><\/a><b>. Acesta a fost principalul mesaj transmis \u00een timpul dezbaterii privind promovarea valorilor europene prin educa\u021bie pentru promovarea cet\u0103\u021beniei UE, desf\u0103\u0219urat\u0103 \u00een cadrul sesiunii plenare a <\/b><a href=\"https:\/\/cor.europa.eu\/en\"><b>Comitetului European al Regiunilor<\/b><\/a><b> (CoR) din 28 aprilie. Membrii CoR au adoptat, de asemenea, un <\/b><a href=\"https:\/\/cor.europa.eu\/ro\/our-work\/Pages\/OpinionTimeline.aspx?opId=CDR-1120-2022\"><b>aviz<\/b><\/a><b> privind consolidarea democra\u021biei \u0219i a integrit\u0103\u021bii alegerilor, care subliniaz\u0103 necesitatea unei particip\u0103ri deschise, echitabile, pluraliste \u0219i democratice la nivel local \u0219i regional.\u00a0<\/b><\/p>\n<p><span style=\"font-weight: 400;\">Promovarea valorilor democratice europene este deosebit de important\u0103 pentru combaterea amenin\u021b\u0103rilor la adresa democra\u021biei \u0219i ar trebui s\u0103 constituie un element esen\u021bial \u00een educa\u021bia tuturor cet\u0103\u021benilor UE. Av\u00e2nd \u00een vedere concluziile finale ale <\/span><a href=\"https:\/\/futureu.europa.eu\/?locale=ro\"><b>Conferin\u021bei privind viitorul Europei<\/b><\/a><span style=\"font-weight: 400;\"> (COFE), este de a\u0219teptat s\u0103 se dea curs \u00een continuare recomand\u0103rilor cet\u0103\u021benilor de a introduce un nivel minim de educa\u021bie despre UE \u0219i, \u00een special, despre procesele sale democratice.\u00a0<\/span><\/p>\n<p><span style=\"font-weight: 400;\">\u00cen cursul dezbaterii care a avut loc \u00een cadrul <\/span><a href=\"https:\/\/cor.europa.eu\/ro\/events\/Pages\/149th-cor-plenary-session.aspx?origin=spotlight\"><b>sesiunii plenare<\/b><\/a><span style=\"font-weight: 400;\"> a CoR pe tema <\/span><i><span style=\"font-weight: 400;\">\u201ePromovarea valorilor democratice europene prin educa\u021bie pentru promovarea cet\u0103\u021beniei UE\u201d<\/span><\/i><span style=\"font-weight: 400;\">, liderii locali \u0219i regionali au confirmat c\u0103 sunt preg\u0103ti\u021bi s\u0103 se bazeze pe bunele practici existente \u0219i s\u0103 dezvolte instrumente comune \u2013 pe o baz\u0103 ascendent\u0103, voluntar\u0103 \u0219i cu respectarea deplin\u0103 a subsidiarit\u0103\u021bii \u2013 pentru a promova educa\u021bia civic\u0103 \u00een scopul de a aprofunda \u00een\u021belegerea de c\u0103tre cet\u0103\u021beni a democra\u021biei \u0219i a valorilor europene, \u0219i pentru a \u00eencuraja dezbaterea privind Uniunea European\u0103. Ace\u0219tia au subliniat, de asemenea, c\u0103 materialele \u0219i resursele didactice inovatoare ar aduce beneficii \u0219colilor \u0219i altor institu\u021bii de \u00eenv\u0103\u021b\u0103m\u00e2nt, ajut\u00e2ndu-le s\u0103 \u00eendeplineasc\u0103 aceast\u0103 sarcin\u0103.\u00cen acest scop, CoR a lansat o invita\u021bie pentru prezentarea de exemple de bune practici \u0219i, \u00eempreun\u0103 cu membrii s\u0103i, <\/span><a href=\"https:\/\/cor.europa.eu\/ro\/regions\/Pages\/EIR-map.aspx?view=stories&amp;type=sedec\"><b>a colectat sute<\/b><\/a><span style=\"font-weight: 400;\"> de astfel de ini\u021biative \u00een regiuni din \u00eentreaga Europ\u0103.<\/span><\/p>\n<p><span style=\"font-weight: 400;\">Pre\u0219edintele CoR <\/span><a href=\"https:\/\/cor.europa.eu\/ro\/members\/Pages\/memberprofile.aspx?MemberId=2032166\"><b>Apostolos Tzitzikostas<\/b><\/a><span style=\"font-weight: 400;\">, guvernatorul regiunii Macedonia Central\u0103 din Grecia \u0219i \u0219eful <\/span><a href=\"https:\/\/cor.europa.eu\/ro\/engage\/Pages\/conference-future-of-europe.aspx\"><b>delega\u021biei autorit\u0103\u021bilor locale \u0219i regionale la sesiunea plenar\u0103 a COFE<\/b><\/a><span style=\"font-weight: 400;\">, a declarat: <\/span><i><span style=\"font-weight: 400;\">\u201eR\u0103zboiul din Ucraina ne-a demonstrat \u00een mod clar c\u0103 pacea \u0219i democra\u021bia nu reprezint\u0103 o garan\u021bie \u00een Europa. \u00cen calitate de lideri locali \u0219i regionali, trebuie s\u0103 inform\u0103m \u0219i s\u0103 capacit\u0103m tinerii, astfel \u00eenc\u00e2t ace\u0219tia s\u0103 discute despre Uniunea European\u0103. Obiectivul nostru este de a promova cet\u0103\u021benia \u0219i de a consolida angajamentul cet\u0103\u021benilor. Nu putem sprijini Europa dac\u0103 nu ne \u00eengrijim de ea \u0219i dac\u0103 nu \u00eenv\u0103\u021b\u0103m cum s\u0103 facem acest lucru zi de zi. Prin urmare, trebuie dezvoltat\u0103 ascendent o program\u0103 european\u0103 de educa\u021bie civic\u0103 care s\u0103 promoveze valorile democratice europene, g\u00e2ndirea critic\u0103 \u0219i educa\u021bia \u00een domeniul mass-mediei. Acest lucru va spori gradul de con\u0219tientizare cu privire la proiectul european, precum \u0219i participarea cet\u0103\u021benilor, \u00een special a genera\u021biilor mai tinere, la procesele democratice ale UE.\u201d<\/span><\/i><\/p>\n<p><b>Dubravka \u0160uica<\/b><span style=\"font-weight: 400;\">, vicepre\u0219edinta Comisiei Europene responsabil\u0103 cu democra\u021bia \u0219i demografia, a afirmat urm\u0103toarele: <\/span><i><span style=\"font-weight: 400;\">\u201e\u00cen calitate de fost primar \u0219i cadru didactic, salut apelul lansat de Comitetul European al Regiunilor \u00een favoarea promov\u0103rii valorilor, identit\u0103\u021bilor \u0219i cet\u0103\u021beniei europene prin educa\u021bie \u0219i cultur\u0103, la nivel regional \u0219i local. \u00cenc\u0103 din primele etape \u0219i de-a lungul \u00eentregii noastre vie\u021bi, pentru a purta discu\u021bii \u00een cuno\u0219tin\u021b\u0103 de cauz\u0103, este nevoie de cet\u0103\u021beni informa\u021bi. La 9\u00a0mai, raportul final al Conferin\u021bei privind viitorul Europei va fi prezentat pre\u0219edin\u021bilor Parlamentului European, Consiliului UE \u0219i Comisiei Europene, la Strasbourg. Aceast\u0103 conferin\u021b\u0103 este o celebrare a valorilor noastre, un spa\u021biu pentru dezbateri libere \u0219i deliber\u0103ri \u00een centrul c\u0103rora se afl\u0103 cet\u0103\u021benii, \u00een contrast cu evenimentele brutale din Ucraina. Este esen\u021bial ca Comisia European\u0103 \u0219i Comitetul European al Regiunilor, autorit\u0103\u021bile regionale \u0219i locale, s\u0103 continue s\u0103 colaboreze \u00eendeaproape pentru ca democra\u021bia noastr\u0103 \u0219i institu\u021biile democratice care stau la baza acesteia s\u0103 fie preg\u0103tite pentru viitor.<\/span><\/i><span style=\"font-weight: 400;\">\u201d<\/span><\/p>\n<p><b>Dom\u00e8nec Ruiz Devesa<\/b><span style=\"font-weight: 400;\">, deputat \u00een Parlamentul European (PE) \u0219i raportorul recentei rezolu\u021bii a PE privind introducerea educa\u021biei civice \u00een \u00eenv\u0103\u021b\u0103m\u00e2nt, \u0219i, totodat\u0103, membru al grupului de lucru privind democra\u021bia UE din cadrul COFE, a spus: <\/span><i><span style=\"font-weight: 400;\">\u201eCum le putem cere cet\u0103\u021benilor s\u0103 se implice la nivelul Uniunii Europene, dac\u0103 nu o \u00een\u021beleg? Trebuie s\u0103 ne asigur\u0103m c\u0103 copiii no\u0219tri dob\u00e2ndesc timpuriu cuno\u0219tin\u021bele necesare pentru a ac\u021biona. Este ceea ce au solicitat \u00een cadrul Conferin\u021bei privind viitorul Europei, \u0219i trebuie s\u0103 ob\u021binem rezultate \u00een acest sens. \u00cen fa\u021ba amenin\u021b\u0103rii pe care o reprezint\u0103 regresul democratic \u00een Europa \u0219i \u00een str\u0103in\u0103tate, nu ne putem permite solu\u021bii \u00abpaliative\u00bb. Avem nevoie de solu\u021bii cu impact, sistemice, cum ar fi prezentarea unei programe europene de \u00eenv\u0103\u021b\u0103m\u00e2nt pentru educa\u021bia civic\u0103, explicarea istoriei Uniunii, a valorilor \u0219i a institu\u021biilor sale, precum \u0219i a modului \u00een care acestea func\u021bioneaz\u0103.\u201d\u00a0<\/span><\/i><\/p>\n<p><span style=\"font-weight: 400;\">Participarea electoral\u0103 \u0219i educa\u021bia privind democra\u021bia \u0219i cet\u0103\u021benia european\u0103 sunt indisolubil legate. Prin adoptarea avizului \u201e<\/span><a href=\"https:\/\/cor.europa.eu\/ro\/our-work\/Pages\/OpinionTimeline.aspx?opId=CDR-1120-2022\"><b>Consolidarea democra\u021biei \u0219i a integrit\u0103\u021bii alegerilor<\/b><\/a><span style=\"font-weight: 400;\">\u201d, membrii CoR au precizat \u00een mod clar c\u0103 este necesar s\u0103 se introduc\u0103 diferite solu\u021bii de votare de la distan\u021b\u0103 pentru ca procesele electorale la nivel regional, na\u021bional \u0219i european s\u0103 devin\u0103 mai favorabile incluziunii \u0219i mai ecologice. Ei au solicitat includerea nivelului local \u0219i regional \u00eentr-un \u201emecanism comun de rezilien\u021b\u0103 electoral\u0103\u201d pentru a proteja integritatea alegerilor de poten\u021bialele amenin\u021b\u0103ri.<\/span><\/p>\n<p><a href=\"https:\/\/cor.europa.eu\/ro\/members\/Pages\/memberprofile.aspx?MemberId=22007\"><b>Vincenzo Bianco<\/b><\/a><span style=\"font-weight: 400;\"> (IT-PSE), membru al Consiliului Local Catania \u0219i raportor al acestui aviz, a subliniat c\u0103 <\/span><i><span style=\"font-weight: 400;\">\u201eexist\u0103 riscuri grave \u0219i evidente care pot submina corectitudinea campaniilor electorale \u0219i \u00eens\u0103\u0219i desf\u0103\u0219urarea alegerilor.\u00a0Ne g\u00e2ndim la r\u0103sp\u00e2ndirea masiv\u0103 a \u0219tirilor false, a mesajelor rasiste \u0219i discriminatorii \u0219i la posibila falsificare a votului de la distan\u021b\u0103.\u00a0Avem nevoie de r\u0103spunsuri clare \u0219i eficace \u0219i de o atitudine serioas\u0103 \u0219i riguroas\u0103 din partea institu\u021biilor europene.\u201d<\/span><\/i><\/p>\n<p><span style=\"font-weight: 400;\">El a subliniat, de asemenea, c\u0103 trebuie consolidate participarea cet\u0103\u021benilor la institu\u021biile locale, precum \u0219i implicarea municipalit\u0103\u021bilor \u0219i a regiunilor \u00een promovarea unor forme \u0219i instrumente inovatoare de votare, inclusiv prin promovarea unor modalit\u0103\u021bi ecologice \u0219i durabile de organizare a alegerilor.\u00a0<\/span><\/p>\n<p><span style=\"font-weight: 400;\">Membrii CoR au subliniat necesitatea unor ini\u021biative specifice de combatere a r\u0103sp\u00e2ndirii dezinform\u0103rii la toate nivelurile, efort \u00een care autorit\u0103\u021bile locale \u0219i regionale ar trebui s\u0103 fie recunoscute ca parteneri-cheie<\/span><\/p>\n","protected":false},"excerpt":{"rendered":"<p>Fiind nivelul de guvernare cel mai apropiat de cet\u0103\u021beni, autorit\u0103\u021bile locale \u0219i regionale din UE joac\u0103 un rol esen\u021bial \u00een promovarea valorilor europene \u0219i \u00een \u00eencurajarea particip\u0103rii cet\u0103\u021benilor la procesele democratice. Liderii locali \u0219i regionali sunt de acord \u00een ceea ce prive\u0219te necesitatea urgent\u0103 de a promova democra\u021bia european\u0103 \u00een educa\u021bie, astfel cum solicit\u0103 cet\u0103\u021benii [&hellip;]<\/p>\n","protected":false},"author":1,"featured_media":1168,"comment_status":"open","ping_status":"closed","sticky":false,"template":"","format":"standard","meta":{"_bbp_topic_count":0,"_bbp_reply_count":0,"_bbp_total_topic_count":0,"_bbp_total_reply_count":0,"_bbp_voice_count":0,"_bbp_anonymous_reply_count":0,"_bbp_topic_count_hidden":0,"_bbp_reply_count_hidden":0,"_bbp_forum_subforum_count":0,"footnotes":""},"categories":[84],"tags":[],"_links":{"self":[{"href":"https:\/\/cor.borbolycsaba.ro\/ro\/index.php?rest_route=\/wp\/v2\/posts\/1167"}],"collection":[{"href":"https:\/\/cor.borbolycsaba.ro\/ro\/index.php?rest_route=\/wp\/v2\/posts"}],"about":[{"href":"https:\/\/cor.borbolycsaba.ro\/ro\/index.php?rest_route=\/wp\/v2\/types\/post"}],"author":[{"embeddable":true,"href":"https:\/\/cor.borbolycsaba.ro\/ro\/index.php?rest_route=\/wp\/v2\/users\/1"}],"replies":[{"embeddable":true,"href":"https:\/\/cor.borbolycsaba.ro\/ro\/index.php?rest_route=%2Fwp%2Fv2%2Fcomments&post=1167"}],"version-history":[{"count":1,"href":"https:\/\/cor.borbolycsaba.ro\/ro\/index.php?rest_route=\/wp\/v2\/posts\/1167\/revisions"}],"predecessor-version":[{"id":1169,"href":"https:\/\/cor.borbolycsaba.ro\/ro\/index.php?rest_route=\/wp\/v2\/posts\/1167\/revisions\/1169"}],"wp:featuredmedia":[{"embeddable":true,"href":"https:\/\/cor.borbolycsaba.ro\/ro\/index.php?rest_route=\/wp\/v2\/media\/1168"}],"wp:attachment":[{"href":"https:\/\/cor.borbolycsaba.ro\/ro\/index.php?rest_route=%2Fwp%2Fv2%2Fmedia&parent=1167"}],"wp:term":[{"taxonomy":"category","embeddable":true,"href":"https:\/\/cor.borbolycsaba.ro\/ro\/index.php?rest_route=%2Fwp%2Fv2%2Fcategories&post=1167"},{"taxonomy":"post_tag","embeddable":true,"href":"https:\/\/cor.borbolycsaba.ro\/ro\/index.php?rest_route=%2Fwp%2Fv2%2Ftags&post=1167"}],"curies":[{"name":"wp","href":"https:\/\/api.w.org\/{rel}","templated":true}]}}