{"id":1154,"date":"2022-03-30T11:22:50","date_gmt":"2022-03-30T11:22:50","guid":{"rendered":"https:\/\/cor.borbolycsaba.ro\/ro\/?p=1154"},"modified":"2022-03-30T11:22:50","modified_gmt":"2022-03-30T11:22:50","slug":"initiativa-copaci-pentru-viata-in-judetul-harghita","status":"publish","type":"post","link":"https:\/\/cor.borbolycsaba.ro\/ro\/?p=1154","title":{"rendered":"Ini\u021biativa \u201eCopaci pentru via\u021b\u0103\u201d \u00een jude\u021bul Harghita"},"content":{"rendered":"<p><span style=\"font-weight: 400;\">Consiliul Jude\u021bean Harghita, Asocia\u021bia de Dezvoltare Intercomunitar\u0103 de Dezvoltare Rural\u0103 a Consiliului Jude\u021bean Harghita \u0219i Agen\u021bia de Dezvoltare Jude\u021bean\u0103 Harghita au lansat \u00een jude\u021bul Harghita campania\u00a0 care are drept scop plantarea \u00een jude\u021b a 50.000 de puie\u021bi de pin \u0219i pomi fructiferi, 25.000 de puie\u021bi fiind planta\u021bi sub coordonarea institu\u021biilor mai sus men\u021bionate, combin\u00e2nd mai multe programe.\u00a0<\/span><\/p>\n<p><span style=\"font-weight: 400;\">Prin aceast\u0103 campanie Consiliul Jude\u021bean Harghita se al\u0103tur\u0103 ini\u021biativei Comisiei Europene a Regiunilor, av\u00e2nd obiectivul ambi\u021bios de a planta 3 miliarde de copaci p\u00e2n\u0103 \u00een 2030.\u00a0<\/span><\/p>\n<p><span style=\"font-weight: 400;\">Asocia\u021bia de Dezvoltare Intercomunitar\u0103 de Dezvoltare Rural\u0103 a Consiliului Jude\u021bean Harghita pe l\u00e2ng\u0103 programul \u201eMicul gr\u0103dinar\u201d,\u00a0 contribuie cu programul \u201eMicul p\u0103durar\u201d,\u00a0 lansat anul trecut.\u00a0<\/span><\/p>\n<p><span style=\"font-weight: 400;\">Pentru plantarea celor 25.000 de puie\u021bi r\u0103ma\u0219i sunt a\u0219tepta\u021bi s\u0103 se al\u0103ture ini\u021biativei locuitorii \u0219i organiza\u021biile neguvernamentale din jude\u021b.<\/span><\/p>\n<p><span style=\"font-weight: 400;\">Programul a fost anun\u021bat \u00een data de 26 martie 2022 \u00een cadrul evenimentului de la \u0218umuleu Ciuc intitulat \u201cZiua Gr\u0103dinarilor\u201d. Evenimentul a fost deschis de c\u0103lug\u0103rul franciscan B\u00f6jte Csaba, dup\u0103 Liturghie, \u0219apte puie\u021bi de pomi fructiferi fiind planta\u021bi de c\u0103tre localnici \u0219i oaspe\u021bi. Dup\u0103 plantarea pomilor, \u00een cadrul unei form\u0103ri profesionale, participan\u021bii s-au familiarizat cu practica plant\u0103rii pomilor, altoirii\u00a0 \u0219i t\u0103ierii lor.<\/span><\/p>\n<p><span style=\"font-weight: 400;\">L\u00e1szl\u00f3 Csongor, pre\u0219edintele Asocia\u021biei de Dezvoltare Intercomunitar\u0103 de Dezvoltare Rural\u0103 a Consiliului Jude\u021bean Harghita, a declarat c\u0103 \u00een cadrul programului \u201eMicul p\u0103durar\u201d au fost preda\u021bi aproape dou\u0103 mii de puie\u021bi micilor elevi de care trebuiau s\u0103 aib\u0103 grij\u0103, iar \u00een acest an puie\u021bii vor fi planta\u021bi. Mai multe r\u0103saduri, \u00een cadrul programului \u201cMicul Gr\u0103dinar\u201d,\u00a0 vor fi distribuite copiilor \u00eenainte de vacan\u021ba de var\u0103.\u00a0<\/span><\/p>\n<p><span style=\"font-weight: 400;\">Cu scopul consolid\u0103rii \u00eenv\u0103\u021b\u0103m\u00e2ntului profesional, Cilip \u00c1rp\u00e1d, directorul agen\u021biei de dezvoltare, coopereaz\u0103 cu direc\u021biile de silvicultur\u0103 \u0219i protec\u021bia mediului din jude\u021b. Anul trecut, Agen\u021bia a comandat dou\u0103 studii despre exploata\u021biile publice ale jude\u021bului Harghita \u0219i gospod\u0103rirea p\u0103durilor din jude\u021b \u00eentre anii 1990 \u0219i 2020.<\/span><\/p>\n<p><span style=\"font-weight: 400;\">Borboly Csaba, pre\u0219edintele Consiliului Jude\u021bean Harghita, a f\u0103cut apel la persoane fizice, asocia\u021bii \u0219i entit\u0103\u021bi publice s\u0103 se al\u0103ture ini\u021biativei \u0219i s\u0103 trimit\u0103 rezultatele lor cu fotografii la adresa <\/span><a href=\"&#x6d;&#97;il&#x74;&#x6f;:i&#x6e;&#x66;&#111;&#64;h&#x61;&#114;gi&#x74;&#x61;&#109;e&#x67;&#x79;&#101;.r&#x6f;\"><span style=\"font-weight: 400;\">&#x69;&#x6e;&#102;o&#64;&#x68;&#x61;&#114;gi&#x74;&#x61;&#109;eg&#x79;&#x65;&#x2e;ro<\/span><\/a><span style=\"font-weight: 400;\">.<\/span><\/p>\n<p><span style=\"font-weight: 400;\">\u201eVrem s\u0103 construim un jude\u021b verde, la care s\u0103 se al\u0103ture localnicii, fie \u00een mod organizat, fie ca persoan\u0103 fizic\u0103, plant\u00e2nd copaci acas\u0103, \u00een curtea proprie. Pe l\u00e2ng\u0103 pini, plantarea pomilor fructiferi poate ajuta mul\u021bi tineri s\u0103 \u00eenceap\u0103 o mic\u0103 afacere\u201d a mai spus pre\u0219edintele consiliului jude\u021bean.<\/span><\/p>\n<p>&nbsp;<\/p>\n<p><span style=\"font-weight: 400;\">Miercurea Ciuc, 30 martie 2022<\/span><\/p>\n","protected":false},"excerpt":{"rendered":"<p>Consiliul Jude\u021bean Harghita, Asocia\u021bia de Dezvoltare Intercomunitar\u0103 de Dezvoltare Rural\u0103 a Consiliului Jude\u021bean Harghita \u0219i Agen\u021bia de Dezvoltare Jude\u021bean\u0103 Harghita au lansat \u00een jude\u021bul Harghita campania\u00a0 care are drept scop plantarea \u00een jude\u021b a 50.000 de puie\u021bi de pin \u0219i pomi fructiferi, 25.000 de puie\u021bi fiind planta\u021bi sub coordonarea institu\u021biilor mai sus men\u021bionate, combin\u00e2nd mai [&hellip;]<\/p>\n","protected":false},"author":1,"featured_media":1155,"comment_status":"open","ping_status":"closed","sticky":false,"template":"","format":"standard","meta":{"_bbp_topic_count":0,"_bbp_reply_count":0,"_bbp_total_topic_count":0,"_bbp_total_reply_count":0,"_bbp_voice_count":0,"_bbp_anonymous_reply_count":0,"_bbp_topic_count_hidden":0,"_bbp_reply_count_hidden":0,"_bbp_forum_subforum_count":0,"footnotes":""},"categories":[84],"tags":[],"_links":{"self":[{"href":"https:\/\/cor.borbolycsaba.ro\/ro\/index.php?rest_route=\/wp\/v2\/posts\/1154"}],"collection":[{"href":"https:\/\/cor.borbolycsaba.ro\/ro\/index.php?rest_route=\/wp\/v2\/posts"}],"about":[{"href":"https:\/\/cor.borbolycsaba.ro\/ro\/index.php?rest_route=\/wp\/v2\/types\/post"}],"author":[{"embeddable":true,"href":"https:\/\/cor.borbolycsaba.ro\/ro\/index.php?rest_route=\/wp\/v2\/users\/1"}],"replies":[{"embeddable":true,"href":"https:\/\/cor.borbolycsaba.ro\/ro\/index.php?rest_route=%2Fwp%2Fv2%2Fcomments&post=1154"}],"version-history":[{"count":1,"href":"https:\/\/cor.borbolycsaba.ro\/ro\/index.php?rest_route=\/wp\/v2\/posts\/1154\/revisions"}],"predecessor-version":[{"id":1156,"href":"https:\/\/cor.borbolycsaba.ro\/ro\/index.php?rest_route=\/wp\/v2\/posts\/1154\/revisions\/1156"}],"wp:featuredmedia":[{"embeddable":true,"href":"https:\/\/cor.borbolycsaba.ro\/ro\/index.php?rest_route=\/wp\/v2\/media\/1155"}],"wp:attachment":[{"href":"https:\/\/cor.borbolycsaba.ro\/ro\/index.php?rest_route=%2Fwp%2Fv2%2Fmedia&parent=1154"}],"wp:term":[{"taxonomy":"category","embeddable":true,"href":"https:\/\/cor.borbolycsaba.ro\/ro\/index.php?rest_route=%2Fwp%2Fv2%2Fcategories&post=1154"},{"taxonomy":"post_tag","embeddable":true,"href":"https:\/\/cor.borbolycsaba.ro\/ro\/index.php?rest_route=%2Fwp%2Fv2%2Ftags&post=1154"}],"curies":[{"name":"wp","href":"https:\/\/api.w.org\/{rel}","templated":true}]}}