{"id":1150,"date":"2022-03-16T09:42:33","date_gmt":"2022-03-16T09:42:33","guid":{"rendered":"https:\/\/cor.borbolycsaba.ro\/ro\/?p=1150"},"modified":"2022-03-16T09:42:33","modified_gmt":"2022-03-16T09:42:33","slug":"borboly-csaba-in-asigurarea-tranzitiei-echitabile-catre-neutralitate-climatica-accentul-trebuie-pus-pe-oameni","status":"publish","type":"post","link":"https:\/\/cor.borbolycsaba.ro\/ro\/?p=1150","title":{"rendered":"Borboly Csaba: \u00cen asigurarea tranzi\u021biei echitabile c\u0103tre neutralitate climatic\u0103 accentul trebuie pus pe oameni"},"content":{"rendered":"<p><span style=\"font-weight: 400;\">Primul eveniment de tip Peer Parliament organizat \u00een contextul raportului O Tranzi\u021bie Ecologic\u0103 \u0218i Echitabil\u0103 C\u0103tre Neutralitatea Climatic\u0103 Din Punct De Vedere Social\u00a0<\/span><\/p>\n<p><span style=\"font-weight: 400;\">\u00cen cadrul dezbaterii online organizat\u0103 \u00een contextul raportului referitor la tranzi\u021bia echitabil\u0103 c\u0103tre neutralitate climatic\u0103, Borboly Csaba, pre\u0219edintele Consiliului Jude\u021bean Harghita, membru al comisiei ENVE din cadrul CoR \u0219i raportor pe aceast\u0103 tem\u0103, i-a avut ca parteneri de discu\u021bii, \u00een cadrul primului eveniment de tip Peer Parliament, pe Winkler Gyula, membru al Parlamentului European, Antal L\u00f3r\u00e1nt, senator, Parlamentul Rom\u00e2niei, Comisia pentru energie, Roxana \u0218unic\u0103, coordonator Denkstatt (Climate Pact Ambassadors), dr. CS\u00c1K L\u00e1szl\u00f3, expert.<\/span><\/p>\n<p><span style=\"font-weight: 400;\">\u201cTranzi\u021bia la neutralitatea climatic\u0103 este un obiectiv comun pentru toate \u021b\u0103rile UE \u0219i trebuie s\u0103 avem \u00een vedere investi\u021bii \u0219i reg\u00e2ndirea planurilor de ac\u021biune pentru a proteja grupurile vulnerabile! Majoritatea m\u0103surilor necesare pentru atingerea obiectivelor climatice au o dimensiune teritorial\u0103 specific\u0103, astfel \u00eenc\u00e2t autorit\u0103\u021bile locale \u0219i regionale sunt \u00een cea mai bun\u0103 pozi\u021bie pentru a evalua politicile necesare la nivel local\u201d a apreciat Borboly Csaba.<\/span><\/p>\n<p><span style=\"font-weight: 400;\">Esen\u021ba opiniei formulate de Borboly Csaba este ca tranzi\u021bia s\u0103 fie just\u0103 din punct de vedere social pentru a fi eficient\u0103. Nimeni nu trebuie l\u0103sat \u00een urm\u0103 este deviza Comisiei Europene \u0219i astfel trebuie concepute politici concrete.\u00a0<\/span><\/p>\n<p><span style=\"font-weight: 400;\">\u00cen realizarea acestor deziderate Winkler Gyula, membru al Parlamentului European, a creionat trei idei: folosirea unei abord\u0103ri multilevel \u2013 recunoa\u0219terea contribu\u021biei autorit\u0103\u021bilor locale, regionale \u00een tranzi\u021bia just\u0103 \u0219i costurile pe care acestea le suport\u0103, dimensionarea corect\u0103 a Fondului Social Climatic care s\u0103 fie utilizat pentru investi\u021bii care s\u0103 asigure o tranzi\u021bie echitabil\u0103 \u0219i faptul c\u0103 accentul trebuie s\u0103 fie pus pe oameni.<\/span><\/p>\n<p><span style=\"font-weight: 400;\">\u201ePunctul de pornire al discu\u021biei este criza energetic\u0103 actual\u0103. Fit for 55, Pactul Verde European ar trebui s\u0103 devin\u0103 moderate deoarece \u00een forma ini\u021bial\u0103 nu pot fi implementate \u00een\u00a0 Romania av\u00e2nd in vedere situa\u021bia actuala. \u00centreaga Europa se va confrunta cu o criz\u0103 energetic\u0103 \u0219i Rom\u00e2nia trebuie s\u0103 reg\u00e2ndeasc\u0103, sa recalculeze strategia energetic\u0103, \u0219i cum s\u0103 mearg\u0103 \u00eenainte, cum s\u0103 gestioneze situa\u021bia. Vreau s\u0103 subliniez c\u0103 cel mai important pentru noi este s\u0103-i reprezent\u0103m pe cet\u0103\u021beni, \u0219i \u00een acest sector avem foarte multe provoc\u0103ri \u00een ceea ce prive\u0219te conectarea popula\u021biei la investi\u021biile care s\u0103 le asigure rezilien\u021ba\u201d a apreciat <\/span><span style=\"font-weight: 400;\">Antal L\u00f3r\u00e1nt, senator, Parlamentul Rom\u00e2niei, Comisia pentru energie.<\/span><\/p>\n<p><span style=\"font-weight: 400;\">Roxana \u0218unic\u0103, coordonator\u00a0 Denkstatt, a apreciat importan\u021ba unor astfel de discu\u021bii prin care sunt comunicate c\u0103tre politicieni ideile \u0219i opiniile despre cum ne dorim s\u0103 creion\u0103m viitorul \u00een contextul Pactului Verde \u0219i dorin\u021bei UE de a deveni primul continent neutru din punct de vedere climatic, subliniind c\u0103, prin grupul de consultan\u021b\u0103 pe care-l reprezint\u0103, vor fi organizate evenimente care s\u0103 colecteze propuneri pentru \u00een\u021belegerea corect\u0103 a problemelor cu care se confrunt\u0103 societatea.<\/span><\/p>\n<p><span style=\"font-weight: 400;\">Concluzia evenimentului, formulat\u0103 de dr. Csak Laszlo, expert este aceea c\u0103 politicile ce vizeaz\u0103 tranzi\u021bia verde trebuie concepute astfel \u00eenc\u00e2t via\u021ba grupurilor vulnerabile s\u0103 nu fie \u00eengreunat\u0103 de taxe \u0219i mai mari.<\/span><\/p>\n<p><span style=\"font-weight: 400;\">\u201cProvocarea este comun\u0103 \u0219i trebuie s\u0103 ac\u021bion\u0103m coeziv pentru a ne asigura c\u0103 solu\u021biile bune nu sunt excluse din elaborarea documentelor finale legate de aceast\u0103 implementare echitabil\u0103 din punct de vedere social c\u0103tre neutralitatea climatic\u0103\u201d a mai subliniat Borboly Csaba.<\/span><\/p>\n<p><span style=\"font-weight: 400;\">\u201cO Tranzi\u021bie Ecologic\u0103 \u0219i Echitabil\u0103 c\u0103tre Neutralitatea Climatic\u0103 din punct de vedere Social este proiectul de raport al lui Borboly Csaba, pre\u0219edintele Consiliului Jude\u021bean Harghita, ce urmeaz\u0103 a fi aprobat \u00een comisia de specialitate din cadrul Comitetului European al Regiunilor \u00een 10 martie ac.<\/span><\/p>\n<p><span style=\"font-weight: 400;\">Mai multe informa\u021bii pot fi lecturate aici: <\/span><a href=\"https:\/\/cor.borbolycsaba.ro\/ro\/?page_id=1089\"><span style=\"font-weight: 400;\">https:\/\/cor.borbolycsaba.ro\/ro\/?page_id=1089<\/span><\/a><span style=\"font-weight: 400;\">.<\/span><\/p>\n<p>&nbsp;<\/p>\n<p><span style=\"font-weight: 400;\">Miercurea Ciuc, 7 martie 2022<\/span><\/p>\n","protected":false},"excerpt":{"rendered":"<p>Primul eveniment de tip Peer Parliament organizat \u00een contextul raportului O Tranzi\u021bie Ecologic\u0103 \u0218i Echitabil\u0103 C\u0103tre Neutralitatea Climatic\u0103 Din Punct De Vedere Social\u00a0 \u00cen cadrul dezbaterii online organizat\u0103 \u00een contextul raportului referitor la tranzi\u021bia echitabil\u0103 c\u0103tre neutralitate climatic\u0103, Borboly Csaba, pre\u0219edintele Consiliului Jude\u021bean Harghita, membru al comisiei ENVE din cadrul CoR \u0219i raportor pe aceast\u0103 [&hellip;]<\/p>\n","protected":false},"author":1,"featured_media":1151,"comment_status":"open","ping_status":"closed","sticky":false,"template":"","format":"standard","meta":{"_bbp_topic_count":0,"_bbp_reply_count":0,"_bbp_total_topic_count":0,"_bbp_total_reply_count":0,"_bbp_voice_count":0,"_bbp_anonymous_reply_count":0,"_bbp_topic_count_hidden":0,"_bbp_reply_count_hidden":0,"_bbp_forum_subforum_count":0,"footnotes":""},"categories":[84],"tags":[],"_links":{"self":[{"href":"https:\/\/cor.borbolycsaba.ro\/ro\/index.php?rest_route=\/wp\/v2\/posts\/1150"}],"collection":[{"href":"https:\/\/cor.borbolycsaba.ro\/ro\/index.php?rest_route=\/wp\/v2\/posts"}],"about":[{"href":"https:\/\/cor.borbolycsaba.ro\/ro\/index.php?rest_route=\/wp\/v2\/types\/post"}],"author":[{"embeddable":true,"href":"https:\/\/cor.borbolycsaba.ro\/ro\/index.php?rest_route=\/wp\/v2\/users\/1"}],"replies":[{"embeddable":true,"href":"https:\/\/cor.borbolycsaba.ro\/ro\/index.php?rest_route=%2Fwp%2Fv2%2Fcomments&post=1150"}],"version-history":[{"count":1,"href":"https:\/\/cor.borbolycsaba.ro\/ro\/index.php?rest_route=\/wp\/v2\/posts\/1150\/revisions"}],"predecessor-version":[{"id":1152,"href":"https:\/\/cor.borbolycsaba.ro\/ro\/index.php?rest_route=\/wp\/v2\/posts\/1150\/revisions\/1152"}],"wp:featuredmedia":[{"embeddable":true,"href":"https:\/\/cor.borbolycsaba.ro\/ro\/index.php?rest_route=\/wp\/v2\/media\/1151"}],"wp:attachment":[{"href":"https:\/\/cor.borbolycsaba.ro\/ro\/index.php?rest_route=%2Fwp%2Fv2%2Fmedia&parent=1150"}],"wp:term":[{"taxonomy":"category","embeddable":true,"href":"https:\/\/cor.borbolycsaba.ro\/ro\/index.php?rest_route=%2Fwp%2Fv2%2Fcategories&post=1150"},{"taxonomy":"post_tag","embeddable":true,"href":"https:\/\/cor.borbolycsaba.ro\/ro\/index.php?rest_route=%2Fwp%2Fv2%2Ftags&post=1150"}],"curies":[{"name":"wp","href":"https:\/\/api.w.org\/{rel}","templated":true}]}}