{"id":1134,"date":"2022-02-28T10:04:12","date_gmt":"2022-02-28T10:04:12","guid":{"rendered":"https:\/\/cor.borbolycsaba.ro\/ro\/?p=1134"},"modified":"2022-02-28T10:04:12","modified_gmt":"2022-02-28T10:04:12","slug":"borboly-csaba-provocarea-este-sa-echilibram-taxele-pe-energie-pentru-ca-povara-sa-nu-cada-pe-grupurile-vulnerabile-si-astfel-calitatea-vietii-sa-nu-fie-afectata","status":"publish","type":"post","link":"https:\/\/cor.borbolycsaba.ro\/ro\/?p=1134","title":{"rendered":"Borboly Csaba: Provocarea este s\u0103 echilibr\u0103m taxele pe energie\u00a0 pentru ca povara s\u0103 nu cad\u0103 pe grupurile vulnerabile \u0219i astfel calitatea vie\u021bii s\u0103 nu fie afectat\u0103"},"content":{"rendered":"<p><b><\/b><i><span style=\"font-weight: 400;\">Rolul autorit\u0103\u021bilor locale \u0219i regionale este esen\u021bial \u00een implementarea politicilor la nivel local<\/span><\/i><\/p>\n<p><span style=\"font-weight: 400;\">\u00cen cadrul dezbaterii locale a grupului Partidului Popular European, organizat\u0103 online, azi, 24 februarie, la care au participat Borboly Csaba, membru \u00een Comitetul European al Regiunilor din partea PPE \u0219i pre\u0219edinte al Consiliului Jude\u021bean Harghita, T\u00e1nczos Barna, Ministrul Mediului, Apelor \u0219i P\u0103durilor, Bende Sandor, deputat, Pre\u0219edinte al Comisiei pentru industrii \u0219i servicii, dr. Cs\u00e1k L\u00e1szl\u00f3, expert, au fost dezb\u0103tute directiva privind impozitarea unitar\u0103 \u0219i \u00eenfiin\u021barea Fondului Social European.<\/span><\/p>\n<p><i><span style=\"font-weight: 400;\">Care sunt efectele sociale ale cre\u0219terii pre\u021bului la energie \u0219i electricitate asupra comunit\u0103\u021bilor vulnerabile \u0219i care este rolul autorit\u0103\u021bilor locale \u0219i regionale \u00een implementarea politicilor la nivel local?<\/span><\/i><\/p>\n<p><span style=\"font-weight: 400;\">\u201c Dezbaterea de azi este foarte important\u0103 pentru c\u0103 \u00een Comitetul Regiunilor este adus\u0103 vocea localit\u0103\u021bilor \u0219i regiunilor \u00een sistemul decizional european, \u0219i membrii acestui comitet\u00a0 sunt foarte aten\u021bi la problemele cu care se confrunt\u0103 cet\u0103\u021benii pentru a formula propuneri \u0219i opinii care s\u0103 fie implementate. Proiectul de raport, pe care am onoarea s\u0103-l pot prezenta, are \u00een vedere g\u0103sirea de solu\u021bii pentru asigurarea unei tranzi\u021bii echitabile \u00een raport cu obiectivele de mediu care au o dimensiune specific\u0103, astfel \u00eenc\u00e2t autorit\u0103\u021bile locale au un rol important \u00een implementarea politicilor la nivel local \u0219i regional. \u00cen ceea ce prive\u0219te impozitarea unitar\u0103 a purt\u0103torilor de energie putem vedea c\u0103 devine un subiect din ce \u00een ce mai actual \u0219i aici trebuie s\u0103 facem propuneri pentru c\u0103 majoritatea pre\u021bului pl\u0103tit de popula\u021bie se compune din impozite \u0219i taxe. Dac\u0103 impozitele scad, foarte multe persoane din jude\u021bul Harghita, dac\u0103 ne raport\u0103m la acestea, pot beneficia de acest lucru. Avem nevoie de un pact verde echitabil, \u0219i proiectul de raport dore\u0219te s\u0103 trateze dou\u0103 aspecte: Fondul Social European si reorganizarea sistemului de impozitare al purt\u0103torilor de energie pentru a proteja cet\u0103\u021benii vulnerabili, pentru a preveni pierderea investitorilor \u0219i a locurilor de munc\u0103. Facilit\u0103\u021bile fiscale ar trebui echilibrate \u0219i raportate la consum \u0219i la zonele unde exist\u0103 s\u0103r\u0103cie energetic\u0103\u201d a apreciat Borboly Csaba.<\/span><\/p>\n<div id='gallery-1' class='gallery galleryid-1134 gallery-columns-3 gallery-size-medium'><figure class='gallery-item'>\n\t\t\t<div class='gallery-icon landscape'>\n\t\t\t\t<a href='https:\/\/cor.borbolycsaba.ro\/ro\/?attachment_id=1136'><img loading=\"lazy\" decoding=\"async\" width=\"300\" height=\"169\" src=\"https:\/\/cor.borbolycsaba.ro\/ro\/wp-content\/uploads\/2022\/02\/EPPLocalDialogue-2-300x169.jpeg\" class=\"attachment-medium size-medium\" alt=\"\" srcset=\"https:\/\/cor.borbolycsaba.ro\/ro\/wp-content\/uploads\/2022\/02\/EPPLocalDialogue-2-300x169.jpeg 300w, https:\/\/cor.borbolycsaba.ro\/ro\/wp-content\/uploads\/2022\/02\/EPPLocalDialogue-2-1024x577.jpeg 1024w, https:\/\/cor.borbolycsaba.ro\/ro\/wp-content\/uploads\/2022\/02\/EPPLocalDialogue-2-768x432.jpeg 768w, https:\/\/cor.borbolycsaba.ro\/ro\/wp-content\/uploads\/2022\/02\/EPPLocalDialogue-2-1536x865.jpeg 1536w, https:\/\/cor.borbolycsaba.ro\/ro\/wp-content\/uploads\/2022\/02\/EPPLocalDialogue-2.jpeg 1600w\" sizes=\"(max-width: 300px) 100vw, 300px\" \/><\/a>\n\t\t\t<\/div><\/figure><figure class='gallery-item'>\n\t\t\t<div class='gallery-icon landscape'>\n\t\t\t\t<a href='https:\/\/cor.borbolycsaba.ro\/ro\/?attachment_id=1137'><img loading=\"lazy\" decoding=\"async\" width=\"300\" height=\"169\" src=\"https:\/\/cor.borbolycsaba.ro\/ro\/wp-content\/uploads\/2022\/02\/PicmessCsakLaszlo-300x169.jpeg\" class=\"attachment-medium size-medium\" alt=\"\" srcset=\"https:\/\/cor.borbolycsaba.ro\/ro\/wp-content\/uploads\/2022\/02\/PicmessCsakLaszlo-300x169.jpeg 300w, https:\/\/cor.borbolycsaba.ro\/ro\/wp-content\/uploads\/2022\/02\/PicmessCsakLaszlo-1024x576.jpeg 1024w, https:\/\/cor.borbolycsaba.ro\/ro\/wp-content\/uploads\/2022\/02\/PicmessCsakLaszlo-768x432.jpeg 768w, https:\/\/cor.borbolycsaba.ro\/ro\/wp-content\/uploads\/2022\/02\/PicmessCsakLaszlo-1536x864.jpeg 1536w, https:\/\/cor.borbolycsaba.ro\/ro\/wp-content\/uploads\/2022\/02\/PicmessCsakLaszlo.jpeg 1600w\" sizes=\"(max-width: 300px) 100vw, 300px\" \/><\/a>\n\t\t\t<\/div><\/figure><figure class='gallery-item'>\n\t\t\t<div class='gallery-icon landscape'>\n\t\t\t\t<a href='https:\/\/cor.borbolycsaba.ro\/ro\/?attachment_id=1138'><img loading=\"lazy\" decoding=\"async\" width=\"300\" height=\"169\" src=\"https:\/\/cor.borbolycsaba.ro\/ro\/wp-content\/uploads\/2022\/02\/PicmessBendeSandor-300x169.jpeg\" class=\"attachment-medium size-medium\" alt=\"\" srcset=\"https:\/\/cor.borbolycsaba.ro\/ro\/wp-content\/uploads\/2022\/02\/PicmessBendeSandor-300x169.jpeg 300w, https:\/\/cor.borbolycsaba.ro\/ro\/wp-content\/uploads\/2022\/02\/PicmessBendeSandor-1024x576.jpeg 1024w, https:\/\/cor.borbolycsaba.ro\/ro\/wp-content\/uploads\/2022\/02\/PicmessBendeSandor-768x432.jpeg 768w, https:\/\/cor.borbolycsaba.ro\/ro\/wp-content\/uploads\/2022\/02\/PicmessBendeSandor-1536x864.jpeg 1536w, https:\/\/cor.borbolycsaba.ro\/ro\/wp-content\/uploads\/2022\/02\/PicmessBendeSandor.jpeg 1920w\" sizes=\"(max-width: 300px) 100vw, 300px\" \/><\/a>\n\t\t\t<\/div><\/figure><figure class='gallery-item'>\n\t\t\t<div class='gallery-icon landscape'>\n\t\t\t\t<a href='https:\/\/cor.borbolycsaba.ro\/ro\/?attachment_id=1139'><img loading=\"lazy\" decoding=\"async\" width=\"300\" height=\"164\" src=\"https:\/\/cor.borbolycsaba.ro\/ro\/wp-content\/uploads\/2022\/02\/EPPLocalDialogue-4-300x164.jpeg\" class=\"attachment-medium size-medium\" alt=\"\" srcset=\"https:\/\/cor.borbolycsaba.ro\/ro\/wp-content\/uploads\/2022\/02\/EPPLocalDialogue-4-300x164.jpeg 300w, https:\/\/cor.borbolycsaba.ro\/ro\/wp-content\/uploads\/2022\/02\/EPPLocalDialogue-4-1024x561.jpeg 1024w, https:\/\/cor.borbolycsaba.ro\/ro\/wp-content\/uploads\/2022\/02\/EPPLocalDialogue-4-768x421.jpeg 768w, https:\/\/cor.borbolycsaba.ro\/ro\/wp-content\/uploads\/2022\/02\/EPPLocalDialogue-4.jpeg 1272w\" sizes=\"(max-width: 300px) 100vw, 300px\" \/><\/a>\n\t\t\t<\/div><\/figure><figure class='gallery-item'>\n\t\t\t<div class='gallery-icon landscape'>\n\t\t\t\t<a href='https:\/\/cor.borbolycsaba.ro\/ro\/?attachment_id=1140'><img loading=\"lazy\" decoding=\"async\" width=\"300\" height=\"204\" src=\"https:\/\/cor.borbolycsaba.ro\/ro\/wp-content\/uploads\/2022\/02\/EPPLocalDialogue-3-300x204.jpeg\" class=\"attachment-medium size-medium\" alt=\"\" srcset=\"https:\/\/cor.borbolycsaba.ro\/ro\/wp-content\/uploads\/2022\/02\/EPPLocalDialogue-3-300x204.jpeg 300w, https:\/\/cor.borbolycsaba.ro\/ro\/wp-content\/uploads\/2022\/02\/EPPLocalDialogue-3-768x522.jpeg 768w, https:\/\/cor.borbolycsaba.ro\/ro\/wp-content\/uploads\/2022\/02\/EPPLocalDialogue-3.jpeg 809w\" sizes=\"(max-width: 300px) 100vw, 300px\" \/><\/a>\n\t\t\t<\/div><\/figure><figure class='gallery-item'>\n\t\t\t<div class='gallery-icon landscape'>\n\t\t\t\t<a href='https:\/\/cor.borbolycsaba.ro\/ro\/?attachment_id=1141'><img loading=\"lazy\" decoding=\"async\" width=\"300\" height=\"169\" src=\"https:\/\/cor.borbolycsaba.ro\/ro\/wp-content\/uploads\/2022\/02\/PicmessTanczosBarna-300x169.jpeg\" class=\"attachment-medium size-medium\" alt=\"\" srcset=\"https:\/\/cor.borbolycsaba.ro\/ro\/wp-content\/uploads\/2022\/02\/PicmessTanczosBarna-300x169.jpeg 300w, https:\/\/cor.borbolycsaba.ro\/ro\/wp-content\/uploads\/2022\/02\/PicmessTanczosBarna-1024x576.jpeg 1024w, https:\/\/cor.borbolycsaba.ro\/ro\/wp-content\/uploads\/2022\/02\/PicmessTanczosBarna-768x432.jpeg 768w, https:\/\/cor.borbolycsaba.ro\/ro\/wp-content\/uploads\/2022\/02\/PicmessTanczosBarna-1536x864.jpeg 1536w, https:\/\/cor.borbolycsaba.ro\/ro\/wp-content\/uploads\/2022\/02\/PicmessTanczosBarna.jpeg 1600w\" sizes=\"(max-width: 300px) 100vw, 300px\" \/><\/a>\n\t\t\t<\/div><\/figure>\n\t\t<\/div>\n\n<p><span style=\"font-weight: 400;\">Planurile Na\u021bionale trebuie s\u0103 \u021bin\u0103 cont de diferen\u021bele regionale \u0219i Fondul Social European trebuie coroborat cu celelalte fonduri pentru investi\u021bii eficiente din punct de vedere energetic care s\u0103 reduc\u0103 harta s\u0103r\u0103ciei energetice.<\/span><\/p>\n<p><span style=\"font-weight: 400;\">\u201cNu ne dorim ca gospod\u0103riile \u0219i \u00eentreprinderile mici \u0219i mijlocii s\u0103 suporte consecin\u021bele cre\u0219terii pre\u021bului la energie \u0219i sprijin lansarea unui program UE care s\u0103 ajute la compensarea acestei provoc\u0103ri. Acesta ar fi un ajutor real pentru Rom\u00e2nia \u00een urm\u0103torii ani \u201d a subliniat T\u00e1nczos Barna, Ministrul Mediului, Apelor \u0219i P\u0103durilor.<\/span><\/p>\n<p><span style=\"font-weight: 400;\">Investi\u021biile trebuie raportate la caracteristicile fiec\u0103rei regiuni \u0219i este necesar\u0103 elaborarea unui plan de ac\u021biune specific pentru a aduce resursele la cei care au nevoie.\u00a0<\/span><\/p>\n<p><span style=\"font-weight: 400;\">\u00cen acest sens, Bende Sandor, deputat, Pre\u0219edinte al Comisiei pentru industrii \u0219i servicii a apreciat faptul c\u0103 \u201c este important s\u0103 fie luate \u00een considerare condi\u021biile climatice \u0219i de mediu ale regiunilor pentru ca programele de finan\u021bare s\u0103 fie corelate la condi\u021biile \u0219i nevoile locale. A\u0219adar, \u00een elaborarea instrumentelor de sprijin trebuie avute \u00een vedere caracteristicile locale, astfel \u00eenc\u00e2t nivelul de trai al cet\u0103\u021benilor s\u0103 nu fie \u0219i mai mult afectat.\u201d\u00a0<\/span><\/p>\n<p><span style=\"font-weight: 400;\">Concluzia acestei dezbateri \u0219i cel mai important mesaj a fost c\u0103 succesul \u00een cazul politicilor poate fi ob\u021binut dac\u0103 resursele statelor membre ale UE, ale regiunilor \u0219i ale popula\u021biei pot fi folosite \u00een mod sinergic, dr. Cs\u00e1k L\u00e1szl\u00f3, apreciind c\u0103 \u201cs\u0103r\u0103cia energetic\u0103 poate fi evitat\u0103 \u0219i este o necesitate actual\u0103 \u00een mai multe zone, mai pu\u021bin dezvoltate. Acest lucru poate fi evitat prin lansarea unui program UE adecvat, orientat c\u0103tre probleme, pentru a sprijini gospod\u0103riile \u0219i micro\u00eentreprinderile \u00een a face fa\u021b\u0103 provoc\u0103rilor generate de cre\u0219terea pre\u021burilor la energie. Prin lansarea Fondului pentru un climat social, ce ar \u00eensemna un sprijin\u00a0 72 de miliarde de euro la nivel european, este o astfel de solu\u021bie, care se dore\u0219te a fi tratat\u0103 ca instrument de sprijin \u0219i investi\u021bii separat.\u201d<\/span><\/p>\n<p><span style=\"font-weight: 400;\">O Tranzi\u021bie Ecologic\u0103 \u0218i Echitabil\u0103 C\u0103tre Neutralitatea Climatic\u0103 Din Punct De Vedere Social este proiectul de raport al lui Borboly Csaba, pre\u0219edintele Consiliului Jude\u021bean Harghita, ce urmeaz\u0103 a fi dezb\u0103tut \u00een comisia de specialitate din cadrul Comitetului European al Regiunilor \u00een luna martie a acestui an \u0219i despre care pot fi lecturate mai multe informa\u021bii aici: <\/span><a href=\"https:\/\/cor.borbolycsaba.ro\/ro\/?page_id=1089\"><span style=\"font-weight: 400;\">https:\/\/cor.borbolycsaba.ro\/ro\/?page_id=1089<\/span><\/a><span style=\"font-weight: 400;\">.<\/span><\/p>\n<p>&nbsp;<\/p>\n<p><span style=\"font-weight: 400;\">Miercurea Ciuc, 24 februarie 2022<\/span><\/p>\n","protected":false},"excerpt":{"rendered":"<p>Rolul autorit\u0103\u021bilor locale \u0219i regionale este esen\u021bial \u00een implementarea politicilor la nivel local \u00cen cadrul dezbaterii locale a grupului Partidului Popular European, organizat\u0103 online, azi, 24 februarie, la care au participat Borboly Csaba, membru \u00een Comitetul European al Regiunilor din partea PPE \u0219i pre\u0219edinte al Consiliului Jude\u021bean Harghita, T\u00e1nczos Barna, Ministrul Mediului, Apelor \u0219i P\u0103durilor, [&hellip;]<\/p>\n","protected":false},"author":1,"featured_media":1135,"comment_status":"open","ping_status":"closed","sticky":false,"template":"","format":"standard","meta":{"_bbp_topic_count":0,"_bbp_reply_count":0,"_bbp_total_topic_count":0,"_bbp_total_reply_count":0,"_bbp_voice_count":0,"_bbp_anonymous_reply_count":0,"_bbp_topic_count_hidden":0,"_bbp_reply_count_hidden":0,"_bbp_forum_subforum_count":0,"footnotes":""},"categories":[84],"tags":[],"_links":{"self":[{"href":"https:\/\/cor.borbolycsaba.ro\/ro\/index.php?rest_route=\/wp\/v2\/posts\/1134"}],"collection":[{"href":"https:\/\/cor.borbolycsaba.ro\/ro\/index.php?rest_route=\/wp\/v2\/posts"}],"about":[{"href":"https:\/\/cor.borbolycsaba.ro\/ro\/index.php?rest_route=\/wp\/v2\/types\/post"}],"author":[{"embeddable":true,"href":"https:\/\/cor.borbolycsaba.ro\/ro\/index.php?rest_route=\/wp\/v2\/users\/1"}],"replies":[{"embeddable":true,"href":"https:\/\/cor.borbolycsaba.ro\/ro\/index.php?rest_route=%2Fwp%2Fv2%2Fcomments&post=1134"}],"version-history":[{"count":1,"href":"https:\/\/cor.borbolycsaba.ro\/ro\/index.php?rest_route=\/wp\/v2\/posts\/1134\/revisions"}],"predecessor-version":[{"id":1142,"href":"https:\/\/cor.borbolycsaba.ro\/ro\/index.php?rest_route=\/wp\/v2\/posts\/1134\/revisions\/1142"}],"wp:featuredmedia":[{"embeddable":true,"href":"https:\/\/cor.borbolycsaba.ro\/ro\/index.php?rest_route=\/wp\/v2\/media\/1135"}],"wp:attachment":[{"href":"https:\/\/cor.borbolycsaba.ro\/ro\/index.php?rest_route=%2Fwp%2Fv2%2Fmedia&parent=1134"}],"wp:term":[{"taxonomy":"category","embeddable":true,"href":"https:\/\/cor.borbolycsaba.ro\/ro\/index.php?rest_route=%2Fwp%2Fv2%2Fcategories&post=1134"},{"taxonomy":"post_tag","embeddable":true,"href":"https:\/\/cor.borbolycsaba.ro\/ro\/index.php?rest_route=%2Fwp%2Fv2%2Ftags&post=1134"}],"curies":[{"name":"wp","href":"https:\/\/api.w.org\/{rel}","templated":true}]}}