{"id":1109,"date":"2021-09-15T11:59:27","date_gmt":"2021-09-15T11:59:27","guid":{"rendered":"https:\/\/cor.borbolycsaba.ro\/ro\/?p=1109"},"modified":"2021-10-25T12:00:39","modified_gmt":"2021-10-25T12:00:39","slug":"starea-uniunii-europene-%e2%80%8e-o-abordare-descendenta-va-impiedica-europa-sa-si-indeplineasca-promisiunile-si-sa-se-apropie-de-cetatenii-ei","status":"publish","type":"post","link":"https:\/\/cor.borbolycsaba.ro\/ro\/?p=1109","title":{"rendered":"Starea Uniunii Europene: \u200e o abordare descendent\u0103 va \u00eempiedica Europa s\u0103-\u0219i \u00eendeplineasc\u0103 promisiunile \u0219i s\u0103 se apropie de cet\u0103\u021benii ei \u00a0"},"content":{"rendered":"<p><em>Interven\u021bia dlui Apostolos Tzitzikostas, pre\u0219edintele Comitetului European al Regiunilor<\/em><\/p>\n<p>Coment\u00e2nd <a href=\"https:\/\/ec.europa.eu\/info\/strategy\/strategic-planning\/state-union-addresses\/state-union-2021_ro\"><strong>discursul de ast\u0103zi privind starea Uniunii Europene<\/strong> <\/a>, prezentat de pre\u0219edinta Comisiei Europene, Ursula von der Leyen, pre\u0219edintele Comitetului European al Regiunilor, Apostolos Tzitzikostas, a declarat:<\/p>\n<p><em>\u201eDiscursul privind starea UE a ilustrat pe bun\u0103 dreptate consolidarea solidarit\u0103\u021bii Uniunii Europene \u0219i capacitatea acesteia de a r\u0103spunde la pandemie. Ar trebui s\u0103 recunoa\u0219tem, \u00een \u00eentreaga Europ\u0103, efortul comun incredibil al guvernelor, al industriei \u0219i al serviciilor publice de a furniza vaccinuri fiec\u0103rei regiuni \u0219i fiec\u0103rui ora\u0219. \u00cen plus, Comitetul nostru sprijin\u0103 pe deplin priorit\u0103\u021bile stabilite ast\u0103zi: ca Uniune, acum, c\u00e2nd dispunem de un buget al UE \u0219i de un plan de redresare de dimensiuni record, trebuie s\u0103 investim \u00eempreun\u0103 pentru a garanta c\u0103 ne redres\u0103m \u00eempreun\u0103, acceler\u00e2nd, totodat\u0103, tranzi\u021bia climatic\u0103 \u0219i tranzi\u021bia digital\u0103.<\/em><\/p>\n<p><em>Cu toate acestea, nu vom putea \u00eendeplini aceste obiective comune dac\u0103 vom adopta o abordare descendent\u0103. UE trebuie s\u0103 r\u0103spund\u0103 nevoilor reale ale oamenilor, acolo unde ei tr\u0103iesc \u0219i muncesc. Numai prin aplicarea unei abord\u0103ri ascendente Europa poate avea succes \u0219i \u00ee\u0219i poate asigura din nou sprijinul cet\u0103\u021benilor, c\u00e2\u0219tig\u00e2ndu-le inima \u0219i mintea. Pandemia \u0219i recentele inunda\u021bii \u0219i incendii au afectat existen\u021ba comunit\u0103\u021bilor noastre, iar cei un milion de lideri locali \u0219i regionali din Europa s-au aflat \u00een prima linie, depun\u00e2nd eforturi al\u0103turi de serviciile publice \u0219i de urgen\u021b\u0103 pentru a salva vie\u021bi omene\u0219ti \u0219i economiile noastre. Dac\u0103 nu s-ar implica actorii locali \u2013 responsabili pentru punerea \u00een aplicare a 70\u00a0% din toate actele legislative ale UE \u2013 \u00een conceperea \u0219i punerea \u00een aplicare a planurilor na\u021bionale de redresare \u0219i rezilien\u021b\u0103, s-ar pune \u00een pericol redresarea Europei. Pactul verde va deveni realitate doar dac\u0103 va fi pus \u00een aplicare la nivel local \u0219i regional, cu participarea politicienilor ale\u0219i de la nivel local. \u00cen caz contrar, va fi sortit e\u0219ecului. Conferin\u021ba privind viitorul Europei risc\u0103 s\u0103 semene cu un concurs de frumuse\u021be \u00eentre institu\u021biile din Bruxelles dac\u0103 nu va ajunge la toate comunit\u0103\u021bile locale din \u00eentreaga Europ\u0103.<\/em><\/p>\n<p><em>Discursul de ast\u0103zi a reprezentat o ocazie ratat\u0103 de a recunoa\u0219te rolul absolut esen\u021bial al actorilor locali \u0219i de a oferi o nou\u0103 viziune privind guvernan\u021ba, care s\u0103 creasc\u0103 eficacitatea UE \u0219i s\u0103 o apropie de cet\u0103\u021beni. Europa nu mai poate r\u0103m\u00e2ne un proiect abstract, construit de sus \u00een jos, ci trebuie s\u0103 creeze un parteneriat real cu cei care reprezint\u0103 temelia Casei europene a democra\u021biei \u2013 ale\u0219ii de la nivel local \u0219i regional: pre\u0219edin\u021bi (de consilii), guvernatori, primari \u0219i consilieri. Acesta este un adev\u0103r care nu poate fi ignorat dac\u0103 dorim s\u0103 construim \u00eempreun\u0103 un viitor mai prosper, mai just \u0219i mai rezilient pentru cet\u0103\u021benii no\u0219tri. Prin rolul nostru de voce a autorit\u0103\u021bilor subna\u021bionale, ne vom intensifica eforturile pentru a restabili echilibrul \u00een cadrul Conferin\u021bei privind viitorul Europei din aceast\u0103 toamn\u0103.\u201d<\/em><\/p>\n<p><strong>La 12 octombrie, Comitetul European al Regiunilor \u00ee\u0219i va publica evaluarea st\u0103rii regiunilor \u0219i ora\u0219elor din UE<\/strong><\/p>\n<p>Comitetul European al Regiunilor \u00ee\u0219i va prezenta <a href=\"https:\/\/cor.europa.eu\/ro\/our-work\/Pages\/EURegionalBarometer-2020.aspx\"><strong>Barometrul regional \u0219i local anual al UE<\/strong> <\/a>la 12 octombrie 2021, oferind o imagine de ansamblu a numeroaselor efecte ale pandemiei asupra regiunilor \u0219i ora\u0219elor UE \u0219i eviden\u021biind diferen\u021bele considerabile existente \u00een cadrul Uniunii \u0219i al fiec\u0103rui stat membru. Evaluarea va ar\u0103ta \u201eefectul de foarfec\u0103\u201d al pandemiei asupra finan\u021belor locale \u0219i regionale, modul \u00een care regiunile \u0219i ora\u0219ele noastre progreseaz\u0103 \u2013 sau se confrunt\u0103 cu dificult\u0103\u021bi \u2013 pe m\u0103sur\u0103 ce \u00eencearc\u0103 s\u0103 fac\u0103 fa\u021b\u0103 cu succes dublei tranzi\u021bii verzi \u0219i digitale, cum a devenit mai complex\u0103 provocarea de a reduce diferen\u021bele economice \u0219i sociale dintre regiuni, precum \u0219i modul \u00een care regiunile \u0219i ora\u0219ele modernizeaz\u0103 democra\u021bia local\u0103. Barometrul, bazat pe cel mai amplu sondaj realizat vreodat\u0103 \u00een r\u00e2ndul celor 1,15 milioane de politicieni de la nivel local \u0219i regional din UE, va prezenta opiniile politicienilor care particip\u0103 zi de zi la construc\u021bia Uniunii noastre \u00een comunit\u0103\u021bile lor locale.<\/p>\n<p>&nbsp;<\/p>\n","protected":false},"excerpt":{"rendered":"<p>Interven\u021bia dlui Apostolos Tzitzikostas, pre\u0219edintele Comitetului European al Regiunilor Coment\u00e2nd discursul de ast\u0103zi privind starea Uniunii Europene , prezentat de pre\u0219edinta Comisiei Europene, Ursula von der Leyen, pre\u0219edintele Comitetului European al Regiunilor, Apostolos Tzitzikostas, a declarat: \u201eDiscursul privind starea UE a ilustrat pe bun\u0103 dreptate consolidarea solidarit\u0103\u021bii Uniunii Europene \u0219i capacitatea acesteia de a r\u0103spunde [&hellip;]<\/p>\n","protected":false},"author":1,"featured_media":1110,"comment_status":"open","ping_status":"closed","sticky":false,"template":"","format":"standard","meta":{"_bbp_topic_count":0,"_bbp_reply_count":0,"_bbp_total_topic_count":0,"_bbp_total_reply_count":0,"_bbp_voice_count":0,"_bbp_anonymous_reply_count":0,"_bbp_topic_count_hidden":0,"_bbp_reply_count_hidden":0,"_bbp_forum_subforum_count":0,"footnotes":""},"categories":[84],"tags":[],"_links":{"self":[{"href":"https:\/\/cor.borbolycsaba.ro\/ro\/index.php?rest_route=\/wp\/v2\/posts\/1109"}],"collection":[{"href":"https:\/\/cor.borbolycsaba.ro\/ro\/index.php?rest_route=\/wp\/v2\/posts"}],"about":[{"href":"https:\/\/cor.borbolycsaba.ro\/ro\/index.php?rest_route=\/wp\/v2\/types\/post"}],"author":[{"embeddable":true,"href":"https:\/\/cor.borbolycsaba.ro\/ro\/index.php?rest_route=\/wp\/v2\/users\/1"}],"replies":[{"embeddable":true,"href":"https:\/\/cor.borbolycsaba.ro\/ro\/index.php?rest_route=%2Fwp%2Fv2%2Fcomments&post=1109"}],"version-history":[{"count":1,"href":"https:\/\/cor.borbolycsaba.ro\/ro\/index.php?rest_route=\/wp\/v2\/posts\/1109\/revisions"}],"predecessor-version":[{"id":1111,"href":"https:\/\/cor.borbolycsaba.ro\/ro\/index.php?rest_route=\/wp\/v2\/posts\/1109\/revisions\/1111"}],"wp:featuredmedia":[{"embeddable":true,"href":"https:\/\/cor.borbolycsaba.ro\/ro\/index.php?rest_route=\/wp\/v2\/media\/1110"}],"wp:attachment":[{"href":"https:\/\/cor.borbolycsaba.ro\/ro\/index.php?rest_route=%2Fwp%2Fv2%2Fmedia&parent=1109"}],"wp:term":[{"taxonomy":"category","embeddable":true,"href":"https:\/\/cor.borbolycsaba.ro\/ro\/index.php?rest_route=%2Fwp%2Fv2%2Fcategories&post=1109"},{"taxonomy":"post_tag","embeddable":true,"href":"https:\/\/cor.borbolycsaba.ro\/ro\/index.php?rest_route=%2Fwp%2Fv2%2Ftags&post=1109"}],"curies":[{"name":"wp","href":"https:\/\/api.w.org\/{rel}","templated":true}]}}