{"id":1105,"date":"2021-09-24T11:40:44","date_gmt":"2021-09-24T11:40:44","guid":{"rendered":"https:\/\/cor.borbolycsaba.ro\/ro\/?p=1105"},"modified":"2021-10-25T11:41:56","modified_gmt":"2021-10-25T11:41:56","slug":"liderii-locali-colaboreaza-cu-presedintia-slovena-comisia-si-parlamentul-european-%e2%80%8e-pentru-a-accelera-punerea-in-aplicare-a-planurilor-de-redresare-a-ue","status":"publish","type":"post","link":"https:\/\/cor.borbolycsaba.ro\/ro\/?p=1105","title":{"rendered":"Liderii locali colaboreaz\u0103 cu Pre\u0219edin\u021bia sloven\u0103, Comisia \u0219i Parlamentul European \u200e pentru a accelera punerea \u00een aplicare a planurilor de redresare a UE \u00a0"},"content":{"rendered":"<p><em>Primul Forum la nivel \u00eenalt privind redresarea \u0219i rezilien\u021ba regional\u0103 a f\u0103cut propuneri privind modalit\u0103\u021bile de \u00eembun\u0103t\u0103\u021bire a guvernan\u021bei \u0219i evitarea suprapunerilor cu politica de coeziune.<\/em><\/p>\n<p><strong>Liderii regionali \u0219i locali s-au reunit la Lipi\u021ba (SI) la 24 septembrie pentru a discuta pe teren despre modalit\u0103\u021bile de realizare \u00een timp util a investi\u021biilor de redresare \u0219i despre evitarea \u00eent\u00e2rzierilor \u0219i suprapunerilor \u00eentre politicile UE. Comisarul pentru economie, Paolo Gentiloni, ministrul sloven al finan\u021belor, Andrej Sircelj, precum \u0219i membri importan\u021bi ai Parlamentului European au subliniat c\u0103 planurile na\u021bionale de redresare pot fi \u00eencununate de succes numai \u00een colaborare cu regiunile \u0219i ora\u0219ele.<\/strong><\/p>\n<p>\u00cen deschiderea forumului la nivel \u00eenalt, organizat \u00een comun de Comitetul European al Regiunilor (CoR) \u0219i de Pre\u0219edin\u021bia sloven\u0103 a Consiliului UE, pre\u0219edintele CoR, <a href=\"https:\/\/cor.europa.eu\/ro\/about\/president\/Pages\/president.aspx\"><strong>Apostolos Tzitzikostas<\/strong> <\/a>, a afirmat: \u201e <em>Resursele Mecanismului de redresare \u0219i rezilien\u021b\u0103 \u00eencep s\u0103 ajung\u0103 la statele membre. Acum este datoria noastr\u0103 comun\u0103 de a utiliza fiecare euro din banii contribuabililor destina\u021bi investi\u021biilor \u00een redresarea noastr\u0103. Avem nevoie de un parteneriat real \u00eentre actorii de la nivel european, na\u021bional, regional \u0219i local, chiar dac\u0103 reglement\u0103rile nu sunt suficient de clare \u00een ceea ce prive\u0219te implicarea regiunilor \u0219i ora\u0219elor. Comitetul monitorizeaz\u0103 cu aten\u021bie punerea \u00een aplicare a mecanismului pe teren \u0219i coordonarea lui cu politica de coeziune. A\u0219tept\u0103rile \u0219i nevoile cet\u0103\u021benilor no\u0219tri nu pot fi trecute cu vederea prin decizii descendente.<\/em> \u201d<\/p>\n<p><strong>Andrej \u0160ircelj<\/strong> , ministrul de finan\u021be al Republicii Slovenia a declarat: \u201e <em>Cred c\u0103 putem avea rezultate excelente cu o bun\u0103 punere \u00een aplicare a Mecanismului de redresare \u0219i rezilien\u021b\u0103. Rezultatele optime se vor ob\u021bine numai printr-o cooperare favorabil\u0103 incluziunii. Aceast\u0103 criz\u0103 ne-a \u00eenv\u0103\u021bat cum s\u0103 cooper\u0103m \u00een vremuri dificile \u2013 la nivel local, regional \u0219i interna\u021bional. Acum nu avem dec\u00e2t s\u0103 ne imagin\u0103m ce putem realiza prin cooperare \u00een perioade promi\u021b\u0103toare \u0219i s\u0103 facem un pas \u00een aceast\u0103 direc\u021bie.<\/em> \u201d<\/p>\n<p>Comisarul UE pentru economie, <strong>Paolo Gentiloni<\/strong> , a subliniat \u201e <em>implicarea constructiv\u0103 a CoR \u00een modelarea concep\u021biei finale a Mecanismului de redresare \u0219i rezilien\u021b\u0103<\/em> \u201d \u0219i importan\u021ba vital\u0103 a unui parteneriat solid \u00eentre diferitele niveluri de guvernare \u00een etapa urm\u0103toare. \u201e <em>Peste dou\u0103 treimi din toate planurile na\u021bionale de redresare \u0219i rezilien\u021b\u0103 au ajuns deja \u00een etapa de punere \u00een aplicare. Autorit\u0103\u021bile locale \u0219i regionale vor fi esen\u021biale pentru ca aceste planuri s\u0103 devin\u0103 realitate \u0219i vom continua s\u0103 \u00eencuraj\u0103m statele membre s\u0103 le implice efectiv<\/em> \u201d, a mai spus el. \u201e <em>Fondurile din MRR \u0219i din politica de coeziune trebuie s\u0103 se completeze reciproc \u0219i nu s\u0103 se \u00eenlocuiasc\u0103 unele pe altele: importante \u00een acest context sunt adi\u021bionalitatea \u0219i absorb\u021bia<\/em> \u201d.<\/p>\n<p>Dezbaterea din cadrul forumului va contribui la avizul CoR privind punerea \u00een aplicare a Mecanismului de redresare \u0219i rezilien\u021b\u0103, elaborat de <a href=\"http:\/\/cor.europa.eu\/ro\/members\/Pages\/memberprofile.aspx?MemberId=2031859\"><strong>Rob Jonkman<\/strong> <\/a>(NL-CRE), a c\u0103rei adoptare \u00een Comisia pentru politici economice (ECON) este planificat\u0103 pentru 29 septembrie. Comitetul a furnizat o <a href=\"https:\/\/cor.europa.eu\/en\/engage\/studies\/Documents\/Regional%20and%20local%20authorities%20and%20the%20National%20Recovery%20and%20Resilience%20Plans\/NRRPs_study.pdf\"><strong>prim\u0103 evaluare a preg\u0103tirii planurilor na\u021bionale de redresare<\/strong> <\/a>\u0219i \u00ee\u0219i va prezenta concluziile privind impactul pandemiei asupra comunit\u0103\u021bilor regionale \u0219i locale \u00een Barometrul regional \u0219i local anual al UE pentru 2021, care urmeaz\u0103 s\u0103 fie prezentat la 12 octombrie \u00een cadrul celei de-a 19-a <a href=\"https:\/\/europa.eu\/regions-and-cities\/\"><strong>S\u0103pt\u0103m\u00e2ni europene a regiunilor \u0219i ora\u0219elor<\/strong> <\/a>.<\/p>\n<p>Pute\u021bi revedea <a href=\"https:\/\/audiovisual.ec.europa.eu\/en\/video\/I-210828\"><strong>aici<\/strong> <\/a>deschiderea \u0219i prima mas\u0103 rotund\u0103 a Forumului la nivel \u00eenalt privind redresarea \u0219i rezilien\u021ba.<\/p>\n<p>Forumul la nivel \u00eenalt a avut loc cu ocazia unei \u0219edin\u021be \u00een afara sediului a Biroului CoR, la Lipi\u021ba, \u00een Slovenia. \u00cenaintea \u0219edin\u021bei Biroului, programul CoR <a href=\"https:\/\/cor.europa.eu\/ro\/engage\/Pages\/Yeps.aspx\"><strong>\u201eTineri politicieni ale\u0219i\u201d (YEP)<\/strong> <\/a>a organizat un eveniment privind politica de coeziune, la care au participat, al\u0103turi de tineri lideri locali din \u00eentreaga UE, membri ai CoR, secretarul de stat sloven pentru dezvoltare \u0219i politica european\u0103 de coeziune, Monika Kirbi\u0161 Rojs, reprezentan\u021bi ai Comisiei Europene \u0219i al\u021bi vorbitori importan\u021bi.<\/p>\n<p>Pute\u021bi revedea <a href=\"https:\/\/cor.europa.eu\/ro\/events\/pages\/cohesion-as-a-value_benefits-and-costs-for-young-people-of-transitioning-to-a-post-covid_19-world.aspx\"><strong>aici<\/strong> <\/a>evenimentul YEP intitulat \u201eCoeziunea ca valoare \u2013 Beneficiile \u0219i costurile tranzi\u021biei c\u0103tre o lume post &#8211; COVID pentru tineri\u201d.<\/p>\n<p><strong>OPINII DE LA FORUMUL LA NIVEL \u00ceNALT PRIVIND REDRESAREA \u0218I REZILIEN\u021aA LA NIVEL REGIONAL <\/strong><\/p>\n<p><strong>(\u00een ordinea interven\u021biilor):<\/strong><\/p>\n<p><a href=\"http:\/\/cor.europa.eu\/ro\/members\/Pages\/memberprofile.aspx?MemberId=2032266\"><strong>Aleksander Jev\u0161ek<\/strong> <\/a>(SI-PSE), vicepre\u0219edinte al delega\u021biei slovene a CoR \u0219i primarul localit\u0103\u021bii Murska Sobota, a spus: \u201e <em>Utilizarea eficient\u0103 a fiec\u0103rui euro<\/em> <em>provenind din Mecanismul de redresare \u0219i rezilien\u021b\u0103 depinde \u00een mare m\u0103sur\u0103 de parteneriatul cu autorit\u0103\u021bile locale \u0219i regionale. <\/em>Pentru a valorifica la maximum resursele oferite at\u00e2t de instrumentele de redresare, c\u00e2t \u0219i de programele politicii de coeziune, guvernele na\u021bionale trebuie s\u0103 asculte opinia ora\u0219elor \u0219i regiunilor \u0219i s\u0103 aib\u0103 \u00eencredere c\u0103 ele vor cheltui fondurile respect\u00e2nd principiul transparen\u021bei.\u201d<\/p>\n<p><a href=\"http:\/\/cor.europa.eu\/ro\/members\/Pages\/memberprofile.aspx?MemberId=2031659\"><strong>Michael Murphy<\/strong> <\/a>(IE-PPE), primarul localit\u0103\u021bii Clonmel \u0219i pre\u0219edintele Comisiei pentru politica economic\u0103 a CoR (ECON), a declarat: \u201e <em>Provoc\u0103rile cu care ne confrunt\u0103m nu sunt universale, natura \u0219i intensitatea lor sunt diferite \u00een diferitele regiuni, ora\u0219e \u0219i zone rurale ale Europei. Avem nevoie de solu\u021bii individualizate, puse \u00een aplicare \u00eempreun\u0103 cu nivelul local. O abordare descendent\u0103 a redres\u0103rii ar \u00eensemna c\u0103 investi\u021biile \u0219i reformele pur \u0219i simplu nu ar corespunde oportunit\u0103\u021bilor \u0219i provoc\u0103rilor reale de la fa\u021ba locului.<\/em> \u201d<\/p>\n<p><a href=\"http:\/\/cor.europa.eu\/ro\/members\/Pages\/memberprofile.aspx?MemberId=2031859\"><strong>Rob Jonkman<\/strong> <\/a>(NL-CRE), raportorul CoR privind punerea \u00een aplicare a MRR a afirmat: <em>\u201eRedresarea Europei, tranzi\u021bia digital\u0103 \u0219i sustenabil\u0103 depind de implicarea direct\u0103 a autorit\u0103\u021bilor locale \u0219i regionale.<\/em> <em>Prin urmare, acestea trebuie s\u0103 fie implicate \u00een mod structural \u00een punerea \u00een aplicare a planurilor de redresare.<\/em> <em>\u00centruc\u00e2t gradul de implicare variaz\u0103 de la un stat membru la altul, trebuie s\u0103 \u00eemp\u0103rt\u0103\u0219im experien\u021bele \u0219i s\u0103 \u00eenv\u0103\u021b\u0103m unii de la al\u021bii<\/em> \u201d.<\/p>\n<p><a href=\"https:\/\/www.europarl.europa.eu\/meps\/ro\/183916\/ALEXANDRA_GEESE\/home\"><strong>Alexandra Geese<\/strong> <\/a>(DE-Verzi), deputat\u0103 \u00een Parlamentul European \u0219i raportoare pe tema instrumentului de sprijin tehnic (IST), a spus: \u201e <em>O tranzi\u021bie favorabil\u0103 incluziunii sociale, ecologic\u0103 \u0219i digital\u0103 presupune provoc\u0103ri multiple, care pot fi abordate numai cu condi\u021bia ca autorit\u0103\u021bile locale \u0219i regionale s\u0103 aib\u0103 un rol activ. Instrumentul de sprijin tehnic ofer\u0103 autorit\u0103\u021bilor locale \u0219i regionale posibilitatea de a genera cuno\u0219tin\u021be individualizate: el cheam\u0103 exper\u021bii s\u0103 elaboreze strategii \u0219i foi de parcurs individualizate, s\u0103 organizeze seminarii \u0219i ateliere sau s\u0103 \u00eenve\u021be unii de la al\u021bii, din cele mai bune practici. Urm\u0103rirea cheltuielilor legate de clim\u0103, integrarea dimensiunii de gen \u00een buget \u0219i solu\u021biile din surs\u0103 deschis\u0103 pentru promovarea administra\u021biilor digitalizate \u0219i foarte accesibile sunt doar c\u00e2teva exemple de solu\u021bii personalizate pe care le poate facilita IST.<\/em> \u201d<\/p>\n<p><strong>Mar\u00eda Del Valle Miguelez Santiago<\/strong> , vicepre\u0219edinta Conferin\u021bei regiunilor maritime periferice ( <a href=\"http:\/\/cpmr.org\/\"><strong>CRMP<\/strong> <\/a>) \u0219i ministru regional al \u00eentreprinderilor, ocup\u0103rii for\u021bei de munc\u0103 \u0219i universit\u0103\u021bilor \u0219i purt\u0103toarea de cuv\u00e2nt a regiunii Murcia, a declarat: \u201e <em>Regiunile sunt actori-cheie \u00een realizarea priorit\u0103\u021bilor UE \u00een materie de clim\u0103 \u0219i digitalizare, iar competen\u021bele lor sunt legate de multiple obiective ale planurilor de redresare. Pentru c\u0103 ele \u00een\u021beleg clar nevoile \u00een materie de investi\u021bii la nivel teritorial, regiunile merit\u0103 un rol \u00een cadrul forurilor decizionale politice relevante pentru definirea \u0219i punerea \u00een aplicare a finan\u021b\u0103rii pentru redresare. Acesta este motivul pentru care, \u00een lunile urm\u0103toare, putem oferi valoare ad\u0103ugat\u0103 pentru o utilizare eficient\u0103 a fondurilor europene \u0219i pentru atingerea obiectivelor dorite.<\/em> \u201d<\/p>\n<p><a href=\"http:\/\/cor.europa.eu\/ro\/members\/Pages\/memberprofile.aspx?MemberId=2028478\"><strong>Hanna Zdanowska<\/strong> <\/a>(PL-PPE), membr\u0103 a Grupului de lucru al CoR \u201ePactul verde la nivel local\u201d a afirmat c\u0103: \u201e <em>75\u00a0% dintre cet\u0103\u021benii UE locuiesc \u00een ora\u0219e mari produc\u0103toare de emisii de gaze cu efect de ser\u0103. Ele sunt \u00eens\u0103, de asemenea, platforme \u0219i surse de ac\u021biune \u0219i inovare \u00een domeniul atenu\u0103rii \u0219i adapt\u0103rii la schimb\u0103rile climatice. Forumul mondial privind ac\u021biunile \u00een domeniul climei, care are loc la Glasgow, reprezint\u0103 o ocazie important\u0103 pentru liderii locali \u0219i regionali de a prezenta ceea ce pot face ora\u0219ele \u0219i regiunile \u0219i ce fac ele deja pentru a atinge neutralitatea climatic\u0103.<\/em> \u201d<\/p>\n<p><strong>Zvone \u010cerna\u010d<\/strong> , ministrul sloven pentru dezvoltare \u0219i politica european\u0103 de coeziune a declarat: \u201e <em>Un obiectiv esen\u021bial, dar \u0219i o provocare \u00een acela\u0219i timp, este instituirea unui cadru care s\u0103 garanteze sinergii \u00eentre mecanismele pe termen scurt \u0219i cele pe termen lung, pe de o parte, \u0219i s\u0103 simplifice procedurile de punere \u00een aplicare, pe de alt\u0103 parte, atribuind autorit\u0103\u021bilor locale \u0219i regionale un rol-cheie \u0219i de cooperare cu guvernele na\u021bionale<\/em> .\u201d<\/p>\n<p><a href=\"http:\/\/cor.europa.eu\/ro\/members\/Pages\/memberprofile.aspx?MemberId=2033827\"><strong>Isabelle Boudineau<\/strong> <\/a>(FR-PSE), pre\u0219edinta Comisiei pentru politica de coeziune teritorial\u0103 \u0219i buget (COTER), a spus: \u201e <em>Europa a f\u0103cut un efort f\u0103r\u0103 precedent pentru a limita consecin\u021bele sociale \u0219i economice ale pandemiei. Dar banii nu \u00eenseamn\u0103 totul. S\u0103 nu uit\u0103m metoda: parteneriatul \u0219i guvernan\u021ba pe mai multe niveluri \u0219i-au dovedit valoarea \u00een contextul politicii de coeziune. Rena\u021bionalizarea politicilor europene prin intermediul planului de redresare nu constituie o solu\u021bie. Trebuie s\u0103 acord\u0103m \u00eencredere regiunilor pentru a proteja cet\u0103\u021benii \u0219i IMM-urile.<\/em> \u201d<\/p>\n<p><a href=\"http:\/\/cor.europa.eu\/ro\/members\/Pages\/memberprofile.aspx?MemberId=2036570\"><strong>Juraj Droba<\/strong> <\/a>(SK-CRE), raportorul CoR pe tema \u201eImplicarea autorit\u0103\u021bilor locale \u0219i regionale \u00een preg\u0103tirea acordurilor de parteneriat \u0219i a programelor opera\u021bionale 2021-27\u201d, a declarat: \u201e <em>Parteneriatul, \u00eempreun\u0103 cu subsidiaritatea, este cel mai important principiu din perspectiva ora\u0219elor \u0219i regiunilor \u0219i trebuie s\u0103 ne asigur\u0103m c\u0103 este pus \u00een aplicare pe deplin \u00een toate etapele noii perioade de programare.<\/em> \u201d<\/p>\n<p><a href=\"http:\/\/cor.europa.eu\/ro\/members\/Pages\/memberprofile.aspx?MemberId=2030276\"><strong>Ulrika Landergren<\/strong> <\/a>(SV-RENEW E.), pre\u0219edinta Comisiei pentru resurse naturale a CoR (NAT), a afirmat: \u201e <em>Mai mul\u021bi ani la r\u00e2nd am v\u0103zut cum se ad\u00e2nce\u0219te discrepan\u021ba dintre zonele urbane \u0219i cele rurale din punctul de vedere al aten\u021biei acordate lor \u0219i fondurilor puse la dispozi\u021bia lor. Din p\u0103cate, Comisia European\u0103 a adoptat viziunea pe termen lung pentru dezvoltarea rural\u0103 numai dup\u0103 stabilirea programelor de finan\u021bare p\u00e2n\u0103 \u00een 2027. CoR va sprijini aceast\u0103 viziune a Comisiei, dar nu putem a\u0219tepta p\u00e2n\u0103 \u00een 2028! Trebuie s\u0103 reducem acum decalajul dintre zonele rurale \u0219i cele urbane.\u201d<\/em><\/p>\n<p><a href=\"https:\/\/cor.europa.eu\/ro\/members\/Pages\/memberprofile.aspx?MemberId=2037824\"><strong>Eddy van Hijum<\/strong> <\/a>(NL-PPE), raportorul CoR pe tema \u201eStrategia pentru IMM-uri\u201d, a spus: \u201e <em>Noi, autorit\u0103\u021bile locale \u0219i regionale, putem fi parteneri ai Comisiei Europene, fiind \u00een contact cu IMM-urile \u0219i cu autorit\u0103\u021bile noastre de la nivel local, cum sunt camerele de comer\u021b. Dac\u0103 dorim s\u0103 atingem obiectivele stabilite \u0219i s\u0103 devenim mai puternici dup\u0103 pandemia de COVID-19, trebuie s\u0103 fim parteneri \u00een aceast\u0103 tranzi\u021bie. <\/em>De la cele mai mici IMM-uri din regiunile noastre \u0219i p\u00e2n\u0103 la Comisia European\u0103, cu to\u021bii avem un rol de jucat pentru ca tranzi\u021biile s\u0103 dea roade.\u201d<\/p>\n<p>&nbsp;<\/p>\n","protected":false},"excerpt":{"rendered":"<p>Primul Forum la nivel \u00eenalt privind redresarea \u0219i rezilien\u021ba regional\u0103 a f\u0103cut propuneri privind modalit\u0103\u021bile de \u00eembun\u0103t\u0103\u021bire a guvernan\u021bei \u0219i evitarea suprapunerilor cu politica de coeziune. Liderii regionali \u0219i locali s-au reunit la Lipi\u021ba (SI) la 24 septembrie pentru a discuta pe teren despre modalit\u0103\u021bile de realizare \u00een timp util a investi\u021biilor de redresare \u0219i [&hellip;]<\/p>\n","protected":false},"author":1,"featured_media":1106,"comment_status":"open","ping_status":"closed","sticky":false,"template":"","format":"standard","meta":{"_bbp_topic_count":0,"_bbp_reply_count":0,"_bbp_total_topic_count":0,"_bbp_total_reply_count":0,"_bbp_voice_count":0,"_bbp_anonymous_reply_count":0,"_bbp_topic_count_hidden":0,"_bbp_reply_count_hidden":0,"_bbp_forum_subforum_count":0,"footnotes":""},"categories":[84],"tags":[],"_links":{"self":[{"href":"https:\/\/cor.borbolycsaba.ro\/ro\/index.php?rest_route=\/wp\/v2\/posts\/1105"}],"collection":[{"href":"https:\/\/cor.borbolycsaba.ro\/ro\/index.php?rest_route=\/wp\/v2\/posts"}],"about":[{"href":"https:\/\/cor.borbolycsaba.ro\/ro\/index.php?rest_route=\/wp\/v2\/types\/post"}],"author":[{"embeddable":true,"href":"https:\/\/cor.borbolycsaba.ro\/ro\/index.php?rest_route=\/wp\/v2\/users\/1"}],"replies":[{"embeddable":true,"href":"https:\/\/cor.borbolycsaba.ro\/ro\/index.php?rest_route=%2Fwp%2Fv2%2Fcomments&post=1105"}],"version-history":[{"count":1,"href":"https:\/\/cor.borbolycsaba.ro\/ro\/index.php?rest_route=\/wp\/v2\/posts\/1105\/revisions"}],"predecessor-version":[{"id":1107,"href":"https:\/\/cor.borbolycsaba.ro\/ro\/index.php?rest_route=\/wp\/v2\/posts\/1105\/revisions\/1107"}],"wp:featuredmedia":[{"embeddable":true,"href":"https:\/\/cor.borbolycsaba.ro\/ro\/index.php?rest_route=\/wp\/v2\/media\/1106"}],"wp:attachment":[{"href":"https:\/\/cor.borbolycsaba.ro\/ro\/index.php?rest_route=%2Fwp%2Fv2%2Fmedia&parent=1105"}],"wp:term":[{"taxonomy":"category","embeddable":true,"href":"https:\/\/cor.borbolycsaba.ro\/ro\/index.php?rest_route=%2Fwp%2Fv2%2Fcategories&post=1105"},{"taxonomy":"post_tag","embeddable":true,"href":"https:\/\/cor.borbolycsaba.ro\/ro\/index.php?rest_route=%2Fwp%2Fv2%2Ftags&post=1105"}],"curies":[{"name":"wp","href":"https:\/\/api.w.org\/{rel}","templated":true}]}}