{"id":1103,"date":"2021-07-14T11:25:56","date_gmt":"2021-07-14T11:25:56","guid":{"rendered":"https:\/\/cor.borbolycsaba.ro\/ro\/?p=1103"},"modified":"2021-10-25T11:26:58","modified_gmt":"2021-10-25T11:26:58","slug":"echitabil-just-si-realizabil-%e2%80%8e-succesul-pachetului-legislativ-pregatiti-pentru-55-al-ue-depinde-de-implicarea-tuturor-oraselor-si-regiunilor","status":"publish","type":"post","link":"https:\/\/cor.borbolycsaba.ro\/ro\/?p=1103","title":{"rendered":"Echitabil, just \u0219i realizabil: \u200e succesul pachetului legislativ \u201ePreg\u0103ti\u021bi pentru 55\u201d al UE depinde de implicarea tuturor ora\u0219elor \u0219i regiunilor\u00a0"},"content":{"rendered":"<p><strong>Ca r\u0103spuns la pachetul legislativ <\/strong><a href=\"https:\/\/ec.europa.eu\/commission\/presscorner\/detail\/ro\/ip_21_3541\">\u201ePreg\u0103ti\u021bi pentru 55\u201d <\/a><strong>al Comisiei Europene, care urm\u0103re\u0219te reducerea emisiilor de dioxid de carbon din UE cu 55 % p\u00e2n\u0103 \u00een 2030, Comitetul European al Regiunilor (CoR) solicit\u0103 ca noile norme actualizate s\u0103 asigure un rol central \u00een acest sens \u0219i finan\u021bare direct\u0103 pentru ora\u0219e \u0219i regiuni, care au competen\u021ba juridic\u0103 \u0219i proximitatea necesar\u0103 fa\u021b\u0103 de cet\u0103\u021beni \u00een tranzi\u021bia c\u0103tre neutralitatea climatic\u0103.<\/strong><\/p>\n<p>Pachetul privind clima propus ast\u0103zi de Comisia European\u0103 vizeaz\u0103 reducerea emisiilor generate de industrie, cl\u0103diri, transporturi \u0219i utilizarea terenurilor \u0219i va avea implica\u021bii semnificative pentru toate regiunile, \u00eentreprinderile \u0219i cet\u0103\u021benii europeni, transpun\u00e2nd, de asemenea, \u00een practic\u0103 principiul \u201epoluatorul pl\u0103te\u0219te\u201d. Elementul central al pachetului const\u0103 \u00eentr-o viziune re\u00eennoit\u0103 asupra stabilirii pre\u021bului carbonului; important \u00een acest context este ca pachetul s\u0103 contribuie la coeziunea teritorial\u0103. Pachetul trebuie s\u0103 r\u0103spund\u0103 nevoilor fiec\u0103rui teritoriu, s\u0103 sporeasc\u0103 implicarea, alocarea de venituri \u0219i accesul la finan\u021bare direct\u0103 pentru investi\u021biile ecologice \u0219i cheltuielile sociale legate de clim\u0103 pentru autorit\u0103\u021bile locale \u0219i regionale, care sunt responsabile pentru punerea \u00een aplicare a 90\u00a0% din ac\u021biunile de adaptare la schimb\u0103rile climatice \u0219i a 70\u00a0% din ac\u021biunile de atenuare a acestora.<\/p>\n<p><a href=\"https:\/\/cor.europa.eu\/ro\/members\/Pages\/memberprofile.aspx?MemberId=2032166\"><strong>Apostolos Tzitzikostas<\/strong> <\/a>, pre\u0219edintele Comitetului European al Regiunilor \u0219i guvernatorul regiunii Macedonia Central\u0103 din Grecia, a declarat: <em>\u201eTranzi\u021bia Europei c\u0103tre neutralitatea climatic\u0103 va fi realizat\u0103 numai dac\u0103 nevoile oamenilor vor fi puse \u00een centrul preocup\u0103rilor, dac\u0103 se va \u021bine seama de particularit\u0103\u021bile fiec\u0103rui teritoriu \u0219i dac\u0103 nu va fi l\u0103sat\u0103 \u00een urm\u0103 nicio persoan\u0103 sau regiune. Trebuie s\u0103 \u00eencepem prin reducerea birocra\u021biei, asigur\u00e2ndu-ne c\u0103 autorit\u0103\u021bile locale \u0219i regionale din Europa au acces direct la fondurile UE. Europa are nevoie de o redresare verde \u0219i echitabil\u0103, care s\u0103 abordeze urgen\u021ba climatic\u0103, s\u0103 consolideze rezilien\u021ba, s\u0103 sprijine inovarea \u0219i s\u0103 creeze locuri de munc\u0103 la nivel local. \u00cen domeniile \u00een care de\u021bin competen\u021be \u2013 de exemplu \u00een ce prive\u0219te eficien\u021ba energetic\u0103 a cl\u0103dirilor, transportul durabil, protec\u021bia biodiversit\u0103\u021bii \u0219i combaterea s\u0103r\u0103ciei energetice \u2013 trebuie s\u0103 capacit\u0103m ora\u0219ele, regiunile \u0219i to\u021bi cet\u0103\u021benii no\u0219tri \u00een sensul unei acceler\u0103ri a tranzi\u021biei verzi. Acesta este motivul pentru care am lansat o campanie la scar\u0103 european\u0103:<\/em> <a href=\"https:\/\/cor.europa.eu\/ro\/engage\/Pages\/green-deal.aspx?utm_source=SharedLink&amp;utm_medium=ShortURL&amp;utm_campaign=Green%20Deal%20Going%20Local\"><strong><em>Pactul verde la nivel local<\/em><\/strong> <\/a>.\u201d<\/p>\n<p>Primarul ora\u0219ului Sevilla, <a href=\"https:\/\/cor.europa.eu\/ro\/members\/Pages\/memberprofile.aspx?MemberId=2034263\"><strong>Juan Espadas<\/strong> <\/a>(ES-PSE), pre\u0219edintele <a href=\"https:\/\/cor.europa.eu\/ro\/our-work\/Pages\/enve.aspx\"><strong>Comisiei ENVE a CoR<\/strong> <\/a>\u0219i al <a href=\"https:\/\/cor.europa.eu\/ro\/engage\/Pages\/green-deal.aspx\"><strong>Grupului de lucru \u201ePactul verde la nivel local\u201d<\/strong> <\/a>, a declarat: <em>\u201ePachetul \u00abPreg\u0103ti\u021bi pentru 55\u00bb reprezint\u0103 punctul de plecare al unei noi revolu\u021bii climatice.<\/em> <em>El trebuie s\u0103 fie ambi\u021bios, chiar dac\u0103 \u0219tim bine c\u0103 toate acestea vor avea un cost. Realitatea schimb\u0103rilor climatice va afecta fiecare persoan\u0103 \u0219i fiecare teritoriu, dar va afecta mai \u00eent\u00e2i persoanele cele mai vulnerabile din societate. \u00cen ceea ce prive\u0219te locuin\u021bele, mobilitatea, energia \u0219i altele, pentru a fi \u00abPreg\u0103ti\u021bi pentru 55\u00bb, avem un rol important de jucat pentru a ne asigura c\u0103 echitatea \u0219i sprijinul social puternic sunt garantate, astfel \u00eenc\u00e2t niciun cet\u0103\u021bean \u0219i nicio localitate s\u0103 nu fie l\u0103sat\u0103 \u00een urm\u0103.\u201d<\/em><\/p>\n<p>Prin noul pachet legislativ, actualizat, privind energia \u0219i clima, UE urm\u0103re\u0219te reducerea emisiilor cu 55\u00a0% p\u00e2n\u0103 \u00een 2030 \u0219i atingerea unui sold net egal cu zero p\u00e2n\u0103 \u00een 2050. Pachetul \u201ePreg\u0103ti\u021bi pentru 55\u201d este un pilon major al strategiei UE de combatere a schimb\u0103rilor climatice \u0219i de cre\u0219tere economic\u0103. El const\u0103 \u00een 13\u00a0propuneri legislative care abordeaz\u0103 diferite aspecte ale tranzi\u021biei verzi, av\u00e2nd ca piatr\u0103 de temelie o schem\u0103 revitalizat\u0103 de comercializare a certificatelor de emisii. Revizuirea Directivei EU ETS urm\u0103re\u0219te s\u0103 promoveze comercializarea certificatelor de emisii \u00een sectorul construc\u021biilor \u0219i \u00een cel al transportului rutier, \u00een care autorit\u0103\u021bile locale \u0219i regionale dispun at\u00e2t de expertiza, c\u00e2t \u0219i de competen\u021bele necesare pentru a realiza obiectivele Pactului verde european \u0219i o tranzi\u021bie just\u0103 din punct de vedere social.<\/p>\n<p>Regiunile \u0219i ora\u0219ele Europei trebuie s\u0103 fie recunoscute at\u00e2t \u00een cadrul Fondului pentru atenuarea impactului social al ac\u021biunilor climatice, c\u00e2t \u0219i \u00een cadrul Fondului pentru o tranzi\u021bie just\u0103, deoarece centralizarea excesiv\u0103 poate amenin\u021ba coeziunea teritorial\u0103 \u0219i echitatea social\u0103 a tranzi\u021biei verzi. Pachetul \u201ePreg\u0103ti\u021bi pentru 55\u201d se refer\u0103, de asemenea, la eficien\u021ba energetic\u0103 a cl\u0103dirilor, domeniu care, <a href=\"https:\/\/cor.europa.eu\/ro\/news\/Pages\/renovation-wave-CoR-and-Commission-launch-cooperation-to-boost-building-overhaul.aspx\"><strong>\u00een martie 2021<\/strong> <\/a>, a fost lansat\u0103 o cooperare consolidat\u0103 \u00eentre Comitetul European al Regiunilor \u0219i Comisia European\u0103.<\/p>\n<p>Actualiz\u0103ri ale legisla\u021biei UE \u00een vigoare prin pachetul \u201ePreg\u0103ti\u021bi pentru 55\u201d:<\/p>\n<ul>\n<li>Revizuirea sistemului UE de comercializare a certificatelor de emisii (ETS);<\/li>\n<li>Revizuirea Regulamentului privind exploatarea terenurilor, schimbarea destina\u021biei terenurilor \u0219i silvicultura (LULUCF)<\/li>\n<li>Revizuirea Regulamentului privind partajarea eforturilor (ESR)<\/li>\n<li>Modificarea Directivei privind energia din surse regenerabile (RED)<\/li>\n<li>Modificarea Directivei privind eficien\u021ba energetic\u0103 (DEE)<\/li>\n<li>Revizuirea Directivei privind infrastructura pentru combustibili alternativi (AFID)<\/li>\n<li>Modificarea regulamentului de stabilire a standardelor privind emisiile de CO <sub>2<\/sub> pentru autoturisme \u0219i camionete<\/li>\n<li>Revizuirea Directivei privind impozitarea energiei<\/li>\n<\/ul>\n<p>Noi propuneri legislative \u00een cadrul pachetului \u201ePreg\u0103ti\u021bi pentru 55\u201d:<\/p>\n<ul>\n<li>Noua strategie a UE pentru p\u0103duri<\/li>\n<li>Mecanismul de ajustare la frontier\u0103 \u00een func\u021bie de carbon (CBAM)<\/li>\n<li>Fondul pentru atenuarea impactului social al ac\u021biunilor climatice<\/li>\n<li>Ini\u021biativa ReFuelEU \u00een domeniul avia\u021biei \u2013 Combustibili de avia\u021bie deriva\u021bi din surse regenerabile<\/li>\n<li>Ini\u021biativa FuelEU Maritime \u2013 Ecologizarea spa\u021biului maritim al Europei<\/li>\n<\/ul>\n<p>&nbsp;<\/p>\n","protected":false},"excerpt":{"rendered":"<p>Ca r\u0103spuns la pachetul legislativ \u201ePreg\u0103ti\u021bi pentru 55\u201d al Comisiei Europene, care urm\u0103re\u0219te reducerea emisiilor de dioxid de carbon din UE cu 55 % p\u00e2n\u0103 \u00een 2030, Comitetul European al Regiunilor (CoR) solicit\u0103 ca noile norme actualizate s\u0103 asigure un rol central \u00een acest sens \u0219i finan\u021bare direct\u0103 pentru ora\u0219e \u0219i regiuni, care au competen\u021ba [&hellip;]<\/p>\n","protected":false},"author":1,"featured_media":1096,"comment_status":"open","ping_status":"closed","sticky":false,"template":"","format":"standard","meta":{"_bbp_topic_count":0,"_bbp_reply_count":0,"_bbp_total_topic_count":0,"_bbp_total_reply_count":0,"_bbp_voice_count":0,"_bbp_anonymous_reply_count":0,"_bbp_topic_count_hidden":0,"_bbp_reply_count_hidden":0,"_bbp_forum_subforum_count":0,"footnotes":""},"categories":[84],"tags":[],"_links":{"self":[{"href":"https:\/\/cor.borbolycsaba.ro\/ro\/index.php?rest_route=\/wp\/v2\/posts\/1103"}],"collection":[{"href":"https:\/\/cor.borbolycsaba.ro\/ro\/index.php?rest_route=\/wp\/v2\/posts"}],"about":[{"href":"https:\/\/cor.borbolycsaba.ro\/ro\/index.php?rest_route=\/wp\/v2\/types\/post"}],"author":[{"embeddable":true,"href":"https:\/\/cor.borbolycsaba.ro\/ro\/index.php?rest_route=\/wp\/v2\/users\/1"}],"replies":[{"embeddable":true,"href":"https:\/\/cor.borbolycsaba.ro\/ro\/index.php?rest_route=%2Fwp%2Fv2%2Fcomments&post=1103"}],"version-history":[{"count":1,"href":"https:\/\/cor.borbolycsaba.ro\/ro\/index.php?rest_route=\/wp\/v2\/posts\/1103\/revisions"}],"predecessor-version":[{"id":1104,"href":"https:\/\/cor.borbolycsaba.ro\/ro\/index.php?rest_route=\/wp\/v2\/posts\/1103\/revisions\/1104"}],"wp:featuredmedia":[{"embeddable":true,"href":"https:\/\/cor.borbolycsaba.ro\/ro\/index.php?rest_route=\/wp\/v2\/media\/1096"}],"wp:attachment":[{"href":"https:\/\/cor.borbolycsaba.ro\/ro\/index.php?rest_route=%2Fwp%2Fv2%2Fmedia&parent=1103"}],"wp:term":[{"taxonomy":"category","embeddable":true,"href":"https:\/\/cor.borbolycsaba.ro\/ro\/index.php?rest_route=%2Fwp%2Fv2%2Fcategories&post=1103"},{"taxonomy":"post_tag","embeddable":true,"href":"https:\/\/cor.borbolycsaba.ro\/ro\/index.php?rest_route=%2Fwp%2Fv2%2Ftags&post=1103"}],"curies":[{"name":"wp","href":"https:\/\/api.w.org\/{rel}","templated":true}]}}