{"id":1054,"date":"2021-10-08T06:30:29","date_gmt":"2021-10-08T06:30:29","guid":{"rendered":"https:\/\/cor.borbolycsaba.ro\/ro\/?p=1054"},"modified":"2021-10-19T06:31:07","modified_gmt":"2021-10-19T06:31:07","slug":"masurarea-impactului-pandemiei-de-covid-19-asupra-regiunilor-oraselor-si-satelor-din-ue-%e2%80%8e-raportul-barometrul-regional-si-local-pentru-2021-urmeaza-sa-fie-prezentat","status":"publish","type":"post","link":"https:\/\/cor.borbolycsaba.ro\/ro\/?p=1054","title":{"rendered":"M\u0103surarea impactului pandemiei de COVID-19 asupra regiunilor, ora\u0219elor \u0219i satelor din UE: \u200e Raportul \u201eBarometrul regional \u0219i local\u201d pentru 2021 urmeaz\u0103 s\u0103 fie prezentat \u200e \u00een sesiunea plenar\u0103 a CoR (# CoRplenary )"},"content":{"rendered":"<p><em>Alte puncte de pe agenda sesiunii plenare a CoR (#<\/em> <a href=\"https:\/\/twitter.com\/search?q=%23CoRplenary&amp;src=typed_query&amp;f=live\"><strong><em>CoRplenary<\/em><\/strong> <\/a><em>): prim-ministrul sloven Jan\u0161a poart\u0103 o dezbatere cu liderii locali; comisarii UE Sinkevi\u010dius \u0219i Lenar\u010di\u010d discut\u0103 despre eforturile de a promova redresarea verde \u0219i de a \u00eembun\u0103t\u0103\u021bi rezilien\u021ba; vicepre\u0219edinta \u0160uica particip\u0103 la un schimb de opinii pe tema Conferin\u021bei privind viitorul Europei. <\/em><\/p>\n<p><strong>La 12 octombrie, pre\u0219edintele Comitetului European al Regiunilor, <\/strong><a href=\"https:\/\/cor.europa.eu\/ro\/about\/president\"><strong>Apostolos Tzitzikostas<\/strong> <\/a><strong>(EL-PPE), va prezenta<\/strong> <a href=\"https:\/\/cor.europa.eu\/ro\/our-work\/Pages\/EURegionalBarometer-2021.aspx\"><strong>Barometrul regional \u0219i local pentru 2021<\/strong> <\/a><strong>liderilor locali \u0219i vicepre\u0219edintelui Comisiei Europene, Maro\u0161 \u0160ef\u010dovi\u010d. Acest raport cuprinz\u0103tor m\u0103soar\u0103 impactul pandemiei asupra regiunilor, ora\u0219elor \u0219i satelor din UE, oferind constat\u0103ri, date \u0219i cifre esen\u021biale cu privire la consecin\u021bele economice, sociale, sanitare \u0219i digitale.<\/strong> <a href=\"https:\/\/broadcaster.interactio.eu\/join\/p6kb-8pt5-rhr9\"><strong>URM\u0102RI\u021aI \u00ceN DIRECT<\/strong> <\/a><\/p>\n<p>\u00cen acest moment, c\u00e2nd UE \u00ee\u0219i intensific\u0103 eforturile de redresare, prim-ministrul Sloveniei, <strong>Janez Jan\u0161a<\/strong> , va face un bilan\u021b al activit\u0103\u021bii desf\u0103\u0219urate de Pre\u0219edin\u021bia sloven\u0103 a Consiliului Uniunii Europene. \u00cen contextul negocierilor interna\u021bionale din cadrul <a href=\"https:\/\/www.unep.org\/events\/conference\/un-biodiversity-conference-cop-15\"><strong>COP15<\/strong> <\/a>\u0219i <a href=\"https:\/\/ukcop26.org\/\"><strong>COP26<\/strong> <\/a>ale ONU, comisarul european <strong>Virginijus Sinkevi\u010dius<\/strong> \u0219i <strong>Minna Arve<\/strong> , primarul ora\u0219ului Turku \u0219i vicepre\u0219edinta <a href=\"https:\/\/www.iclei.org\/\">ICLEI <\/a>, vor discuta despre eforturile de protejare a biodiversit\u0103\u021bii, de abordare a urgen\u021bei climatice \u0219i de promovare a unei redres\u0103ri verzi.<\/p>\n<p>La 13 octombrie, <a href=\"https:\/\/www.un.org\/en\/observances\/disaster-reduction-day\"><strong>Ziua interna\u021bional\u0103 pentru reducerea riscurilor de dezastre<\/strong> <\/a>, comisarul UE <strong>Janez Lenar\u010di\u010d<\/strong> \u0219i reprezentanta special\u0103 a secretarului general al ONU pentru reducerea riscurilor de dezastre, <a href=\"https:\/\/www.un.org\/sg\/en\/content\/profiles\/mizutori-mami\"><strong>Mami Mizutori<\/strong> <\/a>, vor asculta relat\u0103ri despre impactul dezastrelor recente asupra regiunilor \u0219i ora\u0219elor \u0219i vor discuta despre modalit\u0103\u021bile de a consolida rezilien\u021ba pe plan local .<\/p>\n<p>La 14 octombrie, membrii CoR vor face schimb de opinii cu vicepre\u0219edinta <a href=\"https:\/\/ec.europa.eu\/commission\/commissioners\/2019-2024\/suica_ro\"><strong>Dubravka \u0160uica<\/strong> <\/a>cu privire la Conferin\u021ba privind viitorul Europei .<\/p>\n<p>Sesiunea plenar\u0103 a CoR are loc \u00een timpul <a href=\"https:\/\/europa.eu\/regions-and-cities\/\"><strong>S\u0103pt\u0103m\u00e2nii europene a regiunilor \u0219i ora\u0219elor<\/strong> <\/a>, o manifestare organizat\u0103 \u00een comun de CoR \u0219i Comisia European\u0103. <a href=\"https:\/\/twitter.com\/search?q=%23EURegionsWeek&amp;src=typed_query&amp;f=live\"><strong>#EURegionsWeek<\/strong> <\/a>, care se desf\u0103\u0219oar\u0103 \u00eentre 11 \u0219i 14 octombrie, este cel mai mare eveniment anual din calendarul UE, iar anul acesta se va concentra pe eforturile de asigurare a unei redres\u0103ri verzi \u0219i digitale \u0219i pe sprijinirea contribu\u021biei regiunilor \u0219i ora\u0219elor la Conferin\u021ba privind viitorul Europei.<\/p>\n<p><a href=\"http:\/\/www.cor.europa.eu\/\"><strong>Urm\u0103ri\u021bi sesiunea plenar\u0103 pe site-ul internet al CoR<\/strong> <\/a><\/p>\n<p><strong>12 octombrie: Barometrul regional \u0219i local al UE<\/strong><\/p>\n<p><a href=\"https:\/\/cor.europa.eu\/ro\/about\/president\"><strong>Apostolos Tzitzikostas<\/strong> <\/a>(EL-PPE), pre\u0219edintele Comitetului European al Regiunilor \u0219i guvernatorul Macedoniei Centrale, \u00ee\u0219i va \u021bine discursul privind starea regiunilor, ora\u0219elor \u0219i satelor UE, prezent\u00e2nd <a href=\"https:\/\/cor.europa.eu\/ro\/our-work\/Pages\/EURegionalBarometer-2021.aspx\"><strong>Barometrul regional \u0219i local anual<\/strong> <\/a><a href=\"https:\/\/ec.europa.eu\/commission\/commissioners\/2019-2024\/sefcovic_ro\"><strong>dlui\u00a0Maro\u0161 \u0160ef\u010dovi\u010d<\/strong> <\/a>, vicepre\u0219edinte al Comisiei Europene pentru rela\u021bii interinstitu\u021bionale \u0219i prospectiv\u0103.<\/p>\n<p><strong>12 October: Prim-ministrul sloven Janez Jan\u0161a<\/strong><\/p>\n<p>Sesiunea plenar\u0103 a Comitetului European al Regiunilor \u00eel va avea ca invitat pe <a href=\"https:\/\/www.gov.si\/en\/state-authorities\/prime-minister\/\"><strong>Janez Jan\u0161a<\/strong> <\/a>, prim-ministrul Sloveniei, pentru o discu\u021bie privind priorit\u0103\u021bile Pre\u0219edin\u021biei slovene semestriale a Consiliului Uniunii Europene.<\/p>\n<p><strong>13 octombrie: De la COP15 la COP26: ambi\u021bii sporite, o guvernan\u021b\u0103 consolidat\u0103 pentru biodiversitatea \u0219i clima noastr\u0103 <\/strong><\/p>\n<p><a href=\"https:\/\/ec.europa.eu\/commission\/commissioners\/2019-2024\/sinkevicius_ro\"><strong>Virginijus Sinkevi\u010dius<\/strong> <\/a>, comisarul european pentru mediu, oceane \u0219i pescuit, \u0219i Minna Arve, primarul ora\u0219ului Turku \u0219i vicepre\u0219edinta <a href=\"https:\/\/www.iclei.org\/\">ICLEI <\/a>, vor discuta despre provoc\u0103rile cu care se confrunt\u0103 guvernele pentru a proteja biodiversitatea la nivel mondial \u0219i pentru a aborda situa\u021bia de urgen\u021b\u0103 climatic\u0103.<\/p>\n<p><strong>13 octombrie: Reducerea riscurilor reprezentate de dezastrele naturale<\/strong><\/p>\n<p>Cu ocazia <a href=\"https:\/\/www.un.org\/en\/observances\/disaster-reduction-day\"><strong>Zilei interna\u021bionale pentru reducerea riscurilor de dezastre<\/strong> <\/a>, Comitetul European al Regiunilor \u00eei va avea ca invita\u021bi pe <a href=\"https:\/\/www.un.org\/sg\/en\/content\/profiles\/mizutori-mami\"><strong>Mami Mizutori<\/strong> <\/a>, reprezentanta special\u0103 a secretarului general al ONU pentru reducerea riscurilor de dezastre, \u0219i pe <a href=\"https:\/\/ec.europa.eu\/commission\/commissioners\/2019-2024\/lenarcic_ro\"><strong>Janez Lenar\u010di\u010d<\/strong> <\/a>, comisarul european pentru gestionarea crizelor, care vor analiza ce pot face regiunile \u0219i ora\u0219ele pentru a spori rezilien\u021ba \u0219i a reduce impactul dezastrelor naturale.<\/p>\n<p><strong>14 octombrie: Conferin\u021ba privind viitorul Europei<\/strong><\/p>\n<p><a href=\"https:\/\/ec.europa.eu\/commission\/commissioners\/2019-2024\/suica_ro\"><strong>Dubravka \u0160uica<\/strong> <\/a>, vicepre\u0219edint\u0103 a Comisiei Europene pentru democra\u021bie \u0219i demografie, va oferi perspectiva Comisiei Europene cu privire la Conferin\u021ba privind viitorul Europei \u0219i va face schimb de opinii cu membrii CoR.<\/p>\n<p><strong>PRINCIPALELE DEZBATERI<\/strong><\/p>\n<p><strong>Mar\u021bi, 12 octombrie, ora 15:00:<\/strong> Dezbatere privind Barometrul regional \u0219i local anual, cu participarea <a href=\"https:\/\/cor.europa.eu\/ro\/about\/president\"><strong>dlui\u00a0Apostolos\u00a0Tzitzikostas<\/strong> <\/a>(EL-PPE), pre\u0219edintele Comitetului European al Regiunilor \u0219i guvernatorul Macedoniei Centrale, \u0219i a <a href=\"https:\/\/ec.europa.eu\/commission\/commissioners\/2019-2024\/sefcovic_ro\"><strong>dlui Maro\u0161 \u0160ef\u010dovi\u010d<\/strong> <\/a>, vicepre\u0219edinte al Comisiei Europene pentru rela\u021bii interinstitu\u021bionale \u0219i prospectiv\u0103.<\/p>\n<p><strong>Miercuri, 13 octombrie, ora 10:00: <\/strong>Dezbatere privind priorit\u0103\u021bile Pre\u0219edin\u021biei slovene a Consiliului Uniunii Europene, cu participarea <a href=\"https:\/\/www.gov.si\/en\/state-authorities\/prime-minister\/\"><strong>dlui Janez Jan\u0161a<\/strong> <\/a>, prim-ministrul Sloveniei.<\/p>\n<p><strong>Miercuri, 13 octombrie, ora 15:00: <\/strong>Dezbatere pe tema \u201eAmbi\u021bii sporite, o guvernan\u021b\u0103 consolidat\u0103: liderii \u00ee\u0219i unesc for\u021bele pentru un Pact verde la nivel glocal (global + local)\u201d, cu participarea <a href=\"https:\/\/ec.europa.eu\/commission\/commissioners\/2019-2024\/sinkevicius_ro\"><strong>dlui Virginijus Sinkevi\u010dius<\/strong> <\/a>, comisarul european pentru mediu, oceane \u0219i pescuit \u0219i a dnei Minna\u00a0Arve, primarul ora\u0219ului Turku \u0219i vicepre\u0219edinta <a href=\"https:\/\/www.iclei.org\/\">ICLEI <\/a>.<\/p>\n<p><strong>Miercuri, 13 octombrie, ora 16:00: <\/strong>Dezbatere pe tema \u201eDezastrele naturale: r\u0103spunsul la situa\u021bii de urgen\u021b\u0103 \u0219i consolidarea rezilien\u021bei \u00een ora\u0219e \u0219i regiuni\u201d, cu participarea <a href=\"https:\/\/ec.europa.eu\/commission\/commissioners\/2019-2024\/lenarcic_ro\"><strong>dlui Janez Lenar\u010di\u010d<\/strong> <\/a>, comisarul european pentru gestionarea crizelor, \u0219i a <a href=\"https:\/\/www.un.org\/sg\/en\/content\/profiles\/mizutori-mami\"><strong>dnei Mami Mizutori<\/strong> <\/a>, reprezentanta special\u0103 a Secretarului General al ONU pentru reducerea riscului de dezastre \u0219i \u0219efa Biroului Organiza\u021biei Na\u021biunilor Unite pentru reducerea riscurilor de dezastre (UNDRR).<\/p>\n<p><strong>Joi, 14 octombrie, ora 16:00:<\/strong> Dezbatere pe tema \u201eConferin\u021ba privind viitorul Europei\u201d, cu <a href=\"https:\/\/ec.europa.eu\/commission\/commissioners\/2019-2024\/suica_ro\"><strong>dna\u00a0Dubravka\u00a0\u0160uica<\/strong> <\/a>, vicepre\u0219edint\u0103 a Comisiei Europene, responsabil\u0103 pentru democra\u021bie \u0219i demografie<\/p>\n<p><strong>REZOLU\u021aII<\/strong><\/p>\n<p><strong>privind COP26.<\/strong><\/p>\n<p><strong>privind Barometrul regional \u0219i local anual al UE.<\/strong><\/p>\n<p><strong>AVIZE SPRE ADOPTARE<\/strong><\/p>\n<p><strong>Strategia UE privind drepturile copilului \u0219i Garan\u021bia european\u0103 pentru copii<\/strong> . <em>Raportor:<\/em> <a href=\"https:\/\/cor.europa.eu\/ro\/members\/Pages\/memberprofile.aspx?MemberId=2035414\"><strong><em>Jari Andersson<\/em><\/strong> <\/a><em>(FI-PPE), membru al Consiliului Local Sastamala.<\/em><\/p>\n<p><strong>Identitatea digital\u0103 european\u0103<\/strong> . <em>Raportor-general: <\/em><a href=\"http:\/\/cor.europa.eu\/ro\/members\/Pages\/memberprofile.aspx?MemberId=2025866\"><strong><em>Mark Weinmeister<\/em><\/strong> <\/a><em>(DE-PPE), secretar de stat pentru afaceri europene al landului Hessen.<\/em><\/p>\n<p><strong>Implicarea efectiv\u0103 a autorit\u0103\u021bilor locale \u0219i regionale \u00een preg\u0103tirea acordurilor de parteneriat \u0219i a programelor opera\u021bionale pentru perioada 2021-2027.<\/strong> <em>Raportor: <\/em><a href=\"https:\/\/cor.europa.eu\/ro\/members\/Pages\/memberprofile.aspx?MemberId=2036570\"><strong><em>Juraj Droba<\/em><\/strong> <\/a>(SK-CRE), <em>pre\u0219edintele regiunii Bratislava<\/em> .<\/p>\n<p><strong>Agenda UE privind combaterea terorismului: anticipare, prevenire, protejare \u0219i r\u0103spuns. <\/strong><em>Raportor: <\/em><a href=\"https:\/\/cor.europa.eu\/ro\/Members\/Pages\/memberprofile.aspx?MemberId=2032131\"><strong><em>Karl\u00a0Vanlouwe<\/em><\/strong> <\/a>\u00a0 <em>(BE-AE), membru al Parlamentului flamand<\/em> .<\/p>\n<p><strong>Protec\u021bia indica\u021biilor geografice industriale \u0219i artizanale \u00een Uniunea European\u0103. <\/strong><em>Raportoare: <\/em><a href=\"https:\/\/cor.europa.eu\/ro\/members\/Pages\/memberprofile.aspx?MemberId=2038325\"><strong><em>Martine\u00a0Pinville<\/em><\/strong> <\/a><em>\u00a0(FR<\/em> <em>&#8211;<\/em> <em>PSE), membr\u0103 a Consiliului Regional Noua Aquitanie.<\/em><\/p>\n<p><strong>Planul viitor pentru Noua agend\u0103 a consumatorului \u2013 Consolidarea rezilien\u021bei consumatorilor \u00een vederea unei redres\u0103ri durabile <\/strong>Raportoare: <a href=\"https:\/\/cor.europa.eu\/ro\/members\/Pages\/memberprofile.aspx?MemberId=2038213\"><strong><em>Alexia Bertrand<\/em><\/strong> <\/a><em>(BE-Renew Europe), membr\u0103 a Parlamentului regiunii Bruxelles-Capitale.<\/em><\/p>\n<p><strong>O Uniune a egalit\u0103\u021bii: Strategia privind egalitatea pentru persoanele LGBTIQ\u00a02020-2025 <\/strong><em>Raportoare:<\/em> <a href=\"https:\/\/cor.europa.eu\/ro\/members\/Pages\/memberprofile.aspx?MemberId=2032200\"><strong><em>Kate\u00a0Feeney<\/em><\/strong> <\/a>\u00a0 <em>(IE-RE), membr\u0103 a Consiliului Comitatului Dun Laoghaire Rathdown<\/em> .<\/p>\n<p>&nbsp;<\/p>\n","protected":false},"excerpt":{"rendered":"<p>Alte puncte de pe agenda sesiunii plenare a CoR (# CoRplenary ): prim-ministrul sloven Jan\u0161a poart\u0103 o dezbatere cu liderii locali; comisarii UE Sinkevi\u010dius \u0219i Lenar\u010di\u010d discut\u0103 despre eforturile de a promova redresarea verde \u0219i de a \u00eembun\u0103t\u0103\u021bi rezilien\u021ba; vicepre\u0219edinta \u0160uica particip\u0103 la un schimb de opinii pe tema Conferin\u021bei privind viitorul Europei. La 12 [&hellip;]<\/p>\n","protected":false},"author":1,"featured_media":1055,"comment_status":"open","ping_status":"closed","sticky":false,"template":"","format":"standard","meta":{"_bbp_topic_count":0,"_bbp_reply_count":0,"_bbp_total_topic_count":0,"_bbp_total_reply_count":0,"_bbp_voice_count":0,"_bbp_anonymous_reply_count":0,"_bbp_topic_count_hidden":0,"_bbp_reply_count_hidden":0,"_bbp_forum_subforum_count":0,"footnotes":""},"categories":[84],"tags":[],"_links":{"self":[{"href":"https:\/\/cor.borbolycsaba.ro\/ro\/index.php?rest_route=\/wp\/v2\/posts\/1054"}],"collection":[{"href":"https:\/\/cor.borbolycsaba.ro\/ro\/index.php?rest_route=\/wp\/v2\/posts"}],"about":[{"href":"https:\/\/cor.borbolycsaba.ro\/ro\/index.php?rest_route=\/wp\/v2\/types\/post"}],"author":[{"embeddable":true,"href":"https:\/\/cor.borbolycsaba.ro\/ro\/index.php?rest_route=\/wp\/v2\/users\/1"}],"replies":[{"embeddable":true,"href":"https:\/\/cor.borbolycsaba.ro\/ro\/index.php?rest_route=%2Fwp%2Fv2%2Fcomments&post=1054"}],"version-history":[{"count":1,"href":"https:\/\/cor.borbolycsaba.ro\/ro\/index.php?rest_route=\/wp\/v2\/posts\/1054\/revisions"}],"predecessor-version":[{"id":1056,"href":"https:\/\/cor.borbolycsaba.ro\/ro\/index.php?rest_route=\/wp\/v2\/posts\/1054\/revisions\/1056"}],"wp:featuredmedia":[{"embeddable":true,"href":"https:\/\/cor.borbolycsaba.ro\/ro\/index.php?rest_route=\/wp\/v2\/media\/1055"}],"wp:attachment":[{"href":"https:\/\/cor.borbolycsaba.ro\/ro\/index.php?rest_route=%2Fwp%2Fv2%2Fmedia&parent=1054"}],"wp:term":[{"taxonomy":"category","embeddable":true,"href":"https:\/\/cor.borbolycsaba.ro\/ro\/index.php?rest_route=%2Fwp%2Fv2%2Fcategories&post=1054"},{"taxonomy":"post_tag","embeddable":true,"href":"https:\/\/cor.borbolycsaba.ro\/ro\/index.php?rest_route=%2Fwp%2Fv2%2Ftags&post=1054"}],"curies":[{"name":"wp","href":"https:\/\/api.w.org\/{rel}","templated":true}]}}