{"id":1051,"date":"2021-10-14T06:26:17","date_gmt":"2021-10-14T06:26:17","guid":{"rendered":"https:\/\/cor.borbolycsaba.ro\/ro\/?p=1051"},"modified":"2021-10-19T06:27:02","modified_gmt":"2021-10-19T06:27:02","slug":"liderii-locali-si-regionali-avertizeaza-cu-privire-la-implicarea-redusa-a-regiunilor-si-oraselor-in-noile-programe-ale-politicii-de-coeziune","status":"publish","type":"post","link":"https:\/\/cor.borbolycsaba.ro\/ro\/?p=1051","title":{"rendered":"Liderii locali \u0219i regionali avertizeaz\u0103 cu privire la implicarea redus\u0103 a regiunilor \u0219i ora\u0219elor \u00een noile programe ale politicii de coeziune"},"content":{"rendered":"<p><em>Un parteneriat real \u00eentre diferitele niveluri de guvernan\u021b\u0103 este esen\u021bial pentru identificarea priorit\u0103\u021bilor \u0219i orientarea investi\u021biilor eficiente c\u0103tre teritoriile europene.<\/em><\/p>\n<p><strong>Sesiunea plenar\u0103 a Comitetului European al Regiunilor (CoR) a adoptat avizul privind implicarea efectiv\u0103 a autorit\u0103\u021bilor locale \u0219i regionale \u00een programele politicii de coeziune pentru perioada 2021-2027, elaborat de Juraj Droba (SK-CRE), pre\u0219edintele regiunii Bratislava. \u00cen sprijinul acestui aviz, membrii CoR solicit\u0103 respectarea deplin\u0103 a \u201eprincipiului parteneriatului\u201d \u0219i punerea sa \u00een aplicare \u00een cadrul noilor instrumente finan\u021bate de instrumentul Next Generation EU, cum ar fi Fondul pentru o tranzi\u021bie just\u0103 \u0219i Mecanismul de redresare \u0219i rezilien\u021b\u0103.<\/strong><\/p>\n<p>Cu un total de <a href=\"https:\/\/cohesiondata.ec.europa.eu\/stories\/s\/2021-2027-EU-allocations-available-for-programming\/2w8s-ci3y\/\"><strong>392 de miliarde de EUR pentru perioada 2021-2027<\/strong> <\/a>, politica de coeziune este principala politic\u0103 de investi\u021bii a Uniunii Europene. Acordurile de parteneriat \u0219i programele opera\u021bionale reprezint\u0103 pietrele de temelie ale politicii de coeziune, definind strategiile statelor membre cu privire la modul de utilizare a fondurilor structurale, pentru a consolida coeziunea economic\u0103, social\u0103 \u0219i teritorial\u0103 prin reducerea disparit\u0103\u021bilor dintre regiuni. Pentru a garanta c\u0103 politica de coeziune r\u0103spunde cu succes nevoilor cet\u0103\u021benilor de pe teren, implicarea deplin\u0103 a autorit\u0103\u021bilor locale \u0219i regionale, a partenerilor socioeconomici \u0219i a societ\u0103\u021bii civile \u00een toate etapele preg\u0103tirii \u0219i punerii \u00een aplicare a acestor documente-cheie este de o importan\u021b\u0103 capital\u0103.<\/p>\n<p><a href=\"http:\/\/cor.europa.eu\/ro\/members\/Pages\/memberprofile.aspx?MemberId=2036570\"><strong>Juraj Droba<\/strong> <\/a>(SK-CRE), pre\u0219edintele regiunii Bratislava \u0219i raportor al <a href=\"https:\/\/cor.europa.eu\/ro\/our-work\/Pages\/OpinionTimeline.aspx?opId=CDR-2505-2021\"><strong>avizului<\/strong> <\/a>adoptat \u00een sesiunea plenar\u0103 a CoR, a declarat: \u201e <em>A\u0219 dori s\u0103 subliniez importan\u021ba implic\u0103rii autorit\u0103\u021bilor locale \u0219i regionale \u00een negocierile privind noua perioad\u0103 de programare la nivelul UE.<\/em> <em>Dimensiunea regional\u0103 \u0219i datele solide lipsesc adesea din dezbaterile dintre guverne \u0219i Comisia European\u0103. Prin urmare, vocea regiunilor \u0219i ora\u0219elor trebuie consolidat\u0103.\u201d<\/em><\/p>\n<p>Avizul se bazeaz\u0103 pe rezultatele unui <a href=\"https:\/\/cor.europa.eu\/en\/engage\/studies\/Documents\/Partnership_2021.pdf\"><strong>studiu recent, comandat de CoR<\/strong> <\/a>, care arat\u0103 c\u0103 implicarea partenerilor \u00een preg\u0103tirea noii perioade de programare 2021-27 s-a \u00eembun\u0103t\u0103\u021bit doar u\u0219or \u00een compara\u021bie cu perioada anterioar\u0103 (2014-2020). Studiul a constatat c\u0103 poten\u021bialul parteneriatelor este \u00eenc\u0103 insuficient exploatat \u00eentr-o serie de \u021b\u0103ri, unele autorit\u0103\u021bi locale \u0219i regionale neav\u00e2nd \u00eenc\u0103 o implicare direct\u0103 \u00een toate etapele perioadelor de programare.<\/p>\n<p>Liderii locali \u0219i regionali solicit\u0103 ca principiile parteneriatului s\u0103 fie pe deplin puse \u00een aplicare \u00een cadrul noilor instrumente, cum ar fi <a href=\"https:\/\/ec.europa.eu\/info\/strategy\/priorities-2019-2024\/european-green-deal\/finance-and-green-deal\/just-transition-mechanism_ro\"><strong>Mecanismul pentru o tranzi\u021bie just\u0103<\/strong> <\/a>sau <a href=\"https:\/\/ec.europa.eu\/info\/business-economy-euro\/recovery-coronavirus\/recovery-and-resilience-facility_ro\"><strong>Mecanismul de redresare \u0219i rezilien\u021b\u0103<\/strong> <\/a>(MRR), finan\u021bate \u00een cadrul instrumentului <a href=\"https:\/\/ec.europa.eu\/info\/strategy\/recovery-plan-europe_ro\"><strong>Next Generation EU<\/strong> <\/a>, planul de redresare pentru Europa. \u00cen plus, ei subliniaz\u0103 impactul major pe care Mecanismul de redresare \u0219i rezilien\u021b\u0103 \u00eel va avea asupra politicii de coeziune \u0219i riscul unor posibile suprapuneri \u0219i neconcordan\u021be \u00eentre aceste instrumente, ceea ce ar submina eficacitatea investi\u021biilor UE.<\/p>\n<p>Membrii CoR subliniaz\u0103 c\u0103 diferen\u021bele de calendar \u00een preg\u0103tirea planurilor na\u021bionale de redresare \u0219i rezilien\u021b\u0103 \u0219i a acordurilor de parteneriat pot, \u00een unele cazuri, s\u0103 \u00eempiedice coordonarea institu\u021bional\u0103 eficace \u0219i s\u0103 limiteze g\u0103sirea unor sinergii. Poten\u021biala prioritate a finan\u021b\u0103rii Mecanismului de redresare \u0219i rezilien\u021b\u0103 \u00een raport cu politica de coeziune, ca urmare a presiunii pentru o punere \u00een aplicare \u0219i o absorb\u021bie rapide, poate cauza reducerea activit\u0103\u021bilor de programare \u0219i implementare a politicii de coeziune p\u00e2n\u0103 \u00een 2027, contribuind la \u00eent\u00e2rzieri suplimentare \u0219i dificult\u0103\u021bi \u00een absorb\u021bia acestor fonduri; Prin urmare, ei solicit\u0103 ca principalele documente strategice pentru noua perioad\u0103 de programare s\u0103 fie adoptate f\u0103r\u0103 \u00eent\u00e2rziere, astfel \u00eenc\u00e2t punerea \u00een aplicare s\u0103 poat\u0103 demara c\u00e2t mai cur\u00e2nd posibil.<\/p>\n<p>\u00cen plus, liderii locali avertizeaz\u0103 cu privire la tendin\u021bele de centralizare \u00een programarea \u0219i punerea \u00een aplicare a fondurilor structurale, ca urmare a pandemiei \u0219i a desf\u0103\u0219ur\u0103rii \u00een paralel a dou\u0103 perioade de programare (resursele din programele 2014-20 pot fi cheltuite p\u00e2n\u0103 \u00een 2023).<\/p>\n<p>CoR invit\u0103 Comisia European\u0103 s\u0103 monitorizeze \u00eendeaproape aplicarea principiului parteneriatului, at\u00e2t \u00een negocierile informale cu statele membre, c\u00e2t \u0219i \u00een evaluarea proiectelor de acorduri de parteneriat \u0219i de programe opera\u021bionale, \u0219i s\u0103 ofere recomand\u0103ri statelor membre \u0219i autorit\u0103\u021bilor relevante \u00een vederea \u00eembun\u0103t\u0103\u021birii proceselor de parteneriat;<\/p>\n<p>&nbsp;<\/p>\n","protected":false},"excerpt":{"rendered":"<p>Un parteneriat real \u00eentre diferitele niveluri de guvernan\u021b\u0103 este esen\u021bial pentru identificarea priorit\u0103\u021bilor \u0219i orientarea investi\u021biilor eficiente c\u0103tre teritoriile europene. Sesiunea plenar\u0103 a Comitetului European al Regiunilor (CoR) a adoptat avizul privind implicarea efectiv\u0103 a autorit\u0103\u021bilor locale \u0219i regionale \u00een programele politicii de coeziune pentru perioada 2021-2027, elaborat de Juraj Droba (SK-CRE), pre\u0219edintele regiunii Bratislava. [&hellip;]<\/p>\n","protected":false},"author":1,"featured_media":1052,"comment_status":"open","ping_status":"closed","sticky":false,"template":"","format":"standard","meta":{"_bbp_topic_count":0,"_bbp_reply_count":0,"_bbp_total_topic_count":0,"_bbp_total_reply_count":0,"_bbp_voice_count":0,"_bbp_anonymous_reply_count":0,"_bbp_topic_count_hidden":0,"_bbp_reply_count_hidden":0,"_bbp_forum_subforum_count":0,"footnotes":""},"categories":[84],"tags":[],"_links":{"self":[{"href":"https:\/\/cor.borbolycsaba.ro\/ro\/index.php?rest_route=\/wp\/v2\/posts\/1051"}],"collection":[{"href":"https:\/\/cor.borbolycsaba.ro\/ro\/index.php?rest_route=\/wp\/v2\/posts"}],"about":[{"href":"https:\/\/cor.borbolycsaba.ro\/ro\/index.php?rest_route=\/wp\/v2\/types\/post"}],"author":[{"embeddable":true,"href":"https:\/\/cor.borbolycsaba.ro\/ro\/index.php?rest_route=\/wp\/v2\/users\/1"}],"replies":[{"embeddable":true,"href":"https:\/\/cor.borbolycsaba.ro\/ro\/index.php?rest_route=%2Fwp%2Fv2%2Fcomments&post=1051"}],"version-history":[{"count":1,"href":"https:\/\/cor.borbolycsaba.ro\/ro\/index.php?rest_route=\/wp\/v2\/posts\/1051\/revisions"}],"predecessor-version":[{"id":1053,"href":"https:\/\/cor.borbolycsaba.ro\/ro\/index.php?rest_route=\/wp\/v2\/posts\/1051\/revisions\/1053"}],"wp:featuredmedia":[{"embeddable":true,"href":"https:\/\/cor.borbolycsaba.ro\/ro\/index.php?rest_route=\/wp\/v2\/media\/1052"}],"wp:attachment":[{"href":"https:\/\/cor.borbolycsaba.ro\/ro\/index.php?rest_route=%2Fwp%2Fv2%2Fmedia&parent=1051"}],"wp:term":[{"taxonomy":"category","embeddable":true,"href":"https:\/\/cor.borbolycsaba.ro\/ro\/index.php?rest_route=%2Fwp%2Fv2%2Fcategories&post=1051"},{"taxonomy":"post_tag","embeddable":true,"href":"https:\/\/cor.borbolycsaba.ro\/ro\/index.php?rest_route=%2Fwp%2Fv2%2Ftags&post=1051"}],"curies":[{"name":"wp","href":"https:\/\/api.w.org\/{rel}","templated":true}]}}