{"id":1048,"date":"2021-10-13T06:13:20","date_gmt":"2021-10-13T06:13:20","guid":{"rendered":"https:\/\/cor.borbolycsaba.ro\/ro\/?p=1048"},"modified":"2021-10-19T06:22:19","modified_gmt":"2021-10-19T06:22:19","slug":"liderii-locali-si-regionali-solicita-crearea-unei-noi-etichete-a-ue-pentru-a-proteja-excelenta-industriala-si-artizanala","status":"publish","type":"post","link":"https:\/\/cor.borbolycsaba.ro\/ro\/?p=1048","title":{"rendered":"Liderii locali \u0219i regionali solicit\u0103 crearea unei noi etichete a UE pentru a proteja excelen\u021ba industrial\u0103 \u0219i artizanal\u0103"},"content":{"rendered":"<p><em>Urm\u00e2nd modelul aplicat indica\u021biilor geografice alimentare, noul sistem ar contribui la combaterea contrafacerii \u0219i la protejarea locurilor de munc\u0103 \u0219i a produselor care fac parte din patrimoniul cultural al Europei. <\/em><\/p>\n<p><strong>Un nou sistem la nivelul UE pentru protec\u021bia indica\u021biilor geografice industriale \u0219i artizanale (IGIA), bazat pe modelul de succes utilizat pentru produsele agricole \u0219i alimentare, ar fi benefic at\u00e2t pentru me\u0219te\u0219ugari, c\u00e2t \u0219i pentru economiile locale. Noul sistem ar consolida protec\u021bia juridic\u0103 a produselor de excelen\u021b\u0103, ar contribui la combaterea contrafacerii \u0219i ar crea \u0219i men\u021bine locuri de munc\u0103. Propunerea este inclus\u0103 \u00eentr-un aviz elaborat de dna Martine Pinville, membr\u0103 a Consiliului Regional Nouvelle-Aquitaine, adoptat [\u00een unanimitate]<\/strong> <strong>miercuri, 13 octombrie, \u00een sesiunea plenar\u0103 a Comitetului European al Regiunilor (CoR).<\/strong><\/p>\n<p>Cristalul de Bohemia din Republica Ceh\u0103, cu\u021bit\u0103riile din ora\u0219ul german Solingen, por\u021belanul de Limoges din Fran\u021ba, sticla de Murano din Italia, ceramica din Puente del Arzobispo \u0219i Talavera din Spania sau \u021bes\u0103turile tweed din Donegal din Irlanda sunt doar c\u00e2teva exemple de produse europene care nu sunt doar embleme de tradi\u021bii me\u0219te\u0219ug\u0103re\u0219ti seculare, ci fac parte dintr-o mo\u0219tenire a patrimoniului cultural european bine cunoscut\u0103 \u0219i apreciat\u0103 \u00een UE \u0219i \u00een afara acesteia. Bogata diversitate a artizanatului european poate fi v\u0103zut\u0103 \u00een ora\u0219ele, provinciile \u0219i regiunile sale, \u00een centre de produc\u021bie local\u0103 bazate pe cuno\u0219tin\u021be care au fost adesea transmise din genera\u021bie \u00een genera\u021bie.<\/p>\n<p>\u00cen <a href=\"https:\/\/cor.europa.eu\/ro\/our-work\/Pages\/OpinionTimeline.aspx?opId=CDR-2689-2021\"><strong>avizul<\/strong> <\/a>s\u0103u, adoptat [\u00een unanimitate] \u00een sesiunea plenar\u0103, CoR solicit\u0103 Comisiei Europene s\u0103 elaboreze cadrul juridic pentru protejarea produselor artizanale \u0219i industriale din Europa. \u00cen opinia liderilor locali \u0219i regionali, lipsa de armonizare la nivel european privind indica\u021biile geografice industriale \u0219i artizanale (IGIA) conduce la o varietate de instrumente juridice na\u021bionale, sl\u0103bind astfel protec\u021bia produselor \u0219i a \u00eentreprinderilor.<\/p>\n<p>Raportoarea <a href=\"http:\/\/cor.europa.eu\/ro\/members\/Pages\/memberprofile.aspx?MemberId=2038325\"><strong>Martine Pinville<\/strong> <\/a>(FR-PSE), membr\u0103 a Consiliului Regional Nouvelle-Aquitaine, a declarat: <em>\u201e\u00cen ultimele luni, am putut face schimb de opinii cu reprezentan\u021bi ai IMM-urilor, ai asocia\u021biilor \u0219i ai autorit\u0103\u021bilor publice din \u00eentreaga Europ\u0103, care au convenit cu to\u021bii asupra necesit\u0103\u021bii unui cadru european pentru indica\u021biile geografice industriale \u0219i artizanale (IGIA), a\u0219a cum se \u00eent\u00e2mpl\u0103 deja \u00een cazul indica\u021biilor geografice agricole.<\/em> <em>Protejarea patrimoniului nostru, men\u021binerea valorii ad\u0103ugate \u0219i a locurilor de munc\u0103 \u00eentr-un teritoriu: cu privire la toate aceste aspecte, indica\u021biile geografice pentru produsele industriale \u0219i artizanale vor aduce beneficii cet\u0103\u021benilor din ora\u0219ele \u0219i regiunile noastre. Mobilizarea Comitetului European al Regiunilor este esen\u021bial\u0103 pentru a asigura \u00eenaintarea rapid\u0103 a unei propuneri concrete de c\u0103tre Comisia European\u0103 \u0219i faptul c\u0103 aceasta este adaptat\u0103 la realitatea teritoriilor noastre.<\/em> \u201d<\/p>\n<p>CoR subliniaz\u0103 aspectele economice ale protej\u0103rii IGIA, deoarece acestea sporesc competitivitatea produc\u0103torilor prin cre\u0219terea vizibilit\u0103\u021bii produselor lor, sporind reputa\u021bia acestora \u0219i disponibilitatea consumatorilor de a pl\u0103ti pentru produsele care beneficiaz\u0103 de o garan\u021bie \u00een ceea ce prive\u0219te caracteristicile \u0219i originea lor. Indica\u021biile geografice r\u0103spund cererii \u00een schimbare a consumatorilor: oamenii doresc o mai mare trasabilitate \u0219i transparen\u021b\u0103 \u00een ceea ce prive\u0219te originea \u0219i procesul de fabrica\u021bie a unui produs \u0219i caut\u0103 din ce \u00een ce mai mult produse fabricate la nivel local. Criza provocat\u0103 de pandemia de COVID-19 nu a f\u0103cut dec\u00e2t s\u0103 accentueze aceast\u0103 tendin\u021b\u0103.<\/p>\n<p>\u00cen plus, membrii CoR subliniaz\u0103 c\u0103 leg\u0103tura dintre zona geografic\u0103 \u0219i produs este fundamental\u0103 \u0219i se reflect\u0103 mai ales \u00een importan\u021ba preponderent\u0103 a factorului uman \u0219i a expertizei pentru IGIA. \u00cen unele teritorii, materia prim\u0103 a disp\u0103rut sau nu mai este adecvat\u0103, ceea ce nu a \u00eempiedicat p\u0103strarea \u00eentreprinderilor \u0219i a expertizei sau chiar dezvoltarea lor, put\u00e2nd astfel s\u0103 realizeze produse de \u00eenalt\u0103 calitate;<\/p>\n<p>Sesiunea plenar\u0103 a CoR are loc \u00een timpul celei de-a <a href=\"https:\/\/europa.eu\/regions-and-cities\/\"><strong>19-a S\u0103pt\u0103m\u00e2ni europene a regiunilor \u0219i ora\u0219elor<\/strong> <\/a>, organizat\u0103 \u00een comun de CoR \u0219i Comisia European\u0103, care se desf\u0103\u0219oar\u0103 \u00een perioada 11-14 octombrie.<\/p>\n<p><strong>Context: <\/strong><\/p>\n<p>Este <a href=\"https:\/\/cor.europa.eu\/en\/our-work\/Documents\/Opinions\/EC-Follow-up-February-2015.pdf\"><strong>a doua oar\u0103<\/strong> <\/a>, \u00een \u0219ase ani, c\u00e2nd CoR a solicitat Comisiei Europene s\u0103 elaboreze o propunere de regulament pentru protejarea IGIA \u00een Uniunea European\u0103. Un prim aviz al CoR pe aceast\u0103 tem\u0103, intitulat <em>\u201eExtinderea protec\u021biei indica\u021biilor geografice la produsele neagricole\u201d<\/em> , elaborat de Maria\u00a0Luisa\u00a0Coppola (IT-PPE), a fost adoptat \u00een februarie 2015.<\/p>\n<p>Comisia European\u0103 a anun\u021bat apoi, \u00een <a href=\"https:\/\/ec.europa.eu\/commission\/presscorner\/detail\/ro\/IP_20_2187\"><strong>planul s\u0103u de ac\u021biune privind proprietatea intelectual\u0103<\/strong> <\/a>, adoptat \u00een noiembrie\u00a02020, c\u0103 va analiza fezabilitatea introducerii unui sistem de protec\u021bie a <a href=\"https:\/\/ec.europa.eu\/growth\/industry\/policy\/intellectual-property\/geographical-indications\/non-agricultural-products_ro\"><strong>indica\u021biilor geografice ale UE (IG) pentru produsele neagricole<\/strong> <\/a>(de exemplu, artizanat \u0219i produse industriale). \u00cen consecin\u021b\u0103, a fost lansat\u0103 o consultare public\u0103 pentru a evalua impactul costurilor \u0219i beneficiilor poten\u021biale ale cre\u0103rii unui sistem eficient \u0219i transparent de protec\u021bie a indica\u021biilor geografice \u00een UE; consultarea s-a \u00eencheiat \u00een luna iulie 2021. Scopul a fost cel de a ob\u021bine informa\u021bii detaliate cu privire la problemele cu care se confrunt\u0103 p\u0103r\u021bile interesate relevante, printre altele, \u00een ceea ce prive\u0219te protec\u021bia juridic\u0103 existent\u0103 a produselor neagricole autentice \u00eenr\u0103d\u0103cinate geografic \u00een cadrul pie\u021bei interne; beneficiile \u0219i riscurile m\u0103surilor UE \u0219i op\u021biunile de politic\u0103 disponibile, inclusiv controlul \u0219i punerea \u00een aplicare a unui viitor sistem de protec\u021bie al UE pentru astfel de produse. <a href=\"https:\/\/ec.europa.eu\/docsroom\/documents\/45104\/attachments\/1\/translations\/en\/renditions\/native\"><strong>Feedbackul<\/strong> <\/a>primit la <a href=\"https:\/\/ec.europa.eu\/info\/law\/better-regulation\/have-your-say\/initiatives\/12778-Protectia-la-nivelul-UE-a-indicatiilor-geografice-pentru-produsele-neagricole_ro\"><strong>evaluarea ini\u021bial\u0103 a impactului<\/strong> <\/a>a fost completat de dou\u0103 studii, unul <a href=\"https:\/\/ec.europa.eu\/docsroom\/documents\/14897\/attachments\/2\/translations\/en\/renditions\/native\"><strong>juridic<\/strong> <\/a>\u0219i unul <a href=\"https:\/\/ec.europa.eu\/growth\/content\/study-economic-aspects-geographical-indication-protection-eu-level-non-agricultural-products_ro\"><strong>economic<\/strong> <\/a>. Comisia ar trebui s\u0103 \u00ee\u0219i prezinte propunerea de regulament p\u00e2n\u0103 la sf\u00e2r\u0219itul anului.<\/p>\n<p>&nbsp;<\/p>\n","protected":false},"excerpt":{"rendered":"<p>Urm\u00e2nd modelul aplicat indica\u021biilor geografice alimentare, noul sistem ar contribui la combaterea contrafacerii \u0219i la protejarea locurilor de munc\u0103 \u0219i a produselor care fac parte din patrimoniul cultural al Europei. Un nou sistem la nivelul UE pentru protec\u021bia indica\u021biilor geografice industriale \u0219i artizanale (IGIA), bazat pe modelul de succes utilizat pentru produsele agricole \u0219i alimentare, [&hellip;]<\/p>\n","protected":false},"author":1,"featured_media":1049,"comment_status":"open","ping_status":"closed","sticky":false,"template":"","format":"standard","meta":{"_bbp_topic_count":0,"_bbp_reply_count":0,"_bbp_total_topic_count":0,"_bbp_total_reply_count":0,"_bbp_voice_count":0,"_bbp_anonymous_reply_count":0,"_bbp_topic_count_hidden":0,"_bbp_reply_count_hidden":0,"_bbp_forum_subforum_count":0,"footnotes":""},"categories":[84],"tags":[],"_links":{"self":[{"href":"https:\/\/cor.borbolycsaba.ro\/ro\/index.php?rest_route=\/wp\/v2\/posts\/1048"}],"collection":[{"href":"https:\/\/cor.borbolycsaba.ro\/ro\/index.php?rest_route=\/wp\/v2\/posts"}],"about":[{"href":"https:\/\/cor.borbolycsaba.ro\/ro\/index.php?rest_route=\/wp\/v2\/types\/post"}],"author":[{"embeddable":true,"href":"https:\/\/cor.borbolycsaba.ro\/ro\/index.php?rest_route=\/wp\/v2\/users\/1"}],"replies":[{"embeddable":true,"href":"https:\/\/cor.borbolycsaba.ro\/ro\/index.php?rest_route=%2Fwp%2Fv2%2Fcomments&post=1048"}],"version-history":[{"count":1,"href":"https:\/\/cor.borbolycsaba.ro\/ro\/index.php?rest_route=\/wp\/v2\/posts\/1048\/revisions"}],"predecessor-version":[{"id":1050,"href":"https:\/\/cor.borbolycsaba.ro\/ro\/index.php?rest_route=\/wp\/v2\/posts\/1048\/revisions\/1050"}],"wp:featuredmedia":[{"embeddable":true,"href":"https:\/\/cor.borbolycsaba.ro\/ro\/index.php?rest_route=\/wp\/v2\/media\/1049"}],"wp:attachment":[{"href":"https:\/\/cor.borbolycsaba.ro\/ro\/index.php?rest_route=%2Fwp%2Fv2%2Fmedia&parent=1048"}],"wp:term":[{"taxonomy":"category","embeddable":true,"href":"https:\/\/cor.borbolycsaba.ro\/ro\/index.php?rest_route=%2Fwp%2Fv2%2Fcategories&post=1048"},{"taxonomy":"post_tag","embeddable":true,"href":"https:\/\/cor.borbolycsaba.ro\/ro\/index.php?rest_route=%2Fwp%2Fv2%2Ftags&post=1048"}],"curies":[{"name":"wp","href":"https:\/\/api.w.org\/{rel}","templated":true}]}}