{"id":1045,"date":"2021-10-12T05:53:07","date_gmt":"2021-10-12T05:53:07","guid":{"rendered":"https:\/\/cor.borbolycsaba.ro\/ro\/?p=1045"},"modified":"2021-10-19T05:57:10","modified_gmt":"2021-10-19T05:57:10","slug":"barometrul-regional-si-local-al-ue-avertizeaza-deficitul-de-180-miliarde-eur-cauzat-de-pandemie-va-afecta-serviciile-publice","status":"publish","type":"post","link":"https:\/\/cor.borbolycsaba.ro\/ro\/?p=1045","title":{"rendered":"Barometrul regional \u0219i local al UE avertizeaz\u0103: Deficitul de 180 miliarde EUR cauzat de pandemie va afecta serviciile publice"},"content":{"rendered":"<p><em>Pre\u0219edintele CoR, dl Tzitzikostas, avertizeaz\u0103 cu privire la un deficit de 180 de miliarde de euro \u00een finan\u021bele locale \u0219i critic\u0103 faptul c\u0103 guvernele na\u021bionale nu au consultat autorit\u0103\u021bile locale cu privire la planurile de investi\u021bii<\/em><\/p>\n<p><a href=\"https:\/\/cor.europa.eu\/ro\/our-work\/Pages\/EURegionalBarometer-2021.aspx?utm_source=SharedLink&amp;utm_medium=ShortURL&amp;utm_campaign=Barometer-Save%20the%20Date\"><strong>Barometrul regional \u0219i local<\/strong> <\/a><strong>, elaborat de <\/strong><a href=\"https:\/\/cor.europa.eu\/ro\"><strong>Comitetul European al Regiunilor<\/strong> <\/a><strong>\u0219i publicat ast\u0103zi, avertizeaz\u0103 c\u0103 redresarea UE este subminat\u0103 de e\u0219ecul administra\u021biilor na\u021bionale de a consulta ora\u0219ele \u0219i regiunile cu privire la planurile de redresare de urgen\u021b\u0103 finan\u021bate de UE. Perspectiva ca fondurile UE s\u0103 nu fie direc\u021bionate acolo unde ora\u0219ele \u0219i regiunile consider\u0103 c\u0103 sunt cele mai necesare risc\u0103, de asemenea, s\u0103 exacerbeze problemele cauzate de deficitul de 180 de miliarde EUR \u00eentre cheltuieli \u0219i venituri \u00eenregistrat ca urmare a pandemiei de COVID-19.<\/strong><\/p>\n<p>Al <a href=\"https:\/\/cor.europa.eu\/ro\/our-work\/Pages\/EURegionalBarometer-2021.aspx\"><strong>doilea raport anual<\/strong> <\/a>, care include unul dintre cele mai ample <a href=\"https:\/\/cor.europa.eu\/ro\/our-work\/Pages\/EURegionalBarometer-Survey-2021.aspx\"><strong>sondaje de opinie desf\u0103\u0219urate vreodat\u0103 la nivelul UE \u00een r\u00e2ndul autorit\u0103\u021bilor locale \u0219i regionale<\/strong> <\/a>, eviden\u021biaz\u0103, de asemenea, ad\u00e2ncirea inegalit\u0103\u021bilor sociale \u0219i economice dintre regiunile din aceea\u0219i \u021bar\u0103 \u0219i din \u00eentreaga UE, inclusiv un decalaj digital \u00eentre mediul rural \u0219i cel urban, care submineaz\u0103 ambi\u021biile UE pentru o tranzi\u021bie economic\u0103 verde \u0219i digital\u0103.<\/p>\n<p>\u00cen prezentarea raportului, <a href=\"https:\/\/cor.europa.eu\/ro\/about\/president\/Pages\/President.aspx\"><strong>Apostolos Tzitzikostas<\/strong> <\/a>(EL-PPE), pre\u0219edintele Comitetului European al Regiunilor \u0219i guvernatorul ales al regiunii Macedonia Central\u0103 din Grecia, a declarat: <em>\u201eBarometrul nostru regional \u0219i local m\u0103soar\u0103 impactul pandemiei asupra regiunilor, ora\u0219elor \u0219i satelor noastre, astfel \u00eenc\u00e2t toate nivelurile de guvernan\u021b\u0103 \u2013 UE, na\u021bional, regional \u0219i local \u2013 s\u0103 poat\u0103 lua m\u0103suri concrete pentru a aborda problemele cet\u0103\u021benilor no\u0219tri. De prea multe ori, Europa este asociat\u0103 doar cu cele 27 de state membre ale sale, c\u00e2nd UE este, de fapt, mult mai bogat\u0103: ea \u00eenseamn\u0103 peste 300 de regiuni, 90\u00a0000 de localit\u0103\u021bi \u0219i peste 1,1 milioane de politicieni ale\u0219i la nivel local \u0219i regional, reprezent\u00e2nd peste 400 de milioane de cet\u0103\u021beni.<\/em> <em>Barometrul nostru ofer\u0103 o nou\u0103 perspectiv\u0103 asupra st\u0103rii UE, \u021bin\u00e2nd seama mai bine de diversitatea, complexitatea \u0219i bog\u0103\u021bia Europei.<\/em><\/p>\n<p><strong>Iat\u0103 c\u00e2teva dintre principalele constat\u0103ri ale Barometrului local \u0219i regional:<\/strong><\/p>\n<ul>\n<li><strong>Finan\u021bele regionale \u0219i locale sunt \u00een pericol. <\/strong>Autorit\u0103\u021bilor locale \u0219i regionale le revine sarcina de a furniza cet\u0103\u021benilor lor servicii publice \u0219i de s\u0103n\u0103tate de calitate, \u00eentr-un moment \u00een care banii disponibili nivelului local sunt foarte pu\u021bini. \u00cen \u00eentreaga UE, cre\u0219terea costurilor \u0219i sc\u0103derea veniturilor au l\u0103sat un decalaj de aproximativ 180\u00a0miliarde EUR \u00een 2020, 130 de miliarde fiind pierdute de nivelurile regional \u0219i intermediar, iar 50 de miliarde\u00a0EUR au fost \u00eenregistrate \u00een minus la nivel municipal. UE \u0219i statele membre au datoria de a ajuta urgent autorit\u0103\u021bile locale, inclusiv prin intermediul planurilor na\u021bionale de redresare, s\u0103 absoarb\u0103 \u0219ocurile suferite de finan\u021bele lor.<\/li>\n<\/ul>\n<ul>\n<li><strong>Ignorarea dimensiunii teritoriale a crizei sanitare pune \u00een pericol vie\u021bi omene\u0219ti. <\/strong>Cea mai bun\u0103 modalitate prin care UE \u0219i guvernele na\u021bionale pot accelera redresarea este de a se asigura c\u0103 eforturile lor \u021bin seama pe deplin de particularit\u0103\u021bile regionale \u0219i locale: ignorarea dimensiunii teritoriale a s\u0103n\u0103t\u0103\u021bii pune vie\u021bi \u00een pericol. Pentru a fi mai bine proteja\u021bi, trebuie s\u0103 reevalu\u0103m distribu\u021bia competen\u021belor \u00een materie de s\u0103n\u0103tate \u00eentre diversele niveluri de guvernare. UE ar trebui s\u0103 investeasc\u0103 mai mult \u00een edificarea rezilien\u021bei sistemelor regionale \u0219i s\u0103 coordoneze testele de rezisten\u021b\u0103 la criz\u0103 pentru a evalua gradul lor de preg\u0103tire pentru situa\u021bii de criz\u0103.<\/li>\n<\/ul>\n<ul>\n<li><strong>Regiunile sunt ignorate \u00een planurile na\u021bionale de redresare, pun\u00e2nd \u00een pericol redresarea UE \u0219i obiectivele ecologice.<\/strong> Risc\u0103m s\u0103 nu \u00eendeplinim obiectivele de redresare, deoarece strategiile nu iau \u00een considerare nevoile reale, diversitatea \u0219i disparit\u0103\u021bile din cadrul comunit\u0103\u021bilor noastre. Guvernele na\u021bionale trebuie s\u0103 implementeze planuri \u00eempreun\u0103 cu regiunile \u0219i ora\u0219ele lor. Trebuie s\u0103 fim actori-cheie ai guvernan\u021bei planurilor, date fiind responsabilit\u0103\u021bile noastre \u00een domenii precum achizi\u021biile publice, transporturile, ac\u021biunile climatice, s\u0103n\u0103tatea \u0219i educa\u021bia.<\/li>\n<\/ul>\n<ul>\n<li><strong>Decalajul digital dintre mediul urban \u0219i cel rural poate pune \u00een pericol redresarea: sprijinul pentru \u201ecoeziunea digital\u0103\u201d este imperios necesar<\/strong> . Acoperirea total\u0103 a gospod\u0103riilor din UE cu re\u021bele de foarte mare capacitate este de 44\u00a0% \u00een zonele urbane, comparativ cu 20\u00a0% \u00een zonele rurale. UE \u0219i statele sale membre trebuie s\u0103 investeasc\u0103 de urgen\u021b\u0103, coeziunea digital\u0103 fiind esen\u021bial\u0103 pentru o redresare solid\u0103 \u0219i favorabil\u0103 incluziunii.<\/li>\n<\/ul>\n<ul>\n<li><strong>S\u0103r\u0103cia provocat\u0103 de pandemia de COVID-19 devine o realitate. Cre\u0219te riscul unei genera\u021bii pierdute ca urmare a pandemiei de COVID-19.<\/strong> Tinerii \u0219i lucr\u0103torii slab califica\u021bi au fost cei mai afecta\u021bi. Persoanele care tr\u0103iesc \u00een condi\u021bii precare, cele cu handicap \u0219i cele \u00een v\u00e2rst\u0103 au suferit o \u00eenr\u0103ut\u0103\u021bire a condi\u021biilor de via\u021b\u0103. UE trebuie s\u0103 ac\u021bioneze concret \u0219i solidar, pentru a asigura o redresare mai echitabil\u0103.<\/li>\n<\/ul>\n<ul>\n<li><strong>Politicienii de la nivel regional \u0219i local consider\u0103 c\u0103 nu conteaz\u0103 suficient \u00een UE<\/strong> \u0219i <a href=\"https:\/\/cor.europa.eu\/ro\/our-work\/Pages\/EURegionalBarometer-Survey-2021.aspx\"><strong>doresc s\u0103 aib\u0103 o influen\u021b\u0103 mai mare<\/strong> <\/a>\u00een domenii precum economia, justi\u021bia social\u0103, schimb\u0103rile climatice \u0219i mediul. Ignorarea acestui apel ar fi o gre\u0219eal\u0103 de neiertat \u0219i va ad\u00e2nci decalajul dintre UE \u0219i comunit\u0103\u021bile sale. Avem nevoie de un nou impuls pentru ca democra\u021bia european\u0103 s\u0103 ne consolideze valorile europene. Conferin\u021ba privind viitorul Europei trebuie s\u0103 fie prilejul cu care s\u0103 fie demarat\u0103 o reflec\u021bie real\u0103 cu privire la modelul democratic al UE.<\/li>\n<\/ul>\n<p><strong>CONTEXT<\/strong><\/p>\n<p>Barometrul ofer\u0103 o imagine a impactului crizei sociale, economice \u0219i de s\u0103n\u0103tate asupra regiunilor \u0219i ora\u0219elor din UE. Faptele \u0219i constat\u0103rile sale sunt completate de un sondaj de opinie public\u0103 \u00een r\u00e2ndul politicienilor de la nivel local \u0219i regional din cele 27 de state membre ale UE. Sondajul, comandat de Comitetul European al Regiunilor \u0219i realizat de IPSOS, analizeaz\u0103 opiniile acestor politicieni cu privire la calitatea rela\u021biei dintre guvernele subna\u021bionale \u0219i guvernele na\u021bionale \u0219i UE, la starea democra\u021biei \u00een UE \u0219i la agenda lor de progres.<\/p>\n<p><a href=\"https:\/\/cor.europa.eu\/ro\/our-work\/Pages\/EURegionalBarometer-2021.aspx\"><strong>Barometrul regional \u0219i local anual<\/strong> <\/a>(#EURegionalBarometer) este completat de o <a href=\"https:\/\/memportal.cor.europa.eu\/Handlers\/ViewDoc.ashx?pdf=true&amp;doc=COR-2021-03857-00-02-PRES-TRA-RO.docx\"><strong>rezolu\u021bie politic\u0103<\/strong> <\/a>a celor 329 de membri ai Comitetului European al Regiunilor, adunarea politic\u0103 a UE a autorit\u0103\u021bilor locale \u0219i regionale.<\/p>\n<p><strong>Rezultatele Barometrului regional \u0219i local anual: [linkurile urmeaz\u0103 a fi actualizate]<\/strong><\/p>\n<ul>\n<li>Barometrul regional \u0219i local anual \u2013 <a href=\"https:\/\/cor.europa.eu\/ro\/our-work\/Pages\/EURegionalBarometer-2021.aspx\"><strong>principalele rezultate<\/strong> <\/a><\/li>\n<li>Barometrul regional \u0219i local anual \u2013 <a href=\"https:\/\/cor.europa.eu\/ro\/our-work\/Pages\/EURegionalBarometer-2021.aspx\"><strong>raportul complet<\/strong> <\/a><\/li>\n<li>Barometrul regional \u0219i local anual \u2013 <a href=\"https:\/\/cor.europa.eu\/ro\/our-work\/Pages\/EURegionalBarometer-2021.aspx\"><strong>sondaj de opinie realizat de IPSOS<\/strong> <\/a>(sunt disponibile inclusiv rezultate specifice fiec\u0103rei \u021b\u0103ri)<\/li>\n<\/ul>\n<p>&nbsp;<\/p>\n","protected":false},"excerpt":{"rendered":"<p>Pre\u0219edintele CoR, dl Tzitzikostas, avertizeaz\u0103 cu privire la un deficit de 180 de miliarde de euro \u00een finan\u021bele locale \u0219i critic\u0103 faptul c\u0103 guvernele na\u021bionale nu au consultat autorit\u0103\u021bile locale cu privire la planurile de investi\u021bii Barometrul regional \u0219i local , elaborat de Comitetul European al Regiunilor \u0219i publicat ast\u0103zi, avertizeaz\u0103 c\u0103 redresarea UE este [&hellip;]<\/p>\n","protected":false},"author":1,"featured_media":1046,"comment_status":"open","ping_status":"closed","sticky":false,"template":"","format":"standard","meta":{"_bbp_topic_count":0,"_bbp_reply_count":0,"_bbp_total_topic_count":0,"_bbp_total_reply_count":0,"_bbp_voice_count":0,"_bbp_anonymous_reply_count":0,"_bbp_topic_count_hidden":0,"_bbp_reply_count_hidden":0,"_bbp_forum_subforum_count":0,"footnotes":""},"categories":[84],"tags":[],"_links":{"self":[{"href":"https:\/\/cor.borbolycsaba.ro\/ro\/index.php?rest_route=\/wp\/v2\/posts\/1045"}],"collection":[{"href":"https:\/\/cor.borbolycsaba.ro\/ro\/index.php?rest_route=\/wp\/v2\/posts"}],"about":[{"href":"https:\/\/cor.borbolycsaba.ro\/ro\/index.php?rest_route=\/wp\/v2\/types\/post"}],"author":[{"embeddable":true,"href":"https:\/\/cor.borbolycsaba.ro\/ro\/index.php?rest_route=\/wp\/v2\/users\/1"}],"replies":[{"embeddable":true,"href":"https:\/\/cor.borbolycsaba.ro\/ro\/index.php?rest_route=%2Fwp%2Fv2%2Fcomments&post=1045"}],"version-history":[{"count":1,"href":"https:\/\/cor.borbolycsaba.ro\/ro\/index.php?rest_route=\/wp\/v2\/posts\/1045\/revisions"}],"predecessor-version":[{"id":1047,"href":"https:\/\/cor.borbolycsaba.ro\/ro\/index.php?rest_route=\/wp\/v2\/posts\/1045\/revisions\/1047"}],"wp:featuredmedia":[{"embeddable":true,"href":"https:\/\/cor.borbolycsaba.ro\/ro\/index.php?rest_route=\/wp\/v2\/media\/1046"}],"wp:attachment":[{"href":"https:\/\/cor.borbolycsaba.ro\/ro\/index.php?rest_route=%2Fwp%2Fv2%2Fmedia&parent=1045"}],"wp:term":[{"taxonomy":"category","embeddable":true,"href":"https:\/\/cor.borbolycsaba.ro\/ro\/index.php?rest_route=%2Fwp%2Fv2%2Fcategories&post=1045"},{"taxonomy":"post_tag","embeddable":true,"href":"https:\/\/cor.borbolycsaba.ro\/ro\/index.php?rest_route=%2Fwp%2Fv2%2Ftags&post=1045"}],"curies":[{"name":"wp","href":"https:\/\/api.w.org\/{rel}","templated":true}]}}