{"id":1041,"date":"2021-07-01T07:51:33","date_gmt":"2021-07-01T07:51:33","guid":{"rendered":"https:\/\/cor.borbolycsaba.ro\/ro\/?p=1041"},"modified":"2021-07-05T07:52:20","modified_gmt":"2021-07-05T07:52:20","slug":"conferinta-privind-viitorul-europei-politicienii-alesi-la-nivel-european-national-si-regional-local-ar-trebui-sa-isi-uneasca-eforturile-pentru-consolidarea-modelului-democratic-al-ue","status":"publish","type":"post","link":"https:\/\/cor.borbolycsaba.ro\/ro\/?p=1041","title":{"rendered":"Conferin\u021ba privind viitorul Europei: politicienii ale\u0219i la nivel european, na\u021bional \u0219i regional\/local ar trebui s\u0103 \u00ee\u0219i uneasc\u0103 eforturile pentru consolidarea modelului democratic al UE"},"content":{"rendered":"<p><i><span style=\"font-weight: 400;\">Manfred Weber, Iratxe Garcia Perez \u0219i Guy Verhofstadt \u2013 trei reprezentan\u021bi ai Parlamentului European \u00een Comitetul executiv al Conferin\u021bei privind viitorul Europei \u2013 au discutat cu membrii CoR despre rolul \u0219i contribu\u021bia liderilor locali \u0219i regionali la conferin\u021b\u0103.<\/span><\/i><span style=\"font-weight: 400;\">\u00a0<\/span><\/p>\n<p><b>Politicienii ale\u0219i de la nivel local \u0219i regional, reprezenta\u021bi \u00een UE de CoR, \u0219i membrii Parlamentului European, singura institu\u021bie a UE ai c\u0103rei membri sunt ale\u0219i direct de c\u0103tre cet\u0103\u021beni, ar trebui s\u0103 colaboreze \u00een cadrul Conferin\u021bei privind viitorul Europei. Obiectivul lor comun ar trebui s\u0103 fie acela de a r\u0103spunde apelului cet\u0103\u021benilor privind o Uniune care trebuie s\u0103 fie mai apropiat\u0103 de ei, s\u0103 respecte principiul subsidiarit\u0103\u021bii \u0219i s\u0103 r\u0103spund\u0103 la noile provoc\u0103ri de la nivel global \u0219i local printr-o abordare orientat\u0103 spre viitor. Acesta este mesajul \u00eemp\u0103rt\u0103\u0219it de membrii CoR \u00een cursul celei de-a<\/b> <a href=\"https:\/\/cor.europa.eu\/ro\/events\/Pages\/145th-cor-plenary-session.aspx\"><b>145-a sesiuni plenare a CoR<\/b> <\/a><b>, la care au participat Guy Verhofstadt, Manfred Weber \u0219i Iratxe Garcia Perez, trei reprezentan\u021bi ai Parlamentului European \u00een cadrul Comitetului executiv al Conferin\u021bei. Cei trei deputa\u021bi \u00een Parlamentul European au subliniat c\u0103 membrii CoR sunt alia\u021bi puternici cu care s\u0103 poarte o dezbatere ampl\u0103, cu adev\u0103rat incluziv\u0103, transparent\u0103, echilibrat\u0103 din punct de vedere geografic \u0219i politic privind viitorul Europei.<\/b><span style=\"font-weight: 400;\">\u00a0<\/span><\/p>\n<p><span style=\"font-weight: 400;\">Pre\u0219edintele Comitetului European al Regiunilor, <\/span><a href=\"https:\/\/cor.europa.eu\/ro\/about\/president\/Pages\/president.aspx\"><b>Apostolos Tzitzikostas<\/b> <\/a><span style=\"font-weight: 400;\">, care conduce delega\u021bia CoR la sesiunea plenar\u0103 a conferin\u021bei \u0219i particip\u0103 la \u0219edin\u021bele Comitetului executiv, a declarat: <\/span><i><span style=\"font-weight: 400;\">\u201ePoliticienii ale\u0219i la nivel local \u0219i membrii Parlamentului European au un obiectiv comun: s\u0103 consolideze fiecare parte a Casei Democra\u021biei Europene<\/span><\/i> <i><span style=\"font-weight: 400;\">\u0219i s\u0103 aduc\u0103 Europa mai aproape de cet\u0103\u021benii \u00een serviciul c\u0103rora se afl\u0103<\/span><\/i> <i><span style=\"font-weight: 400;\">.<\/span><\/i> <i><span style=\"font-weight: 400;\">Familiile noastre politice ar trebui s\u0103 \u00ee\u0219i uneasc\u0103 for\u021bele pentru succesul Conferin\u021bei privind viitorul Europei.<\/span><\/i> <i><span style=\"font-weight: 400;\">Noi suntem cei care \u00een\u021beleg nevoile cet\u0103\u021benilor no\u0219tri \u0219i conferim credibilitate democratic\u0103 conferin\u021bei. Viitorul nostru \u00eenseamn\u0103 o Europ\u0103 mai puternic\u0103 \u0219i mai unit\u0103\u201d.<\/span><\/i><span style=\"font-weight: 400;\">\u00a0<\/span><\/p>\n<p><b>Guy Verhofstadt,<\/b><span style=\"font-weight: 400;\"> deputat \u00een Parlamentul European, co-pre\u0219edinte al Comitetului executiv \u0219i coordonator al delega\u021biei Parlamentului European la Conferin\u021ba privind viitorul Europei, a afirmat: <\/span><i><span style=\"font-weight: 400;\">\u201e<\/span><\/i> <a href=\"https:\/\/twitter.com\/hashtag\/CoFoE?src=hashtag_click\"><b>#CoFoE<\/b> <\/a><i><span style=\"font-weight: 400;\">este o curs\u0103 cu \u0219tafet\u0103. Cet\u0103\u021benii care particip\u0103 la mese rotunde vor \u00eencepe prin a defini dorin\u021bele \u0219i recomand\u0103rile lor. Apoi, \u00een cursul mai multor sesiuni plenare, ace\u0219tia vor preda \u0219tafeta \u0219i noi vom formula propuneri concrete de reform\u0103 pe baza recomand\u0103rilor lor. Etapa final\u0103 a acestei curse este aprobarea \u0219i punerea \u00een aplicare a acestor reforme prin intermediul institu\u021biilor noastre democratice. CoR \u00ee\u0219i va aduce contribu\u021bia prin intermediul membrilor s\u0103i care reprezint\u0103 ora\u0219e \u0219i regiuni din \u00eentreaga Uniune European\u0103.\u201d<\/span><\/i><span style=\"font-weight: 400;\">\u00a0<\/span><\/p>\n<p><b>Manfred Weber,<\/b><span style=\"font-weight: 400;\"> pre\u0219edintele Grupului PPE din Parlamentul European \u0219i membru \u00een Comitetul executiv al Conferin\u021bei privind viitorul Europei a spus: \u201e <\/span><i><span style=\"font-weight: 400;\">Ne a\u0219teapt\u0103 un deceniu de schimb\u0103ri majore. \u00cen ceea ce prive\u0219te schimb\u0103rile climatice, locurile de munc\u0103 \u0219i cre\u0219terea economic\u0103, digitalizarea, afacerile sociale, demografia \u0219i migra\u021bia, nu putem a\u0219tepta s\u0103 vin\u0103 urm\u0103toarea criz\u0103 pentru a ne preg\u0103ti pentru viitor. Trebuie s\u0103 ne punem \u00eentrebarea dac\u0103 Uniunea European\u0103 este acum capabil\u0103 din punct de vedere structural s\u0103 ofere r\u0103spunsuri la provoc\u0103rile cu care ne confrunt\u0103m. Cert este c\u0103 trebuie s\u0103 construim o Europ\u0103 care s\u0103 aib\u0103 o capacitate real\u0103 de a ac\u021biona, dar \u0219i o Europ\u0103 mai democratic\u0103, mai apropiat\u0103 de cet\u0103\u021benii s\u0103i, mai aproape de municipalit\u0103\u021bi \u0219i regiuni. CoR, prin intermediul membrilor s\u0103i ale\u0219i, joac\u0103 un rol esen\u021bial \u00een acest sens.<\/span><\/i><span style=\"font-weight: 400;\"> \u201d\u00a0<\/span><\/p>\n<p><b>Iratxe Garcia Perez,<\/b><span style=\"font-weight: 400;\"> pre\u0219edinta Grupului S&amp;D din Parlamentul European \u0219i membr\u0103 a Comitetului executiv al Conferin\u021bei privind viitorul Europei, a ad\u0103ugat: <\/span><i><span style=\"font-weight: 400;\">\u201eConferin\u021ba privind viitorul Europei este o ocazie pe care nu o putem rata de a ne repune \u00een leg\u0103tur\u0103 cu cet\u0103\u021benii \u0219i de a afla ce fel de Uniune \u00ee\u0219i doresc ace\u0219tia. UE nu este construit\u0103 doar prin intermediul institu\u021biilor; ea se construie\u0219te zi de zi prin eforturile fiec\u0103rui ora\u0219 \u0219i fiec\u0103rei regiuni \u0219i toate nivelurile administrative au un rol important.<\/span><\/i> <i><span style=\"font-weight: 400;\">Diversitatea satelor, ora\u0219elor \u0219i regiunilor noastre este bog\u0103\u021bia Europei. Din acest motiv, conferin\u021ba trebuie s\u0103 ajung\u0103 \u00een locuri \u00eendep\u0103rtate de Bruxelles \u0219i s\u0103 asculte toate punctele de vedere. Pentru c\u0103 dorim o Europ\u0103 mai participativ\u0103, cu mai mult\u0103 egalitate \u0219i solidaritate, \u0219i o Europ\u0103 mai feminist\u0103.\u201d<\/span><\/i><span style=\"font-weight: 400;\">\u00a0<\/span><\/p>\n<p><a href=\"https:\/\/cor.europa.eu\/ro\/engage\/Pages\/future-of-europe.aspx\"><b>Delega\u021bia CoR la sesiunea plenar\u0103 a Conferin\u021bei privind viitorul Europei<\/b> <\/a><span style=\"font-weight: 400;\">va contribui astfel:\u00a0<\/span><\/p>\n<p><span style=\"font-weight: 400;\">&#8211; va participa la reuniunile plenului \u0219i ale grupurilor de lucru ale conferin\u021bei;\u00a0<\/span><\/p>\n<p><span style=\"font-weight: 400;\">&#8211; va furniza contribu\u021bii scrise, inclusiv cu sprijinul <\/span><a href=\"https:\/\/cor.europa.eu\/ro\/news\/Pages\/cor-ready-to-bring-conference-on-the-future-of-eu-to-shape-a-better-europe.aspx\"><b>Grupului la nivel \u00eenalt privind democra\u021bia european\u0103<\/b> <\/a><span style=\"font-weight: 400;\">, un organism consultativ independent alc\u0103tuit din \u0219apte \u201e\u00een\u021belep\u021bi\u201d, b\u0103rba\u021bi \u0219i femei, prezidat de fostul pre\u0219edinte al Consiliului European, Herman van Rompuy, a c\u0103rui misiune este de a sprijini rolul politic \u0219i institu\u021bional al CoR prin analize politice strategice axate pe aspectele locale \u0219i regionale. Rezultatele <\/span><a href=\"https:\/\/cor.europa.eu\/ro\/engage\/Pages\/Future-of-Europe-Citizen-survey-results.aspx\"><b>sondajului CoR \u00een r\u00e2ndul cet\u0103\u021benilor pe tema Conferin\u021bei privind viitorul Europei<\/b> <\/a><span style=\"font-weight: 400;\">vor furniza, de asemenea, informa\u021bii pentru contribu\u021bii ;\u00a0<\/span><\/p>\n<p><span style=\"font-weight: 400;\">&#8211; membrii CoR vor participa \u0219i vor organiza dialoguri \u0219i dezbateri \u00een circumscrip\u021biile lor \u0219i vor prezenta rezultatele acestor dialoguri, \u00een cooperare cu Mi\u0219carea European\u0103 Interna\u021bional\u0103 sau cu Forumul European de Tineret, dar \u0219i cu alte organiza\u021bii ale UE, cum ar fi re\u021beaua <\/span><i><span style=\"font-weight: 400;\">Europe Direct<\/span><\/i><span style=\"font-weight: 400;\"> a Comisiei Europene \u0219i proiectul <\/span><i><span style=\"font-weight: 400;\">BELE<\/span><\/i><span style=\"font-weight: 400;\"> al Parlamentului European. \u00cen plus, \u00een toamn\u0103 vor fi organizate dialoguri transna\u021bionale cu cet\u0103\u021benii, <\/span><a href=\"https:\/\/cor.europa.eu\/ro\/engage\/Pages\/CoR-Bertelsmann-Stiftung-project.aspx\"><b>\u00een cooperare cu Funda\u021bia Bertelsmann<\/b> <\/a><span style=\"font-weight: 400;\">;\u00a0<\/span><\/p>\n<p><span style=\"font-weight: 400;\">&#8211; va constitui alian\u021be ale delega\u021bilor care \u00eemp\u0103rt\u0103\u0219esc aceea\u0219i viziune \u00een cadrul conferin\u021bei pentru a promova \u00een comun recomand\u0103ri relevante pentru regiunile, ora\u0219ele \u0219i satele din \u00eentreaga UE;\u00a0<\/span><\/p>\n<p><span style=\"font-weight: 400;\">&#8211; va mobiliza re\u021belele proprii, cum ar fi asocia\u021biile autorit\u0103\u021bilor locale \u0219i regionale din \u00eentreaga UE, <\/span><a href=\"https:\/\/cor.europa.eu\/ro\/engage\/Pages\/network-of-former-members.aspx\"><b>re\u021beaua fo\u0219tilor membri ai CoR<\/b> <\/a><span style=\"font-weight: 400;\">\u0219i <\/span><a href=\"https:\/\/cor.europa.eu\/ro\/engage\/Pages\/Network-of-Regional-and-Local-EU-Councillors.aspx\"><b>re\u021beaua recent lansat\u0103 a consilierilor locali din UE<\/b> <\/a><span style=\"font-weight: 400;\">, <\/span><a href=\"https:\/\/cor.europa.eu\/ro\/our-work\/Pages\/network-of-regional-hubs.aspx\"><b>re\u021beaua de centre regionale<\/b> <\/a><span style=\"font-weight: 400;\">\u0219i <\/span><a href=\"https:\/\/cor.europa.eu\/ro\/engage\/Pages\/cohesion-alliance.aspx\"><b>re\u021beaua Alian\u021bei pentru coeziune<\/b> <\/a><span style=\"font-weight: 400;\">pentru a-i \u00eencuraja pe politicienii de la nivel local \u0219i regional s\u0103 organizeze dezbateri cu cet\u0103\u021benii. Rezultatele acestor consult\u0103ri vor fi prezentate \u00een sesiunea plenar\u0103 a conferin\u021bei.\u00a0<\/span><\/p>\n<p><span style=\"font-weight: 400;\">CoR \u00ee\u0219i va prezenta contribu\u021bia final\u0103 la conferin\u021b\u0103 \u00een cadrul <\/span><b>celui de-al 9-lea Summit european al regiunilor \u0219i ora\u0219elor<\/b><span style=\"font-weight: 400;\"> , care va avea loc \u00een timpul Pre\u0219edin\u021biei franceze a Consiliului, la 3 \u0219i 4 martie 2022.\u00a0<\/span><\/p>\n<p><b>Context:<\/b><span style=\"font-weight: 400;\">\u00a0<\/span><\/p>\n<p><span style=\"font-weight: 400;\">Lansarea Conferin\u021bei privind viitorul Europei a avut loc la 9 mai 2021 la Strasbourg. Este un exerci\u021biu unic de dialog cu cet\u0103\u021benii din toat\u0103 Uniunea European\u0103 cu scopul de a-i implica \u00eentr-o serie de reflec\u021bii \u0219i de a le permite s\u0103 contribuie cu recomand\u0103ri privitoare la modelarea Uniunii Europene \u00een viitorul apropriat; acesta se axeaz\u0103 pe <\/span><b>9 subiecte principale<\/b><span style=\"font-weight: 400;\"> : schimb\u0103rile climatice \u0219i mediul; s\u0103n\u0103tatea; economia; dreptatea social\u0103 \u0219i locurile de munc\u0103; locul UE \u00een lume; valori \u0219i drepturi, statul de drept, securitatea; transformarea digital\u0103; democra\u021bia european\u0103; migra\u021bia; educa\u021bia, cultura, tineretul \u0219i sportul.\u00a0<\/span><\/p>\n<p><span style=\"font-weight: 400;\">\u00cen acest scop, o <\/span><a href=\"https:\/\/futureu.europa.eu\/\"><b>platform\u0103 digital\u0103 multilingv\u0103<\/b> <\/a><span style=\"font-weight: 400;\">permite persoanelor din diferite state membre s\u0103 interac\u021bioneze \u0219i s\u0103-\u0219i discute propunerile, fie \u00een cadrul unor manifest\u0103ri specifice, fie direct pe platform\u0103. Ideile \u0219i recomand\u0103rile care rezult\u0103 din dialogul cu cet\u0103\u021benii trebuie incluse pe aceast\u0103 platform\u0103 pentru a fi luate \u00een considerare \u00een cadrul discu\u021biilor ulterioare. Contribu\u021biile \u0219i ideile vor fi discutate \u00een cadrul adun\u0103rilor cet\u0103\u021bene\u0219ti, care se vor reuni de 14\u00a0ori. Reprezentan\u021bii acestor adun\u0103ri \u00ee\u0219i vor prezenta contribu\u021biile \u00een plenul Conferin\u021bei privind viitorul Europei, care se va reuni de 6 ori p\u00e2n\u0103 la sf\u00e2r\u0219itul procesului de consultare.\u00a0<\/span><\/p>\n<p><span style=\"font-weight: 400;\">Adunarea plenar\u0103 a Conferin\u021bei privind viitorul Europei este alc\u0103tuit\u0103 din 432 de membri: 108 reprezentan\u021bi ai Parlamentului European, 54 din partea Consiliului, 3 din partea Comisiei Europene, 108 reprezentan\u021bi ai parlamentelor na\u021bionale, 80 de reprezentan\u021bi ai grupurilor de dezbatere implic\u00e2nd cet\u0103\u021beni europeni (o treime dintre ace\u0219tia av\u00e2nd sub 25 de ani), pre\u0219edintele Forumului European de Tineret, 27 de reprezentan\u021bi ai grupurilor de dezbatere de la nivel na\u021bional, c\u00e2te 18 reprezentan\u021bi ai CoR \u0219i ai CESE \u0219i c\u00e2te 8 reprezentan\u021bi ai partenerilor sociali \u0219i ai societ\u0103\u021bii civile.\u00a0<\/span><\/p>\n<p><span style=\"font-weight: 400;\">Comitetul executiv al Conferin\u021bei privind viitorul Europei este format din trei reprezentan\u021bi \u0219i maximum patru observatori din partea fiec\u0103rei institu\u021bii a UE. Comisia European\u0103 este reprezentat\u0103 de vicepre\u0219edin\u021bii Maro\u0161\u00a0\u0160ef\u010dovi\u010d, Dubravka \u0160uica \u0219i V\u011bra Jourov\u00e1; Consiliul, reprezentat de pre\u0219edin\u021bia prin rota\u021bie (Slovenia, \u00een a 2-a parte a anului 2021, urmat\u0103 de Fran\u021ba); Parlamentul European (reprezentat de urm\u0103torii deputa\u021bi: Guy Verhofstadt, Manfred\u00a0Weber, Iratxe Garcia Perez). CoR este invitat s\u0103 participe la \u0219edin\u021bele Comitetului executiv. Comitetul executiv supravegheaz\u0103 lucr\u0103rile conferin\u021bei \u0219i preg\u0103te\u0219te reuniunile Plenului conferin\u021bei, inclusiv contribu\u021biile cet\u0103\u021benilor \u0219i ac\u021biunile ulterioare referitoare la acestea. Acesta prezint\u0103 periodic contribu\u021bii pre\u0219edin\u021biei comune a Conferin\u021bei (pre\u0219edin\u021bii Comisiei, Parlamentului European \u0219i Consiliului European). Dup\u0103 discu\u021bii, concluziile la care se va ajunge \u00een plen pe baz\u0103 de consens vor fi prezentate Comitetului executiv. Comitetul executiv va redacta un raport \u00een deplin\u0103 transparen\u021b\u0103 \u0219i \u00een colaborare cu Plenul conferin\u021bei, pe baza concluziilor acestuia din urm\u0103. Raportul va fi publicat pe platforma digital\u0103 multilingv\u0103 \u0219i va fi prezentat Pre\u0219edin\u021biei comune.\u00a0<\/span><\/p>\n<p>&nbsp;<\/p>\n","protected":false},"excerpt":{"rendered":"<p>Manfred Weber, Iratxe Garcia Perez \u0219i Guy Verhofstadt \u2013 trei reprezentan\u021bi ai Parlamentului European \u00een Comitetul executiv al Conferin\u021bei privind viitorul Europei \u2013 au discutat cu membrii CoR despre rolul \u0219i contribu\u021bia liderilor locali \u0219i regionali la conferin\u021b\u0103.\u00a0 Politicienii ale\u0219i de la nivel local \u0219i regional, reprezenta\u021bi \u00een UE de CoR, \u0219i membrii Parlamentului European, [&hellip;]<\/p>\n","protected":false},"author":1,"featured_media":1042,"comment_status":"open","ping_status":"closed","sticky":false,"template":"","format":"standard","meta":{"_bbp_topic_count":0,"_bbp_reply_count":0,"_bbp_total_topic_count":0,"_bbp_total_reply_count":0,"_bbp_voice_count":0,"_bbp_anonymous_reply_count":0,"_bbp_topic_count_hidden":0,"_bbp_reply_count_hidden":0,"_bbp_forum_subforum_count":0,"footnotes":""},"categories":[84],"tags":[],"_links":{"self":[{"href":"https:\/\/cor.borbolycsaba.ro\/ro\/index.php?rest_route=\/wp\/v2\/posts\/1041"}],"collection":[{"href":"https:\/\/cor.borbolycsaba.ro\/ro\/index.php?rest_route=\/wp\/v2\/posts"}],"about":[{"href":"https:\/\/cor.borbolycsaba.ro\/ro\/index.php?rest_route=\/wp\/v2\/types\/post"}],"author":[{"embeddable":true,"href":"https:\/\/cor.borbolycsaba.ro\/ro\/index.php?rest_route=\/wp\/v2\/users\/1"}],"replies":[{"embeddable":true,"href":"https:\/\/cor.borbolycsaba.ro\/ro\/index.php?rest_route=%2Fwp%2Fv2%2Fcomments&post=1041"}],"version-history":[{"count":1,"href":"https:\/\/cor.borbolycsaba.ro\/ro\/index.php?rest_route=\/wp\/v2\/posts\/1041\/revisions"}],"predecessor-version":[{"id":1043,"href":"https:\/\/cor.borbolycsaba.ro\/ro\/index.php?rest_route=\/wp\/v2\/posts\/1041\/revisions\/1043"}],"wp:featuredmedia":[{"embeddable":true,"href":"https:\/\/cor.borbolycsaba.ro\/ro\/index.php?rest_route=\/wp\/v2\/media\/1042"}],"wp:attachment":[{"href":"https:\/\/cor.borbolycsaba.ro\/ro\/index.php?rest_route=%2Fwp%2Fv2%2Fmedia&parent=1041"}],"wp:term":[{"taxonomy":"category","embeddable":true,"href":"https:\/\/cor.borbolycsaba.ro\/ro\/index.php?rest_route=%2Fwp%2Fv2%2Fcategories&post=1041"},{"taxonomy":"post_tag","embeddable":true,"href":"https:\/\/cor.borbolycsaba.ro\/ro\/index.php?rest_route=%2Fwp%2Fv2%2Ftags&post=1041"}],"curies":[{"name":"wp","href":"https:\/\/api.w.org\/{rel}","templated":true}]}}